{"id":1091650,"date":"2026-06-13T14:54:18","date_gmt":"2026-06-13T14:54:18","guid":{"rendered":"https:\/\/www.europesays.com\/de\/1091650\/"},"modified":"2026-06-13T14:54:18","modified_gmt":"2026-06-13T14:54:18","slug":"serientaeter-attackiert-frauen-auf-feldweg-bei-stuttgart","status":"publish","type":"post","link":"https:\/\/www.europesays.com\/de\/1091650\/","title":{"rendered":"Serient\u00e4ter attackiert Frauen auf Feldweg bei Stuttgart"},"content":{"rendered":"<p>18-J\u00e4hriger unter Verdacht <\/p>\n<p>Serient\u00e4ter attackiert Frauen auf Feldweg<\/p>\n<p>13.06.2026 &#8211; 15:53 UhrLesedauer: 2 Min.<\/p>\n<p><a href=\"#focus-0\" class=\"transition-colors block text-current relative\" data-sctrack=\"FocusGalleryImage.Reference\"><img fetchpriority=\"high\" data-testid=\"Opener.Image\"   loading=\"eager\" src=\"https:\/\/www.europesays.com\/de\/wp-content\/uploads\/2026\/06\/nach-sexuellen-angriffen-auf-frauen-in-nuertingen-bei-stuttgart-fahndete-die-polizei-mit-einem-hubsc.jpeg\" alt=\"Nach sexuellen Angriffen auf Frauen in N\u00fcrtingen bei Stuttgart fahndete die Polizei mit einem Hubschrauber.\" title=\"Nach sexuellen Angriffen auf Frauen in N\u00fcrtingen bei Stuttgart fahndete die Polizei mit einem Hubschrauber.\" width=\"2048\" height=\"1152\" class=\"bg-[url:var(--lqipURL)] bg-cover bg-center flex h-full w-full max-w-full\" style=\"--lqipURL:url('https:\/\/images.t-online.de\/2026\/06\/d1pgQ3VRWxIw\/0x71:2048x1152\/fit-in\/150x0\/filters:blur(25)\/nach-sexuellen-angriffen-auf-frauen-in-nuertingen-bei-stuttgart-fahndete-die-polizei-mit-einem-hubschrauber.jpg')\" decoding=\"async\"\/><img loading=\"lazy\" src=\"https:\/\/www.t-online.de\/s\/paper\/_next\/static\/media\/zoom-in.f7dae02f.svg\" alt=\"Vergr\u00f6\u00dfern des Bildes\" title=\"Vergr\u00f6\u00dfern des Bildes\" class=\"block h-[calc(var(--height)_\/_16_*_1rem)] w-[calc(var(--width)_\/_16_*_1rem)] max-w-none absolute right-8 bottom-8 rounded-4 bg-snow p-8\" style=\"--width:32;--height:32\" decoding=\"async\"\/><\/a><\/p>\n<p>Nach sexuellen Angriffen auf Frauen in N\u00fcrtingen bei Stuttgart fahndete die Polizei mit einem Hubschrauber. (Symbolfoto) (Quelle: Wolfram Kastl\/dpa)<\/p>\n<p><img loading=\"lazy\" src=\"https:\/\/www.t-online.de\/s\/paper\/_next\/static\/media\/audio-volume.6689034c.svg\" alt=\"\" title=\"\" class=\"block h-[calc(var(--height)_\/_16_*_1rem)] w-[calc(var(--width)_\/_16_*_1rem)] max-w-none group-hover:brightness-0 group-hover:invert\" style=\"--width:16;--height:16\" decoding=\"async\"\/>Vorlesen<\/p>\n<p>Aktuelle Zeit:0:00Gesamtdauer:0:00<\/p>\n<p>1x<\/p>\n<p class=\"text-center\">Jetzt neu bei t-online:<\/p>\n<p class=\"text-center\">Schriftgr\u00f6\u00dfe anpassen!<\/p>\n<p><img loading=\"lazy\" src=\"https:\/\/www.t-online.de\/s\/paper\/_next\/static\/media\/font-sizes.32942e33.svg\" alt=\"\" title=\"\" class=\"block h-[calc(var(--height)_\/_16_*_1rem)] w-[calc(var(--width)_\/_16_*_1rem)] max-w-none group-hover:hidden group-aria-expanded:hidden\" style=\"--width:16;--height:16\" decoding=\"async\"\/><img loading=\"lazy\" src=\"https:\/\/www.t-online.de\/s\/paper\/_next\/static\/media\/font-sizes-dark-mode.e382645c.svg\" alt=\"\" title=\"\" class=\"block h-[calc(var(--height)_\/_16_*_1rem)] w-[calc(var(--width)_\/_16_*_1rem)] max-w-none hidden group-hover:block group-aria-expanded:block\" style=\"--width:16;--height:16\" decoding=\"async\"\/><img loading=\"lazy\" src=\"https:\/\/www.t-online.de\/s\/paper\/_next\/static\/media\/sharing-menu-icon.1eb71368.svg\" alt=\"\" title=\"\" class=\"block h-[calc(var(--height)_\/_16_*_1rem)] w-[calc(var(--width)_\/_16_*_1rem)] max-w-none group-hover:brightness-0 group-hover:invert\" style=\"--width:16;--height:16\" decoding=\"async\"\/>Artikel teilen<\/p>\n<p class=\"font-bold text-18 leading-17 user-text-lg:text-22 user-text-xl:text-24\">Auf einem Feldweg werden wiederholt Frauen von einem Mann angegriffen. Die Polizei sucht mit Hochdruck nach ihm \u2013 und nimmt nun einen Verd\u00e4chtigen fest.<\/p>\n<p class=\"text-18 leading-17 user-text-lg:text-22 user-text-xl:text-24\">Nach mehreren Angriffen auf Frauen und ein M\u00e4dchen in N\u00fcrtingen in der N\u00e4he von <a class=\"transition-colors cursor-pointer text-inherit no-underline text-salemsfur md:hover:text-magenta md:hover:border-magenta md:focus:text-magenta border-current border-b border-solid break-words\" data-tracking=\"{&quot;action&quot;:&quot;click&quot;,&quot;category&quot;:&quot;intextLink&quot;,&quot;label&quot;:&quot;https:\/\/stuttgart.t-online.de\/region\/stuttgart\/&quot;}\" href=\"https:\/\/stuttgart.t-online.de\/region\/stuttgart\/\" data-sctrack=\"BodyAnchor\" rel=\"nofollow noopener\" target=\"_blank\">Stuttgart<\/a> hat die Polizei einen Tatverd\u00e4chtigen vorl\u00e4ufig festgenommen. Staatsanwaltschaft und Polizei ermitteln wegen des Verdachts mehrerer Sexualdelikte.<\/p>\n<p class=\"text-18 leading-17 user-text-lg:text-22 user-text-xl:text-24\">Der 18-j\u00e4hrige Tatverd\u00e4chtiger wurde am vergangenen Freitag zusammen mit einem Begleiter festgenommen. Der Festnahme gingen umfangreiche Ermittlungs- und Fahndungsma\u00dfnahmen voraus. Neben uniformierten Polizeikr\u00e4ften waren auch verdeckt eingesetzte Beamte beteiligt.<\/p>\n<p class=\"text-18 leading-17 user-text-lg:text-22 user-text-xl:text-24\">Bei seiner Festnahme habe der Teenager Widerstand geleistet, teilte die Polizei mit. Sein zun\u00e4chst ebenfalls vorl\u00e4ufig festgenommener Begleiter sei noch am selben Tag wieder auf freien Fu\u00df gesetzt worden, da keine Hinweise auf eine Tatbeteiligung vorl\u00e4gen.<\/p>\n<ul class=\"text-18 leading-17 block pl-24 *:pb-16 *:before:inline-block *:before:size-8 *:before:bg-magenta *:before:mt-0 *:before:mr-12 *:before:mb-2 *:before:-ml-[20px]\">\n<li><strong class=\"font-bold\">Bluttat an Schule:<\/strong> <a class=\"transition-colors cursor-pointer text-inherit no-underline text-salemsfur md:hover:text-magenta md:hover:border-magenta md:focus:text-magenta border-current border-b border-solid break-words\" data-tracking=\"{&quot;action&quot;:&quot;click&quot;,&quot;category&quot;:&quot;intextLink&quot;,&quot;label&quot;:&quot;\/nachrichten\/panorama\/kriminalitaet\/id_101295338\/oesterreich-lehrer-toetet-kollegin-in-schulbibliothek.html&quot;}\" href=\"https:\/\/www.t-online.de\/nachrichten\/panorama\/kriminalitaet\/id_101295338\/oesterreich-lehrer-toetet-kollegin-in-schulbibliothek.html\" data-sctrack=\"BodyAnchor\" rel=\"nofollow noopener\" target=\"_blank\">Lehrerin in Bibliothek gefunden \u2013 Kollege verd\u00e4chtig<\/a><\/li>\n<li><strong class=\"font-bold\">Unfall bei Gartenarbeiten:<\/strong> <a class=\"transition-colors cursor-pointer text-inherit no-underline text-salemsfur md:hover:text-magenta md:hover:border-magenta md:focus:text-magenta border-current border-b border-solid break-words\" data-tracking=\"{&quot;action&quot;:&quot;click&quot;,&quot;category&quot;:&quot;intextLink&quot;,&quot;label&quot;:&quot;\/nachrichten\/panorama\/menschen-schicksale\/id_101295398\/bagger-klemmt-firmenchef-ein-48-jaehriger-an-hauswand-erdrueckt.html&quot;}\" href=\"https:\/\/www.t-online.de\/nachrichten\/panorama\/menschen-schicksale\/id_101295398\/bagger-klemmt-firmenchef-ein-48-jaehriger-an-hauswand-erdrueckt.html\" data-sctrack=\"BodyAnchor\" rel=\"nofollow noopener\" target=\"_blank\">Bagger klemmt Firmenchef ein \u2013 und erdr\u00fcckt ihn an Hauswand<\/a><\/li>\n<\/ul>\n<p>13-j\u00e4hriges M\u00e4dchen auf Feldweg angegriffen<\/p>\n<p class=\"text-18 leading-17 user-text-lg:text-22 user-text-xl:text-24\">Dem 18-J\u00e4hrigen werden zwei sexuell motivierte Angriffe auf ein 13-j\u00e4hriges M\u00e4dchen und eine 57-j\u00e4hrige Frau sowie sexuelle Bel\u00e4stigungen zweier weiterer Frauen zur Last gelegt.<\/p>\n<p class=\"text-18 leading-17 user-text-lg:text-22 user-text-xl:text-24\">Das 13-j\u00e4hrige Opfer war am vergangenen Mittwoch zwischen 13.45 Uhr und 14.30 Uhr auf einem Feldweg von einem Mann attackiert worden. Nach dem ver\u00fcbten Sexualdelikt fl\u00fcchtete der Unbekannte zu Fu\u00df in Richtung N\u00fcrtingen. Am Donnerstag gegen 12.50 Uhr wurde an derselben Stelle zudem eine 57 Jahre alte Radfahrerin angegriffen.<\/p>\n<p class=\"text-18 leading-17 user-text-lg:text-22 user-text-xl:text-24\">Trotz einer Gro\u00dffahndung, bei der auch ein Polizeihubschrauber eingesetzt wurde, gelang dem Angreifer nach beiden Vorf\u00e4llen zun\u00e4chst die Flucht.<\/p>\n<p>Zwei weitere \u00dcbergriffe werden gemeldet<\/p>\n<p class=\"text-18 leading-17 user-text-lg:text-22 user-text-xl:text-24\">Im Laufe des Donnerstags wurden zwei weitere m\u00f6gliche Taten bekannt, die die Ermittler demselben Mann zurechnen. Eine 47-J\u00e4hrige meldete sich nach den Medienberichten \u00fcber die Angriffe beim Polizeirevier N\u00fcrtingen. Nach ihren Angaben war sie am Mittwochnachmittag, kurz vor dem Angriff auf die 13-J\u00e4hrige, an derselben Stelle von einem Unbekannten verbal bel\u00e4stigt und zu sexuellen Handlungen aufgefordert worden.<\/p>\n<p class=\"text-18 leading-17 user-text-lg:text-22 user-text-xl:text-24\">Au\u00dferdem ging bei der Polizei eine Online-Anzeige ein. Demnach soll ein unbekannter Radfahrer am Donnerstag gegen 12 Uhr eine 35 Jahre alte Fu\u00dfg\u00e4ngerin beim Vorbeifahren unsittlich ber\u00fchrt haben.<\/p>\n<p>DNA-Spuren belasten 18-J\u00e4hrigen<\/p>\n<p class=\"text-18 leading-17 user-text-lg:text-22 user-text-xl:text-24\">Bei der Kriminalpolizeidirektion Esslingen war nach den Vorf\u00e4llen eine 25-k\u00f6pfige Ermittlungsgruppe eingerichtet worden. Sie arbeitete an der Identifizierung des Unbekannten und der Aufkl\u00e4rung der Taten.<\/p>\n<p class=\"text-18 leading-17 user-text-lg:text-22 user-text-xl:text-24\">Ermittlungen nach der Festnahme haben den Tatverdacht gegen den jungen Mann erh\u00e4rtet: Molekulargenetische Untersuchungen ergaben nach Polizeiangaben eine DNA-\u00dcbereinstimmung zwischen dem 18-J\u00e4hrigen und gesicherten Spuren.<\/p>\n","protected":false},"excerpt":{"rendered":"18-J\u00e4hriger unter Verdacht Serient\u00e4ter attackiert Frauen auf Feldweg 13.06.2026 &#8211; 15:53 UhrLesedauer: 2 Min. Nach sexuellen Angriffen auf&hellip;\n","protected":false},"author":2,"featured_media":1091651,"comment_status":"","ping_status":"","sticky":false,"template":"","format":"standard","meta":{"footnotes":"","_share_on_mastodon":"0"},"categories":[1830],"tags":[1434,522,1634,3364,29,980,30,112986,2954,6204,12082,121,966,1997,1441,8110],"class_list":["post-1091650","post","type-post","status-publish","format-standard","has-post-thumbnail","category-stuttgart","tag-1434","tag-522","tag-baden-wuerttemberg","tag-de","tag-deutschland","tag-festnahme","tag-germany","tag-hochdruck","tag-hubschrauber","tag-lehrkraefte","tag-nuertingen","tag-polizei","tag-schule","tag-staatsanwaltschaft","tag-stuttgart","tag-symbolfoto"],"share_on_mastodon":{"url":"https:\/\/pubeurope.com\/@de\/116743377675094280","error":""},"_links":{"self":[{"href":"https:\/\/www.europesays.com\/de\/wp-json\/wp\/v2\/posts\/1091650","targetHints":{"allow":["GET"]}}],"collection":[{"href":"https:\/\/www.europesays.com\/de\/wp-json\/wp\/v2\/posts"}],"about":[{"href":"https:\/\/www.europesays.com\/de\/wp-json\/wp\/v2\/types\/post"}],"author":[{"embeddable":true,"href":"https:\/\/www.europesays.com\/de\/wp-json\/wp\/v2\/users\/2"}],"replies":[{"embeddable":true,"href":"https:\/\/www.europesays.com\/de\/wp-json\/wp\/v2\/comments?post=1091650"}],"version-history":[{"count":0,"href":"https:\/\/www.europesays.com\/de\/wp-json\/wp\/v2\/posts\/1091650\/revisions"}],"wp:featuredmedia":[{"embeddable":true,"href":"https:\/\/www.europesays.com\/de\/wp-json\/wp\/v2\/media\/1091651"}],"wp:attachment":[{"href":"https:\/\/www.europesays.com\/de\/wp-json\/wp\/v2\/media?parent=1091650"}],"wp:term":[{"taxonomy":"category","embeddable":true,"href":"https:\/\/www.europesays.com\/de\/wp-json\/wp\/v2\/categories?post=1091650"},{"taxonomy":"post_tag","embeddable":true,"href":"https:\/\/www.europesays.com\/de\/wp-json\/wp\/v2\/tags?post=1091650"}],"curies":[{"name":"wp","href":"https:\/\/api.w.org\/{rel}","templated":true}]}}