{"id":1091682,"date":"2026-06-13T15:10:17","date_gmt":"2026-06-13T15:10:17","guid":{"rendered":"https:\/\/www.europesays.com\/de\/1091682\/"},"modified":"2026-06-13T15:10:17","modified_gmt":"2026-06-13T15:10:17","slug":"auktion-44-millionen-fuer-kandinsky-bei-ketterer-in-muenchen","status":"publish","type":"post","link":"https:\/\/www.europesays.com\/de\/1091682\/","title":{"rendered":"Auktion: 4,4 Millionen f\u00fcr Kandinsky bei Ketterer in M\u00fcnchen"},"content":{"rendered":"<p>F\u00fcr 4,4 Millionen Euro : <\/p>\n<p>Kandinsky-Gem\u00e4lde erfolgreich in M\u00fcnchen versteigert<\/p>\n<p>13.06.2026, 14:56Lesezeit: 1 Min.<\/p>\n<p><img decoding=\"async\" alt=\"Vorab taxiert auf zwei bis drei Millionen Euro: Wassily Kandinsky, \u201eVilla Seeburg am Staffelsee\u201c, 1911, \u00d6l auf Malpappe, 33 mal 45 Zentimeter\" fetchpriority=\"high\" height=\"7890\" loading=\"eager\"  src=\"https:\/\/www.europesays.com\/de\/wp-content\/uploads\/2026\/06\/vorab-taxiert-auf-zwei-bis.webp\" width=\"10628\" class=\"flex h-auto w-full\" tabindex=\"0\" data-selector=\"header-teaser-image\"\/>Bildbeschreibung ausklappen<\/p>\n<p>Vorab taxiert auf zwei bis drei Millionen Euro: Wassily Kandinsky, \u201eVilla Seeburg am Staffelsee\u201c, 1911, \u00d6l auf Malpappe, 33 mal 45 ZentimeterKetterer Kunst<\/p>\n<p class=\"xs:p1-intro sm:p1-intro-medium flex items-start gap-[10px] pb-[30px]\" data-external-selector=\"header-teaser\">Millionenversteigerung bei Ketterer in M\u00fcnchen: Ein erst k\u00fcrzlich Wassily Kandinsky neu zugeschriebenes Gem\u00e4lde findet nach einem Bietergefecht zum verdoppelten Sch\u00e4tzpreis einen neuen Besitzer in der Schweiz.<\/p>\n","protected":false},"excerpt":{"rendered":"F\u00fcr 4,4 Millionen Euro : Kandinsky-Gem\u00e4lde erfolgreich in M\u00fcnchen versteigert 13.06.2026, 14:56Lesezeit: 1 Min. Bildbeschreibung ausklappen Vorab taxiert&hellip;\n","protected":false},"author":2,"featured_media":1091683,"comment_status":"","ping_status":"","sticky":false,"template":"","format":"standard","meta":{"footnotes":"","_share_on_mastodon":"0"},"categories":[1775],"tags":[1793,29,214,30,1794,215],"class_list":["post-1091682","post","type-post","status-publish","format-standard","has-post-thumbnail","category-kunst-und-design","tag-art-and-design","tag-deutschland","tag-entertainment","tag-germany","tag-kunst-und-design","tag-unterhaltung"],"share_on_mastodon":{"url":"https:\/\/pubeurope.com\/@de\/116743441467434812","error":""},"_links":{"self":[{"href":"https:\/\/www.europesays.com\/de\/wp-json\/wp\/v2\/posts\/1091682","targetHints":{"allow":["GET"]}}],"collection":[{"href":"https:\/\/www.europesays.com\/de\/wp-json\/wp\/v2\/posts"}],"about":[{"href":"https:\/\/www.europesays.com\/de\/wp-json\/wp\/v2\/types\/post"}],"author":[{"embeddable":true,"href":"https:\/\/www.europesays.com\/de\/wp-json\/wp\/v2\/users\/2"}],"replies":[{"embeddable":true,"href":"https:\/\/www.europesays.com\/de\/wp-json\/wp\/v2\/comments?post=1091682"}],"version-history":[{"count":0,"href":"https:\/\/www.europesays.com\/de\/wp-json\/wp\/v2\/posts\/1091682\/revisions"}],"wp:featuredmedia":[{"embeddable":true,"href":"https:\/\/www.europesays.com\/de\/wp-json\/wp\/v2\/media\/1091683"}],"wp:attachment":[{"href":"https:\/\/www.europesays.com\/de\/wp-json\/wp\/v2\/media?parent=1091682"}],"wp:term":[{"taxonomy":"category","embeddable":true,"href":"https:\/\/www.europesays.com\/de\/wp-json\/wp\/v2\/categories?post=1091682"},{"taxonomy":"post_tag","embeddable":true,"href":"https:\/\/www.europesays.com\/de\/wp-json\/wp\/v2\/tags?post=1091682"}],"curies":[{"name":"wp","href":"https:\/\/api.w.org\/{rel}","templated":true}]}}