{"id":1091792,"date":"2026-06-13T16:14:16","date_gmt":"2026-06-13T16:14:16","guid":{"rendered":"https:\/\/www.europesays.com\/de\/1091792\/"},"modified":"2026-06-13T16:14:16","modified_gmt":"2026-06-13T16:14:16","slug":"prozess-in-duesseldorf-is-rueckkehrerin-belastet-angeklagte-schwer","status":"publish","type":"post","link":"https:\/\/www.europesays.com\/de\/1091792\/","title":{"rendered":"Prozess in D\u00fcsseldorf: IS-R\u00fcckkehrerin belastet Angeklagte schwer"},"content":{"rendered":"<p class=\"text_ohne_einzug richtext text-em-55 !leading-serif mx-6 desktop:mx-0\">Sie k\u00f6nnten unterschiedlicher kaum auftreten: Jennifer W., wegen Verbrechen gegen die Menschlichkeit zu 14 Jahren Haft verurteilte \u201eIS-R\u00fcckkehrerin\u201c und Nadine D., die sich wegen Unterst\u00fctzung der Terrormiliz derzeit vor dem D\u00fcsseldorfer Oberlandesgericht verantworten muss. D. kam auch am Freitag wieder im strenggl\u00e4ubigen Ornat: langer Rock, lange \u00c4rmel, Kopftuch bis in die Stirn gezogen. Jennifer W. dagegen, ganz in Schwarz und mit schwarz gef\u00e4rbten offenen Haaren, sagte, sie habe mit dem Islam nichts mehr zu tun.<\/p>\n","protected":false},"excerpt":{"rendered":"Sie k\u00f6nnten unterschiedlicher kaum auftreten: Jennifer W., wegen Verbrechen gegen die Menschlichkeit zu 14 Jahren Haft verurteilte \u201eIS-R\u00fcckkehrerin\u201c&hellip;\n","protected":false},"author":2,"featured_media":1091793,"comment_status":"","ping_status":"","sticky":false,"template":"","format":"standard","meta":{"footnotes":"","_share_on_mastodon":"0"},"categories":[1831],"tags":[150232,3364,29,3405,69762,30,58423,1209,78581,14831,84556],"class_list":["post-1091792","post","type-post","status-publish","format-standard","has-post-thumbnail","category-duesseldorf","tag-belastet","tag-de","tag-deutschland","tag-duesseldorf","tag-duesseldorferin","tag-germany","tag-nadine","tag-nordrhein-westfalen","tag-scharia","tag-terrorverdacht","tag-zeugin"],"share_on_mastodon":{"url":"https:\/\/pubeurope.com\/@de\/116743691761094412","error":""},"_links":{"self":[{"href":"https:\/\/www.europesays.com\/de\/wp-json\/wp\/v2\/posts\/1091792","targetHints":{"allow":["GET"]}}],"collection":[{"href":"https:\/\/www.europesays.com\/de\/wp-json\/wp\/v2\/posts"}],"about":[{"href":"https:\/\/www.europesays.com\/de\/wp-json\/wp\/v2\/types\/post"}],"author":[{"embeddable":true,"href":"https:\/\/www.europesays.com\/de\/wp-json\/wp\/v2\/users\/2"}],"replies":[{"embeddable":true,"href":"https:\/\/www.europesays.com\/de\/wp-json\/wp\/v2\/comments?post=1091792"}],"version-history":[{"count":0,"href":"https:\/\/www.europesays.com\/de\/wp-json\/wp\/v2\/posts\/1091792\/revisions"}],"wp:featuredmedia":[{"embeddable":true,"href":"https:\/\/www.europesays.com\/de\/wp-json\/wp\/v2\/media\/1091793"}],"wp:attachment":[{"href":"https:\/\/www.europesays.com\/de\/wp-json\/wp\/v2\/media?parent=1091792"}],"wp:term":[{"taxonomy":"category","embeddable":true,"href":"https:\/\/www.europesays.com\/de\/wp-json\/wp\/v2\/categories?post=1091792"},{"taxonomy":"post_tag","embeddable":true,"href":"https:\/\/www.europesays.com\/de\/wp-json\/wp\/v2\/tags?post=1091792"}],"curies":[{"name":"wp","href":"https:\/\/api.w.org\/{rel}","templated":true}]}}