{"id":1091806,"date":"2026-06-13T16:21:16","date_gmt":"2026-06-13T16:21:16","guid":{"rendered":"https:\/\/www.europesays.com\/de\/1091806\/"},"modified":"2026-06-13T16:21:16","modified_gmt":"2026-06-13T16:21:16","slug":"muenchen-adfc-fahrraddemo-am-14-juni-informationen-uebersicht-einschraenkungen","status":"publish","type":"post","link":"https:\/\/www.europesays.com\/de\/1091806\/","title":{"rendered":"M\u00fcnchen: ADFC Fahrraddemo am 14. Juni \u2013 Informationen, \u00dcbersicht, Einschr\u00e4nkungen"},"content":{"rendered":"<p class=\"mb-6 text-xs-varying md:text-m lg:text-l font-serif group-[.font-sans]:font-sans \">\n    Mit dem Fahrrad unterwegs zu sein, <a href=\"https:\/\/www.augsburger-allgemeine.de\/illertissen\/schwerer-unfall-in-bellenberg-radfahrer-wird-von-muellauto-erfasst-und-schwer-verletzt-114328326\" target=\"_self\" class=\"underline \" rel=\"nofollow noopener\">ist in St\u00e4dten nicht immer ungef\u00e4hrlich.<\/a> Der ADFC (Allgemeiner Deutscher Fahrrad-Club) <a href=\"https:\/\/www.augsburger-allgemeine.de\/orte\/aa-muenchen\" target=\"_self\" class=\"underline \" rel=\"nofollow noopener\">M\u00fcnchen<\/a> fordert deshalb, dass das Fahrradfahren in M\u00fcnchen sicherer wird \u2013 <a href=\"https:\/\/www.augsburger-allgemeine.de\/schwabmuenchen\/langerringen-fahrradunfall-siebenjaehriger-junge-leicht-verletzt-114239565\" target=\"_self\" class=\"underline \" rel=\"nofollow noopener\">vor allem f\u00fcr Kinder.<\/a> Deshalb organisiert der ADFC am Sonntag, 14. Juni, eine Fahrraddemonstration, auch Radsternfahrt genannt. Wer an der Aktion teilnehmen kann und wie sich die Fahrraddemo auf den M\u00fcnchner Verkehr auswirken wird.\n  <\/p>\n<p>            ADFC-Radsternfahrt: Das sind die Forderungen der Demonstrierenden<\/p>\n<p class=\"mb-6 text-xs-varying md:text-m lg:text-l font-serif group-[.font-sans]:font-sans \">\n    Das diesj\u00e4hrige Motto der Demonstration lautet \u201eDie Zukunft f\u00e4hrt Rad\u201c. Der Blick liege laut dem ADFC auf guten und sicheren Radverkehrsbedingungen\u00a0\u2013 vor allem f\u00fcr Kinder, die auf ihren Fahrr\u00e4dern unterwegs sind. Andreas Sch\u00f6n, 1. Vorsitzender des ADFC M\u00fcnchen sagt dazu: \u201eNur mit einer gut ausgebauten Radverkehrsinfrastruktur k\u00f6nnen Kinder im fr\u00fchen Alter unbeschwert Fahrrad fahren lernen. Selber in die Pedale treten, mit dem Rad zur Schule fahren und schlie\u00dflich mit Freunden die ersten Runden drehen \u2013 das sind Meilensteine in der Entwicklung von Kindern. Auch die Kleinsten m\u00fcssen selbstverst\u00e4ndlich und sicher auf dem Fahrrad unterwegs sein k\u00f6nnen.\u201c\n  <\/p>\n<p class=\"mb-6 text-xs-varying md:text-m lg:text-l font-serif group-[.font-sans]:font-sans \">\n    Hintergrund der Demonstration ist laut dem ADFC, dass die unsicheren Bedingungen f\u00fcr Fahrradfahrer auf den Stra\u00dfen das gr\u00f6\u00dfte Hemmnis f\u00fcr Menschen seien, ihr Fahrrad zu nutzen. Der Anteil an Fahrradfahrern an allen Verkehrsopfern steige.\n  <\/p>\n<p class=\"mb-6 text-xs-varying md:text-m lg:text-l font-serif group-[.font-sans]:font-sans \">\n    Deshalb stellt der ADFC in seiner Mitteilung mehrere Forderungen f\u00fcr sichere Radwege:\n  <\/p>\n<ul rel=\"\" class=\"[&amp;&gt;li]:relative list-none  [&amp;&gt;li]:pl-[1.2em] [&amp;&gt;li]:marker:text-[0] [&amp;&gt;li]:relative [&amp;&gt;li]:before:absolute [&amp;&gt;li]:before:w-3 [&amp;&gt;li]:before:h-3 [&amp;&gt;li]:before:bg-brand [&amp;&gt;li]:before:left-0 [&amp;&gt;li]:before:top-[8px] [&amp;&gt;li]:before:rounded-full  my-5\">\n<li class=\" mb-3 text-xs md:text-m lg:text-l\">Sichere, vom Kfz-Verkehr getrennte Radwege.<\/li>\n<li class=\" mb-3 text-xs md:text-m lg:text-l\">L\u00fcckenlose Radwegenetze ohne gef\u00e4hrliche Unterbrechungen.<\/li>\n<li class=\" mb-3 text-xs md:text-m lg:text-l\">Gesch\u00fctzte Kreuzungen, die Kinder sicher \u00fcberqueren k\u00f6nnen.<\/li>\n<li class=\" mb-3 text-xs md:text-m lg:text-l\">Breite Radwege, damit Familien nebeneinander fahren k\u00f6nnen.<\/li>\n<li class=\" mb-3 text-xs md:text-m lg:text-l\">Freie Geh- und Radwege ohne falsch parkende Kfz.<\/li>\n<li class=\" mb-3 text-xs md:text-m lg:text-l\">Tempo 30 als Regelgeschwindigkeit in der Stadt.<\/li>\n<li class=\" mb-3 text-xs md:text-m lg:text-l\">Gut sichtbare und sichere Schulradwege.<\/li>\n<li class=\" mb-3 text-xs md:text-m lg:text-l\">Autofreie Zonen vor Schulen und Kitas.<\/li>\n<li class=\" mb-3 text-xs md:text-m lg:text-l\">Mehr Platz f\u00fcrs Rad statt f\u00fcr parkende Autos.<\/li>\n<\/ul>\n<p>    <img decoding=\"async\" src=\"https:\/\/images.mgpd.de\/img\/112817383\/crop\/c16_9-w100\/674257399\/1077554513\/schueler-unterwegs-auf-dem-rad.jpg\" alt=\"Der ADFC fordert bei seiner Radsternfahrt sichere Radverkehrsbedingungen \u2013 vor allem f\u00fcr Kinder.\" title=\"Der ADFC fordert bei seiner Radsternfahrt sichere Radverkehrsbedingungen \u2013 vor allem f\u00fcr Kinder.\" loading=\"lazy\" class=\"h-full w-full object-cover\"\/><\/p>\n<p>      Icon vergr\u00f6\u00dfern<\/p>\n<p>    Der ADFC fordert bei seiner Radsternfahrt sichere Radverkehrsbedingungen \u2013 vor allem f\u00fcr Kinder.<br \/>\n    Foto: Ralf Hirschberger, ZB\/dpa (Symbolbild)<\/p>\n<p>        Schlie\u00dfen <\/p>\n<p>      Icon Schlie\u00dfen<\/p>\n<p>        Icon vergr\u00f6\u00dfern<\/p>\n<p>        Icon verkleinern<\/p>\n<p>      Icon Pfeil bewegen<\/p>\n<p>    Der ADFC fordert bei seiner Radsternfahrt sichere Radverkehrsbedingungen \u2013 vor allem f\u00fcr Kinder.<br \/>\n    Foto: Ralf Hirschberger, ZB\/dpa (Symbolbild)<\/p>\n<p>            Fahrraddemo in M\u00fcnchen: Wer an der Aktion teilnehmen kann<\/p>\n<p class=\"mb-6 text-xs-varying md:text-m lg:text-l font-serif group-[.font-sans]:font-sans \">\n    Kinder unter 14 Jahren d\u00fcrfen nur in Begleitung eines Erziehungsberechtigten an der Demonstration teilnehmen. Fu\u00dfg\u00e4ngerinnen, Skateboardfahrer oder Menschen auf weiteren Transportmitteln d\u00fcrfen sich laut ADFC nicht in die Z\u00fcge einreihen.\n  <\/p>\n<p class=\"mb-6 text-xs-varying md:text-m lg:text-l font-serif group-[.font-sans]:font-sans \">\n    Auf der Autobahn d\u00fcrfen nur Fahrradfahrer fahren, die mindestens mit einer Geschwindigkeit von 12 Kilometern pro Stunde unterwegs sind. Hunde d\u00fcrfen grunds\u00e4tzlich nicht mitgenommen werden. Au\u00dferdem gibt es f\u00fcr die Sternfahrt vonseiten des ADFC klare Regeln und Abl\u00e4ufe. <a href=\"https:\/\/muenchen.adfc.de\/artikel\/sternfahrt-teilnahmebedingungen\" rel=\"nofollow noopener\" target=\"_blank\" class=\"underline \">Teilnehmende k\u00f6nnen sich auf der Internetseite \u00fcber die Details informieren.<\/a>\n  <\/p>\n<p>            ADFC-Radsternfahrt: So l\u00e4uft die Fahrraddemo ab<\/p>\n<p class=\"mb-6 text-xs-varying md:text-m lg:text-l font-serif group-[.font-sans]:font-sans \">\n    Wie der ADFC mitteilt, werden an dem Tag der Demo insgesamt 14 Demoz\u00fcge von der Polizei begleitet. Die Startpunkte verteilen sich in ganz M\u00fcnchen und der Metropolregion. Au\u00dferdem werden die Fahrradstrecken unterschiedlich lang sein. Dabei bleibt es den Teilnehmenden \u00fcberlassen, wo sie sich einem der Z\u00fcge anschlie\u00dfen. Damit alle Demonstrierenden ihre Fahrt am K\u00f6nigsplatz beenden, vereinen sich ihre Wege entlang der Route. Auf dem M\u00fcnchner K\u00f6nigsplatz beginnt gegen 15.30 Uhr ein B\u00fchnenprogramm\u00a0\u2013 unter anderem mit Musik. Au\u00dferdem soll es dort St\u00e4nde geben.\n  <\/p>\n<p class=\"mb-6 text-xs-varying md:text-m lg:text-l font-serif group-[.font-sans]:font-sans \">\n    Zum ersten Mal nimmt an der Fahrraddemo mit <a href=\"https:\/\/www.augsburger-allgemeine.de\/bayern\/amtseinfuehrung-von-ob-dominik-krause-deshalb-wurde-mr-brightside-gespielt-114207301\" target=\"_self\" class=\"underline \" rel=\"nofollow noopener\">Dominik Krause (Gr\u00fcne) ein M\u00fcnchner B\u00fcrgermeister teil.<\/a> Krause werde sich demnach einem der Demoz\u00fcge anschlie\u00dfen und das Gru\u00dfwort bei der Abschlusskundgebung auf der B\u00fchne halten. Gegen 17 Uhr soll die Demonstration enden.\n  <\/p>\n<p>      <a href=\"https:\/\/www.augsburger-allgemeine.de\/bayern\/tram-entgleist-nach-kollision-mit-auto-fuenf-verletzte-in-muenchen-02-06-114353843\" class=\"hidden  &#010;                md:block md:mr-5 md:min-w-[140px]  aspect-photo md:aspect-tv lg:aspect-tv w-fullXXX relative self-start inline overflow-hidden\" rel=\"nofollow noopener\" target=\"_blank\"><\/p>\n<p>    <img decoding=\"async\" src=\"\" alt=\"Eine Tram entgleiste am Samstag in M\u00fcnchen, nachdem sie mit einem Auto kollidiert war.\" title=\"Eine Tram entgleiste am Samstag in M\u00fcnchen, nachdem sie mit einem Auto kollidiert war.\" loading=\"lazy\" class=\"h-full w-full object-cover\"\/><br \/>\n   <\/a><\/p>\n<p>            Fahrraddemo: Diese Auswirkungen erwarten Autofahrer<\/p>\n<p class=\"mb-6 text-xs-varying md:text-m lg:text-l font-serif group-[.font-sans]:font-sans \">\n    Da es am 14. Juni mehrere Demoz\u00fcge geben wird, m\u00fcssen sich Autofahrerinnen und Autofahrer in ganz M\u00fcnchen und zum Teil auch weit dar\u00fcber hinaus auf Einschr\u00e4nkungen einstellen. Jeder Zug wird von der Polizei begleitet. Teile der Strecken sind schon ab 9 Uhr fr\u00fchs betroffen. Die Polizei sperrt den Verkehr im jeweiligen Abschnitt f\u00fcr die Dauer der Fahrten. Laut Angaben des ADFC sollen die Z\u00fcge allerdings kompakt sein.\n  <\/p>\n<p class=\"mb-6 text-xs-varying md:text-m lg:text-l font-serif group-[.font-sans]:font-sans \">\n    Besonders wichtig f\u00fcr den M\u00fcnchner Verkehr ist, dass der Mittlere Ring und die Leopoldstra\u00dfe f\u00fcr den Kfz-Verkehr gesperrt sein werden. Die Fahrradfahrer demonstrieren auch an dieser Stelle. <a href=\"https:\/\/muenchen.adfc.de\/artikel\/sternfahrt-routeninfos\" rel=\"nofollow noopener\" target=\"_blank\" class=\"underline \">Eine genaue \u00dcbersicht zu den Streckenverl\u00e4ufen aller Demoz\u00fcge finden Interessierte auf der Internetseite des ADFC.<\/a>\n  <\/p>\n<p>            ADFC-Fahrraddemo: Auf diesen Strecken wird im Juni demonstriert<\/p>\n<p class=\"mb-6 text-xs-varying md:text-m lg:text-l font-serif group-[.font-sans]:font-sans \">\n    Wie der ADFC mitteilt, gibt es an dem Aktionstag am 14. Juni mehrere Demoz\u00fcge durch ganz M\u00fcnchen und dar\u00fcber hinaus. <a href=\"https:\/\/muenchen.adfc.de\/artikel\/sternfahrt-routeninfos\" rel=\"nofollow noopener\" target=\"_blank\" class=\"underline \">Die genauen Streckenverl\u00e4ufe finden Interessierte auf der Internetseite des ADFC.<\/a> Im Stadtgebiet M\u00fcnchen wird es folgende vier Startpunkte geben:\n  <\/p>\n<p>            Nord-Route<\/p>\n<ul rel=\"\" class=\"[&amp;&gt;li]:relative list-none  [&amp;&gt;li]:pl-[1.2em] [&amp;&gt;li]:marker:text-[0] [&amp;&gt;li]:relative [&amp;&gt;li]:before:absolute [&amp;&gt;li]:before:w-3 [&amp;&gt;li]:before:h-3 [&amp;&gt;li]:before:bg-brand [&amp;&gt;li]:before:left-0 [&amp;&gt;li]:before:top-[8px] [&amp;&gt;li]:before:rounded-full  my-5\">\n<li class=\" mb-3 text-xs md:text-m lg:text-l\">Startpunkt: Studentenstadt, Park + Ride Parkplatz, Ungererstra\u00dfe 214<\/li>\n<li class=\" mb-3 text-xs md:text-m lg:text-l\">Aufstellung: 13.30 Uhr<\/li>\n<li class=\" mb-3 text-xs md:text-m lg:text-l\">L\u00e4nge: rund 19 Kilometer<\/li>\n<\/ul>\n<p>            Ost-Route<\/p>\n<ul rel=\"\" class=\"[&amp;&gt;li]:relative list-none  [&amp;&gt;li]:pl-[1.2em] [&amp;&gt;li]:marker:text-[0] [&amp;&gt;li]:relative [&amp;&gt;li]:before:absolute [&amp;&gt;li]:before:w-3 [&amp;&gt;li]:before:h-3 [&amp;&gt;li]:before:bg-brand [&amp;&gt;li]:before:left-0 [&amp;&gt;li]:before:top-[8px] [&amp;&gt;li]:before:rounded-full  my-5\">\n<li class=\" mb-3 text-xs md:text-m lg:text-l\">Startpunkt: Piusplatz, Aschheimer Stra\u00dfe<\/li>\n<li class=\" mb-3 text-xs md:text-m lg:text-l\">Aufstellung: 13.30 Uhr<\/li>\n<li class=\" mb-3 text-xs md:text-m lg:text-l\">L\u00e4nge: rund 17 Kilometer<\/li>\n<\/ul>\n<p>            S\u00fcd-Route<\/p>\n<ul rel=\"\" class=\"[&amp;&gt;li]:relative list-none  [&amp;&gt;li]:pl-[1.2em] [&amp;&gt;li]:marker:text-[0] [&amp;&gt;li]:relative [&amp;&gt;li]:before:absolute [&amp;&gt;li]:before:w-3 [&amp;&gt;li]:before:h-3 [&amp;&gt;li]:before:bg-brand [&amp;&gt;li]:before:left-0 [&amp;&gt;li]:before:top-[8px] [&amp;&gt;li]:before:rounded-full  my-5\">\n<li class=\" mb-3 text-xs md:text-m lg:text-l\">Startpunkt: Baierbrunner Stra\u00dfe, Gr\u00fcnanlage Siemenswerke<\/li>\n<li class=\" mb-3 text-xs md:text-m lg:text-l\">Aufstellung: 13.30 Uhr<\/li>\n<li class=\" mb-3 text-xs md:text-m lg:text-l\">L\u00e4nge: rund 17 Kilometer<\/li>\n<\/ul>\n<p>            Westroute<\/p>\n<ul rel=\"\" class=\"[&amp;&gt;li]:relative list-none  [&amp;&gt;li]:pl-[1.2em] [&amp;&gt;li]:marker:text-[0] [&amp;&gt;li]:relative [&amp;&gt;li]:before:absolute [&amp;&gt;li]:before:w-3 [&amp;&gt;li]:before:h-3 [&amp;&gt;li]:before:bg-brand [&amp;&gt;li]:before:left-0 [&amp;&gt;li]:before:top-[8px] [&amp;&gt;li]:before:rounded-full  my-5\">\n<li class=\" mb-3 text-xs md:text-m lg:text-l\">Startpunkt: Nymphenburg, s\u00fcdliche Auffahrtsallee<\/li>\n<li class=\" mb-3 text-xs md:text-m lg:text-l\">Aufstellung: 13.30 Uhr<\/li>\n<li class=\" mb-3 text-xs md:text-m lg:text-l\">L\u00e4nge der Strecke: rund 18 Kilometer<\/li>\n<\/ul>\n<p class=\"mb-6 text-xs-varying md:text-m lg:text-l font-serif group-[.font-sans]:font-sans \">\n    Au\u00dferhalb M\u00fcnchens gibt es zehn Startpunkte. Die Sternfahrten in Augsburg, Freising und Rosenheim starten. Folgende Startpunkte gibt es au\u00dferdem:\n  <\/p>\n<p>            Freising<\/p>\n<ul rel=\"\" class=\"[&amp;&gt;li]:relative list-none  [&amp;&gt;li]:pl-[1.2em] [&amp;&gt;li]:marker:text-[0] [&amp;&gt;li]:relative [&amp;&gt;li]:before:absolute [&amp;&gt;li]:before:w-3 [&amp;&gt;li]:before:h-3 [&amp;&gt;li]:before:bg-brand [&amp;&gt;li]:before:left-0 [&amp;&gt;li]:before:top-[8px] [&amp;&gt;li]:before:rounded-full  my-5\">\n<li class=\" mb-3 text-xs md:text-m lg:text-l\">Startpunkt: P+R Bahnhof S\u00fcd<\/li>\n<li class=\" mb-3 text-xs md:text-m lg:text-l\">Aufstellung: 9.10 Uhr<\/li>\n<li class=\" mb-3 text-xs md:text-m lg:text-l\">L\u00e4nge: rund 74 Kilometer<\/li>\n<\/ul>\n<p>            Markt Schwaben<\/p>\n<ul rel=\"\" class=\"[&amp;&gt;li]:relative list-none  [&amp;&gt;li]:pl-[1.2em] [&amp;&gt;li]:marker:text-[0] [&amp;&gt;li]:relative [&amp;&gt;li]:before:absolute [&amp;&gt;li]:before:w-3 [&amp;&gt;li]:before:h-3 [&amp;&gt;li]:before:bg-brand [&amp;&gt;li]:before:left-0 [&amp;&gt;li]:before:top-[8px] [&amp;&gt;li]:before:rounded-full  my-5\">\n<li class=\" mb-3 text-xs md:text-m lg:text-l\">Startpunkt: Bahnhofstra\u00dfe<\/li>\n<li class=\" mb-3 text-xs md:text-m lg:text-l\">Aufstellung: 10.35 Uhr<\/li>\n<li class=\" mb-3 text-xs md:text-m lg:text-l\">L\u00e4nge: rund 58 Kilometer<\/li>\n<\/ul>\n<p>            Grafing<\/p>\n<ul rel=\"\" class=\"[&amp;&gt;li]:relative list-none  [&amp;&gt;li]:pl-[1.2em] [&amp;&gt;li]:marker:text-[0] [&amp;&gt;li]:relative [&amp;&gt;li]:before:absolute [&amp;&gt;li]:before:w-3 [&amp;&gt;li]:before:h-3 [&amp;&gt;li]:before:bg-brand [&amp;&gt;li]:before:left-0 [&amp;&gt;li]:before:top-[8px] [&amp;&gt;li]:before:rounded-full  my-5\">\n<li class=\" mb-3 text-xs md:text-m lg:text-l\">Startpunkt: Stadtpark<\/li>\n<li class=\" mb-3 text-xs md:text-m lg:text-l\">Aufstellung: 11.15 Uhr<\/li>\n<li class=\" mb-3 text-xs md:text-m lg:text-l\">L\u00e4nge: rund 48 Kilometer<\/li>\n<\/ul>\n<p>            Rosenheim<\/p>\n<ul rel=\"\" class=\"[&amp;&gt;li]:relative list-none  [&amp;&gt;li]:pl-[1.2em] [&amp;&gt;li]:marker:text-[0] [&amp;&gt;li]:relative [&amp;&gt;li]:before:absolute [&amp;&gt;li]:before:w-3 [&amp;&gt;li]:before:h-3 [&amp;&gt;li]:before:bg-brand [&amp;&gt;li]:before:left-0 [&amp;&gt;li]:before:top-[8px] [&amp;&gt;li]:before:rounded-full  my-5\">\n<li class=\" mb-3 text-xs md:text-m lg:text-l\">Startpunkt: P+R Bahnhof S\u00fcd<\/li>\n<li class=\" mb-3 text-xs md:text-m lg:text-l\">Aufstellung: 9.30 Uhr<\/li>\n<li class=\" mb-3 text-xs md:text-m lg:text-l\">L\u00e4nge: rund 74 Kilometer<\/li>\n<\/ul>\n<p>            Holzkirchen<\/p>\n<ul rel=\"\" class=\"[&amp;&gt;li]:relative list-none  [&amp;&gt;li]:pl-[1.2em] [&amp;&gt;li]:marker:text-[0] [&amp;&gt;li]:relative [&amp;&gt;li]:before:absolute [&amp;&gt;li]:before:w-3 [&amp;&gt;li]:before:h-3 [&amp;&gt;li]:before:bg-brand [&amp;&gt;li]:before:left-0 [&amp;&gt;li]:before:top-[8px] [&amp;&gt;li]:before:rounded-full  my-5\">\n<li class=\" mb-3 text-xs md:text-m lg:text-l\">Startpunkt: Marktplatz<\/li>\n<li class=\" mb-3 text-xs md:text-m lg:text-l\">Aufstellung: 11.10 Uhr<\/li>\n<li class=\" mb-3 text-xs md:text-m lg:text-l\">L\u00e4nge: rund 51 Kilometer<\/li>\n<\/ul>\n<p>            Wolfratshausen<\/p>\n<ul rel=\"\" class=\"[&amp;&gt;li]:relative list-none  [&amp;&gt;li]:pl-[1.2em] [&amp;&gt;li]:marker:text-[0] [&amp;&gt;li]:relative [&amp;&gt;li]:before:absolute [&amp;&gt;li]:before:w-3 [&amp;&gt;li]:before:h-3 [&amp;&gt;li]:before:bg-brand [&amp;&gt;li]:before:left-0 [&amp;&gt;li]:before:top-[8px] [&amp;&gt;li]:before:rounded-full  my-5\">\n<li class=\" mb-3 text-xs md:text-m lg:text-l\">Startpunkt: Bahnhof, Westausgang<\/li>\n<li class=\" mb-3 text-xs md:text-m lg:text-l\">Aufstellung: 11 Uhr<\/li>\n<li class=\" mb-3 text-xs md:text-m lg:text-l\">L\u00e4nge: rund 42 Kilometer<\/li>\n<\/ul>\n<p>            Tutzing<\/p>\n<ul rel=\"\" class=\"[&amp;&gt;li]:relative list-none  [&amp;&gt;li]:pl-[1.2em] [&amp;&gt;li]:marker:text-[0] [&amp;&gt;li]:relative [&amp;&gt;li]:before:absolute [&amp;&gt;li]:before:w-3 [&amp;&gt;li]:before:h-3 [&amp;&gt;li]:before:bg-brand [&amp;&gt;li]:before:left-0 [&amp;&gt;li]:before:top-[8px] [&amp;&gt;li]:before:rounded-full  my-5\">\n<li class=\" mb-3 text-xs md:text-m lg:text-l\">Startpunkt: Bahnhof, Westausgang<\/li>\n<li class=\" mb-3 text-xs md:text-m lg:text-l\">Aufstellung: 11.20 Uhr<\/li>\n<li class=\" mb-3 text-xs md:text-m lg:text-l\">L\u00e4nge: rund 49 Kilometer<\/li>\n<\/ul>\n<p>            Herrsching<\/p>\n<ul rel=\"\" class=\"[&amp;&gt;li]:relative list-none  [&amp;&gt;li]:pl-[1.2em] [&amp;&gt;li]:marker:text-[0] [&amp;&gt;li]:relative [&amp;&gt;li]:before:absolute [&amp;&gt;li]:before:w-3 [&amp;&gt;li]:before:h-3 [&amp;&gt;li]:before:bg-brand [&amp;&gt;li]:before:left-0 [&amp;&gt;li]:before:top-[8px] [&amp;&gt;li]:before:rounded-full  my-5\">\n<li class=\" mb-3 text-xs md:text-m lg:text-l\">Startpunkt: Bahnhofplatz<\/li>\n<li class=\" mb-3 text-xs md:text-m lg:text-l\">Aufstellung: 11.25 Uhr<\/li>\n<li class=\" mb-3 text-xs md:text-m lg:text-l\">L\u00e4nge: rund 48 Kilometer<\/li>\n<\/ul>\n<p>            Augsburg<\/p>\n<ul rel=\"\" class=\"[&amp;&gt;li]:relative list-none  [&amp;&gt;li]:pl-[1.2em] [&amp;&gt;li]:marker:text-[0] [&amp;&gt;li]:relative [&amp;&gt;li]:before:absolute [&amp;&gt;li]:before:w-3 [&amp;&gt;li]:before:h-3 [&amp;&gt;li]:before:bg-brand [&amp;&gt;li]:before:left-0 [&amp;&gt;li]:before:top-[8px] [&amp;&gt;li]:before:rounded-full  my-5\">\n<li class=\" mb-3 text-xs md:text-m lg:text-l\">Startpunkt: K\u00f6nigsplatz<\/li>\n<li class=\" mb-3 text-xs md:text-m lg:text-l\">Aufstellung: 9 Uhr<\/li>\n<li class=\" mb-3 text-xs md:text-m lg:text-l\">L\u00e4nge: rund 84 Kilometer<\/li>\n<\/ul>\n<p>            Petershausen<\/p>\n<ul rel=\"\" class=\"[&amp;&gt;li]:relative list-none  [&amp;&gt;li]:pl-[1.2em] [&amp;&gt;li]:marker:text-[0] [&amp;&gt;li]:relative [&amp;&gt;li]:before:absolute [&amp;&gt;li]:before:w-3 [&amp;&gt;li]:before:h-3 [&amp;&gt;li]:before:bg-brand [&amp;&gt;li]:before:left-0 [&amp;&gt;li]:before:top-[8px] [&amp;&gt;li]:before:rounded-full  my-5\">\n<li class=\" mb-3 text-xs md:text-m lg:text-l\">Startpunkt: P+R Bahnhof S\u00fcd<\/li>\n<li class=\" mb-3 text-xs md:text-m lg:text-l\">Aufstellung: 10.10 Uhr<\/li>\n<li class=\" mb-3 text-xs md:text-m lg:text-l\">L\u00e4nge: rund 58 Kilometer<\/li>\n<\/ul>\n<p class=\"mb-6 text-xs-varying md:text-m lg:text-l font-serif group-[.font-sans]:font-sans \">\n    Die Polizei empfiehlt, die genannten Routen der Fahrradz\u00fcge f\u00fcr die eigenen Fahrten zu ber\u00fccksichtigen und das Auto bei M\u00f6glichkeit ganz stehen zu lassen beziehungsweise Wartezeiten in Kauf zu nehmen.\n  <\/p>\n","protected":false},"excerpt":{"rendered":"Mit dem Fahrrad unterwegs zu sein, ist in St\u00e4dten nicht immer ungef\u00e4hrlich. Der ADFC (Allgemeiner Deutscher Fahrrad-Club) M\u00fcnchen&hellip;\n","protected":false},"author":2,"featured_media":1091807,"comment_status":"","ping_status":"","sticky":false,"template":"","format":"standard","meta":{"footnotes":"","_share_on_mastodon":"0"},"categories":[1827],"tags":[7380,7384,231677,772,54513,29,2177,1234,30,2065,1268,121,966],"class_list":["post-1091806","post","type-post","status-publish","format-standard","has-post-thumbnail","category-muenchen","tag-adfc","tag-fahrraddemo","tag-andreas-schoen","tag-bayern","tag-demozug","tag-deutschland","tag-dominik-krause","tag-fahrrad","tag-germany","tag-innenstadt","tag-muenchen","tag-polizei","tag-schule"],"share_on_mastodon":{"url":"https:\/\/pubeurope.com\/@de\/116743719359109645","error":""},"_links":{"self":[{"href":"https:\/\/www.europesays.com\/de\/wp-json\/wp\/v2\/posts\/1091806","targetHints":{"allow":["GET"]}}],"collection":[{"href":"https:\/\/www.europesays.com\/de\/wp-json\/wp\/v2\/posts"}],"about":[{"href":"https:\/\/www.europesays.com\/de\/wp-json\/wp\/v2\/types\/post"}],"author":[{"embeddable":true,"href":"https:\/\/www.europesays.com\/de\/wp-json\/wp\/v2\/users\/2"}],"replies":[{"embeddable":true,"href":"https:\/\/www.europesays.com\/de\/wp-json\/wp\/v2\/comments?post=1091806"}],"version-history":[{"count":0,"href":"https:\/\/www.europesays.com\/de\/wp-json\/wp\/v2\/posts\/1091806\/revisions"}],"wp:featuredmedia":[{"embeddable":true,"href":"https:\/\/www.europesays.com\/de\/wp-json\/wp\/v2\/media\/1091807"}],"wp:attachment":[{"href":"https:\/\/www.europesays.com\/de\/wp-json\/wp\/v2\/media?parent=1091806"}],"wp:term":[{"taxonomy":"category","embeddable":true,"href":"https:\/\/www.europesays.com\/de\/wp-json\/wp\/v2\/categories?post=1091806"},{"taxonomy":"post_tag","embeddable":true,"href":"https:\/\/www.europesays.com\/de\/wp-json\/wp\/v2\/tags?post=1091806"}],"curies":[{"name":"wp","href":"https:\/\/api.w.org\/{rel}","templated":true}]}}