{"id":1091839,"date":"2026-06-13T16:39:18","date_gmt":"2026-06-13T16:39:18","guid":{"rendered":"https:\/\/www.europesays.com\/de\/1091839\/"},"modified":"2026-06-13T16:39:18","modified_gmt":"2026-06-13T16:39:18","slug":"wm-2026-pocher-kritisiert-kaulitz-regelmaessigen-geschlechtsverkehr-sport","status":"publish","type":"post","link":"https:\/\/www.europesays.com\/de\/1091839\/","title":{"rendered":"WM 2026: Pocher kritisiert Kaulitz: \u201eRegelm\u00e4\u00dfigen Geschlechtsverkehr &#8230;\u201c | Sport"},"content":{"rendered":"<p><a class=\"skip-content skip-content--link\" href=\"#in-content-skip-link-target-v-0-0\">TTS-Player \u00fcberspringen\u21b5<\/a><a id=\"in-content-skip-link-target-v-0-0\" class=\"skip-content--target-link-hidden skip-content skip-content--target-link\" href=\"#in-content-skip-link-target-v-0-0\">Artikel weiterlesen<\/a><\/p>\n<p data-21134c99=\"0-2080\"><b>Diese WM-Nominierung sorgt bei Oliver Pocher (48) f\u00fcr Stirnrunzeln. Bei der Weltmeisterschaft ist <\/b><a href=\"https:\/\/www.bild.de\/sport\/fussball\/ich-will-dir-keine-angst-machen-aber-warnung-von-klopp-an-tom-kaulitz-6a2bb10e6bb5c7fe2e1c2e4c\" class=\"text-link\" rel=\"nofollow noopener\" target=\"_blank\"><b>Tom Kaulitz (36)<\/b><\/a><b> als erster \u201eFan-Experte\u201c f\u00fcr Magenta TV im Einsatz. Der \u201eTokio Hotel\u201c-Musiker und Podcaster (\u201eKaulitz Hills\u201c) soll Spa\u00df statt trockener Taktik-Analysen ins Spiel bringen. Beim Er\u00f6ffnungsspiel zwischen Mexiko und S\u00fcdafrika (2:0) feierte er an der Seite von J\u00fcrgen Klopp (58) und Thomas M\u00fcller (36\/Vancouver Whitecaps FC) seine Premiere. Die hat allerdings nicht jedem gefallen &#8230;<\/b><\/p>\n<p data-21134c99=\"0-2080\">\u201eTom Kaulitz war ja auch da. Da muss man auch erst mal einem erkl\u00e4ren, warum man den &#8230; Wo du denkst: Ja okay, alles klar, ich habe regelm\u00e4\u00dfigen Geschlechtsverkehr mit Heidi Klum. Damit sollte ich eigentlich auch bei der WM in Mexiko stehen als Experte\u201c, ledert Pocher in seinem neuen Podcast \u201eSchwarz und Weissheiten\u201c mit Ex-Profi Patrick Helmes (42, 13 L\u00e4nderspiele f\u00fcr Deutschland). Pocher weiter: \u201eDa denke ich so: Ja alles klar, macht Sinn. Das ist total gut. Aber er ist ja da, ist ja wunderbar.\u201c<\/p>\n<p>WM: Pocher ledert gegen Kaulitz<\/p>\n<p data-21134c99=\"0-2080\">Weitere Auftritte des Gitarristen wird der Comedian wahrscheinlich nicht mehr verfolgen. Denn von Vorberichten h\u00e4lt Pocher grunds\u00e4tzlich nichts: \u201eIch brauche das alles nicht, das Vorgequatsche. Ich gehe zur Nationalhymne und zum Anpfiff rein. Das reicht.\u201c<\/p>\n<p data-21134c99=\"0-2080\">Und was erwartet er von der DFB-Elf? Deutschland trifft am kommenden Sonntag auf Cura\u00e7ao (19 Uhr deutscher Zeit\/live ARD und MagentaTV) und geht als klarer Favorit in die Begegnung. \u201eIch erwarte ein halbes Dutzend an Toren\u201c, sagt Pocher und f\u00fcgt hinzu: \u201eWenn du nicht mindestens 5:0 bis 6:0 gewinnst &#8230; Die wirst du ja irgendwann schwindelig spielen.\u201c Auch Kumpel Helmes erwartet ein Torfestival: \u201eIch habe 8:0 getippt.\u201c<\/p>\n<p>\u201eIch will dir keine Angst machen, aber\u2026\u201c: Warnung von Klopp an Tom Kaulitz<a class=\"anchor video-teaser__anchor\" href=\"https:\/\/www.bild.de\/sport\/fussball\/ich-will-dir-keine-angst-machen-aber-warnung-von-klopp-an-tom-kaulitz-6a2bb10e6bb5c7fe2e1c2e4c\" rel=\"nofollow noopener\" target=\"_blank\"><img decoding=\"async\" width=\"992\" height=\"558\" alt=\"Klopp warnt Tom Kaulitz: \u201eIch will dir keine Angst machen, aber\u2026\u201c\" src=\"https:\/\/www.europesays.com\/de\/wp-content\/uploads\/2026\/06\/852e8d7b1c0027835e6496636ab89566,41b1701f.jpeg\"   class=\"landscape teaser__image\" loading=\"lazy\"\/><\/a><\/p>\n<p>Quelle: BILD \/\/ MagentaTV12.06.2026<\/p>\n<p data-21134c99=\"0-2080\">Zur m\u00f6glichen Aufstellung der Nagelsmann-Elf hat Pocher auch eine klare Meinung bei der Frage: Bayern-Star Jamal Musiala (23) oder Stuttgart-St\u00fcrmer Deniz Undav (29) in die Anfangsformation? \u201eIch w\u00fcrde nicht mit Musiala von Anfang an spielen, ich w\u00fcrde Undav spielen lassen\u201c, sagt der TV-Moderator und fordert: \u201eLass den Undav gegen Cura\u00e7ao doch drei Tore schie\u00dfen und erst mal drin sein.\u201c<\/p>\n","protected":false},"excerpt":{"rendered":"TTS-Player \u00fcberspringen\u21b5Artikel weiterlesen Diese WM-Nominierung sorgt bei Oliver Pocher (48) f\u00fcr Stirnrunzeln. Bei der Weltmeisterschaft ist Tom Kaulitz&hellip;\n","protected":false},"author":2,"featured_media":1091840,"comment_status":"","ping_status":"","sticky":false,"template":"","format":"standard","meta":{"footnotes":"","_share_on_mastodon":"0"},"categories":[155],"tags":[1260,29,214,1002,38029,30,231681,5352,7645,27432,8845,38745,24705,13821,10699,542,5353,25168,215,11404],"class_list":["post-1091839","post","type-post","status-publish","format-standard","has-post-thumbnail","category-unterhaltung","tag-deutsche-nationalmannschaft","tag-deutschland","tag-entertainment","tag-fans","tag-fussball-wm-2026","tag-germany","tag-helmes-patrick","tag-kaulitz-tom","tag-klopp-juergen","tag-klum-heidi","tag-mueller-thomas","tag-musiala-jamal","tag-nagelsmann-julian","tag-pocher-oliver","tag-schwank-kevin","tag-sport-leuchtturm-hamburg","tag-tokio-hotel","tag-undav-deniz","tag-unterhaltung","tag-wm"],"share_on_mastodon":{"url":"https:\/\/pubeurope.com\/@de\/116743791497542882","error":""},"_links":{"self":[{"href":"https:\/\/www.europesays.com\/de\/wp-json\/wp\/v2\/posts\/1091839","targetHints":{"allow":["GET"]}}],"collection":[{"href":"https:\/\/www.europesays.com\/de\/wp-json\/wp\/v2\/posts"}],"about":[{"href":"https:\/\/www.europesays.com\/de\/wp-json\/wp\/v2\/types\/post"}],"author":[{"embeddable":true,"href":"https:\/\/www.europesays.com\/de\/wp-json\/wp\/v2\/users\/2"}],"replies":[{"embeddable":true,"href":"https:\/\/www.europesays.com\/de\/wp-json\/wp\/v2\/comments?post=1091839"}],"version-history":[{"count":0,"href":"https:\/\/www.europesays.com\/de\/wp-json\/wp\/v2\/posts\/1091839\/revisions"}],"wp:featuredmedia":[{"embeddable":true,"href":"https:\/\/www.europesays.com\/de\/wp-json\/wp\/v2\/media\/1091840"}],"wp:attachment":[{"href":"https:\/\/www.europesays.com\/de\/wp-json\/wp\/v2\/media?parent=1091839"}],"wp:term":[{"taxonomy":"category","embeddable":true,"href":"https:\/\/www.europesays.com\/de\/wp-json\/wp\/v2\/categories?post=1091839"},{"taxonomy":"post_tag","embeddable":true,"href":"https:\/\/www.europesays.com\/de\/wp-json\/wp\/v2\/tags?post=1091839"}],"curies":[{"name":"wp","href":"https:\/\/api.w.org\/{rel}","templated":true}]}}