{"id":1091860,"date":"2026-06-13T16:52:17","date_gmt":"2026-06-13T16:52:17","guid":{"rendered":"https:\/\/www.europesays.com\/de\/1091860\/"},"modified":"2026-06-13T16:52:17","modified_gmt":"2026-06-13T16:52:17","slug":"moenchengladbach-ansturm-bei-eroeffnung-gladbacher-doener-mit-1-euro-angebot","status":"publish","type":"post","link":"https:\/\/www.europesays.com\/de\/1091860\/","title":{"rendered":"M\u00f6nchengladbach: Ansturm bei Er\u00f6ffnung Gladbacher D\u00f6ner mit 1-Euro-Angebot"},"content":{"rendered":"<p class=\"text_ohne_einzug richtext text-em-55 !leading-serif mx-6 desktop:mx-0\">Wenn es um die mit Fleischscheiben, Gem\u00fcse und Saucen gef\u00fcllten Teigfladen geht, gibt es in der Stadt ein breites Angebot. M\u00f6nchengladbach d\u00fcrfte bei einem Kostenpflichtiger Inhalt <a href=\"https:\/\/rp-online.de\/nrw\/staedte\/moenchengladbach\/moenchengladbach-immer-mehr-doener-imbisse-eroeffnen_aid-93588997\" rel=\"nofollow noopener\" target=\"_blank\">Ranking zur D\u00f6ner-Imbiss-Dichte<\/a> einen oberen Platz belegen. Kostenpflichtiger Inhalt <a href=\"https:\/\/rp-online.de\/nrw\/staedte\/moenchengladbach\/moenchengladbach-riesiger-andrang-bei-neueroeffnung-vom-haus-des-doeners-v2_aid-96105577\" rel=\"nofollow noopener\" target=\"_blank\">Dennoch schaffen es Neuer\u00f6ffnungen immer wieder, die Massen anzulocken<\/a>. Meist mit besonderen Preisangeboten zum Start.<\/p>\n","protected":false},"excerpt":{"rendered":"Wenn es um die mit Fleischscheiben, Gem\u00fcse und Saucen gef\u00fcllten Teigfladen geht, gibt es in der Stadt ein&hellip;\n","protected":false},"author":2,"featured_media":1091861,"comment_status":"","ping_status":"","sticky":false,"template":"","format":"standard","meta":{"footnotes":"","_share_on_mastodon":"0"},"categories":[1849],"tags":[3364,29,9655,231684,912,548,663,3934,30,29067,13,11827,4060,167889,4455,14,38860,15,1209,12,16244,4454,151],"class_list":["post-1091860","post","type-post","status-publish","format-standard","has-post-thumbnail","category-moenchengladbach","tag-de","tag-deutschland","tag-doener","tag-ecklokal","tag-eroeffnung","tag-eu","tag-europa","tag-europe","tag-germany","tag-gladbacher","tag-headlines","tag-imbiss","tag-lokal","tag-massen","tag-moenchengladbach","tag-nachrichten","tag-neueroeffnungen","tag-news","tag-nordrhein-westfalen","tag-schlagzeilen","tag-schlange","tag-start","tag-tiktok"],"share_on_mastodon":{"url":"https:\/\/pubeurope.com\/@de\/116743841267844590","error":""},"_links":{"self":[{"href":"https:\/\/www.europesays.com\/de\/wp-json\/wp\/v2\/posts\/1091860","targetHints":{"allow":["GET"]}}],"collection":[{"href":"https:\/\/www.europesays.com\/de\/wp-json\/wp\/v2\/posts"}],"about":[{"href":"https:\/\/www.europesays.com\/de\/wp-json\/wp\/v2\/types\/post"}],"author":[{"embeddable":true,"href":"https:\/\/www.europesays.com\/de\/wp-json\/wp\/v2\/users\/2"}],"replies":[{"embeddable":true,"href":"https:\/\/www.europesays.com\/de\/wp-json\/wp\/v2\/comments?post=1091860"}],"version-history":[{"count":0,"href":"https:\/\/www.europesays.com\/de\/wp-json\/wp\/v2\/posts\/1091860\/revisions"}],"wp:featuredmedia":[{"embeddable":true,"href":"https:\/\/www.europesays.com\/de\/wp-json\/wp\/v2\/media\/1091861"}],"wp:attachment":[{"href":"https:\/\/www.europesays.com\/de\/wp-json\/wp\/v2\/media?parent=1091860"}],"wp:term":[{"taxonomy":"category","embeddable":true,"href":"https:\/\/www.europesays.com\/de\/wp-json\/wp\/v2\/categories?post=1091860"},{"taxonomy":"post_tag","embeddable":true,"href":"https:\/\/www.europesays.com\/de\/wp-json\/wp\/v2\/tags?post=1091860"}],"curies":[{"name":"wp","href":"https:\/\/api.w.org\/{rel}","templated":true}]}}