{"id":1091878,"date":"2026-06-13T17:01:16","date_gmt":"2026-06-13T17:01:16","guid":{"rendered":"https:\/\/www.europesays.com\/de\/1091878\/"},"modified":"2026-06-13T17:01:16","modified_gmt":"2026-06-13T17:01:16","slug":"zum-meierhof-und-papendiek-anwohner-machen-ihrem-frust-luft","status":"publish","type":"post","link":"https:\/\/www.europesays.com\/de\/1091878\/","title":{"rendered":"Zum Meierhof und Papendiek: Anwohner machen ihrem Frust Luft"},"content":{"rendered":"<p>Drei gro\u00dfe Bauprojekte, und in allen drei F\u00e4llen warten die Investoren ab. Doch die Verlerinnen und Verler wollen mitreden.<\/p>\n<p>Verl (gl) &#8211; Eine au\u00dfergew\u00f6hnliche Sitzung: Am Donnerstag ist der Ausschuss f\u00fcr Stadtentwicklung und Bauen eigentlich zusammengekommen, um inhaltlich \u00fcber zwei umstrittene Bauvorhaben zu diskutieren. Dazu kam es nicht. Stattdessen entwickelte sich der Ausschuss zu einer Art B\u00fcrgersprechstunde.<\/p>\n<p class=\"contextmenu caption\">B\u00fcrger-\u2026<\/p>\n<p>            <img decoding=\"async\" src=\"https:\/\/www.die-glocke.de\/typo3conf\/ext\/bo_dieglocke_template\/Resources\/Public\/Images\/logo\/glocke_plus_icon.svg\" class=\"pwTopImage\" alt=\"Glocke Plus\"\/><\/p>\n<p>                Jetzt weiterlesen mit G+<\/p>\n<p class=\"card-text equal-height text-center\" data-equalheightgroup=\"1\">\n                0,99 \u20ac im 1. Monat \u2013 monatlich k\u00fcndbar\n            <\/p>\n<tr>\n<tr>\n<td class=\"w-25px p-1\">\n<\/td>\n<td class=\"p-1\">\n<p>                                            aktuelle Nachrichten rund um die Uhr<\/p>\n<\/td>\n<\/tr>\n<tr>\n<td class=\"w-25px p-1\">\n<\/td>\n<td class=\"p-1\">\n<p>                                            nur 79 \u20ac (ab dem 13. Monat 7,90 \u20ac monatlich)<\/p>\n<\/td>\n<\/tr>\n<tr>\n<td class=\"w-25px p-1\">\n<\/td>\n<td class=\"p-1\">\n<p>                                            nach 12 Monaten Mindestlaufzeit monatlich k\u00fcndbar<\/p>\n<\/td>\n<\/tr>\n<tr>\n<td class=\"w-25px p-1\">\n<\/td>\n<td class=\"p-1\">\n<p>                                            sparen Sie 15,80 \u20ac gegen\u00fcber dem Monatsabo<\/p>\n<\/td>\n<\/tr>\n<\/tr>\n<p>\n                        79 \u20ac f\u00fcr 12 Monate\n                    <\/p>\n<p>                    <a class=\"btn link-primary border rounded border-2 border-primary d-block w-100 mb-4\" href=\"https:\/\/shop.die-glocke.de\/bestellen\/g-jahresabo-bc91?type=paypal&amp;upscore_object_id=2cc0594e-65f4-4f39-a096-e0244f7673f7-Portal&amp;upscore_offer_id=&amp;upscore_click_id=&amp;upscore_object_url=https%3A%2F%2Fwww.die-glocke.de%2Fkreis-guetersloh%2Fverl%2Fartikel%2Fzum-meierhof-und-papendiek-anwohner-machen-ihrem-frust-luft-1781272816&amp;target=https%3A%2F%2Fwww.die-glocke.de%2Fkreis-guetersloh%2Fverl%2Fartikel%2Fzum-meierhof-und-papendiek-anwohner-machen-ihrem-frust-luft-1781272816\" rel=\"nofollow noopener\" target=\"_blank\"><br \/>\n                        <strong>Jahresabo bestellen mit <\/strong><br \/>\n                        <img loading=\"lazy\" decoding=\"async\" class=\"me-2 icon-paypal\" src=\"https:\/\/www.die-glocke.de\/fileadmin\/images\/demo\/paypal.svg\" width=\"65\" height=\"15\" alt=\"Paypal\"\/><br \/>\n                    <\/a><\/p>\n<p>                    <a class=\"paywall_order_btn-668975\" href=\"https:\/\/shop.die-glocke.de\/gplus-jahresabo?upscore_object_id=2cc0594e-65f4-4f39-a096-e0244f7673f7-Portal&amp;upscore_offer_id=&amp;upscore_click_id=&amp;upscore_object_url=https%3A%2F%2Fwww.die-glocke.de%2Fkreis-guetersloh%2Fverl%2Fartikel%2Fzum-meierhof-und-papendiek-anwohner-machen-ihrem-frust-luft-1781272816&amp;target=https%3A%2F%2Fwww.die-glocke.de%2Fkreis-guetersloh%2Fverl%2Fartikel%2Fzum-meierhof-und-papendiek-anwohner-machen-ihrem-frust-luft-1781272816\" rel=\"nofollow noopener\" target=\"_blank\"><br \/>\n                        Jahresabo bestellen<br \/>\n                    <\/a><\/p>\n<p>Texte und Fotos von die-glocke.de sind urheberrechtlich gesch\u00fctzt.<br \/>\n            Weiterverwendung nur mit Genehmigung der Chefredaktion.<\/p>\n","protected":false},"excerpt":{"rendered":"Drei gro\u00dfe Bauprojekte, und in allen drei F\u00e4llen warten die Investoren ab. Doch die Verlerinnen und Verler wollen&hellip;\n","protected":false},"author":2,"featured_media":1091879,"comment_status":"","ping_status":"","sticky":false,"template":"","format":"standard","meta":{"footnotes":"","_share_on_mastodon":"0"},"categories":[1841],"tags":[14769,30539,7600,7601,1605,3364,29,30,2263,2839,1209,231689,231688,3724,231690],"class_list":["post-1091878","post","type-post","status-publish","format-standard","has-post-thumbnail","category-bielefeld","tag-anwohner","tag-ausschuss","tag-bauen","tag-bauprojekt","tag-bielefeld","tag-de","tag-deutschland","tag-germany","tag-investor","tag-kommunalpolitik","tag-nordrhein-westfalen","tag-papendiek","tag-teutoburger-strasse","tag-verl","tag-zum-meierhof"],"share_on_mastodon":{"url":"https:\/\/pubeurope.com\/@de\/116743878229786473","error":""},"_links":{"self":[{"href":"https:\/\/www.europesays.com\/de\/wp-json\/wp\/v2\/posts\/1091878","targetHints":{"allow":["GET"]}}],"collection":[{"href":"https:\/\/www.europesays.com\/de\/wp-json\/wp\/v2\/posts"}],"about":[{"href":"https:\/\/www.europesays.com\/de\/wp-json\/wp\/v2\/types\/post"}],"author":[{"embeddable":true,"href":"https:\/\/www.europesays.com\/de\/wp-json\/wp\/v2\/users\/2"}],"replies":[{"embeddable":true,"href":"https:\/\/www.europesays.com\/de\/wp-json\/wp\/v2\/comments?post=1091878"}],"version-history":[{"count":0,"href":"https:\/\/www.europesays.com\/de\/wp-json\/wp\/v2\/posts\/1091878\/revisions"}],"wp:featuredmedia":[{"embeddable":true,"href":"https:\/\/www.europesays.com\/de\/wp-json\/wp\/v2\/media\/1091879"}],"wp:attachment":[{"href":"https:\/\/www.europesays.com\/de\/wp-json\/wp\/v2\/media?parent=1091878"}],"wp:term":[{"taxonomy":"category","embeddable":true,"href":"https:\/\/www.europesays.com\/de\/wp-json\/wp\/v2\/categories?post=1091878"},{"taxonomy":"post_tag","embeddable":true,"href":"https:\/\/www.europesays.com\/de\/wp-json\/wp\/v2\/tags?post=1091878"}],"curies":[{"name":"wp","href":"https:\/\/api.w.org\/{rel}","templated":true}]}}