{"id":1092185,"date":"2026-06-13T20:12:28","date_gmt":"2026-06-13T20:12:28","guid":{"rendered":"https:\/\/www.europesays.com\/de\/1092185\/"},"modified":"2026-06-13T20:12:28","modified_gmt":"2026-06-13T20:12:28","slug":"europe-today-wm-fieber-neue-eu-migrationsaera-und-paepstliche-botschaft-an-spanien-3","status":"publish","type":"post","link":"https:\/\/www.europesays.com\/de\/1092185\/","title":{"rendered":"Europe Today: WM-Fieber, neue EU-Migrations\u00e4ra und p\u00e4pstliche Botschaft an Spanien"},"content":{"rendered":"<p>\n                    Zuerst ver\u00f6ffentlicht am                 12\/06\/2026 &#8211; 8:00 MESZ\u2022Zuletzt aktualisiert<br \/>\n                                     8:34\n                                        <\/p>\n<p>In der heutigen Ausgabe:<\/p>\n<p>          <img decoding=\"async\" class=\"c-ad__placeholder__logo\" src=\"https:\/\/static.euronews.com\/website\/images\/logos\/logo-euronews-stacked-outlined-72x72-grey-9.svg\" width=\"72\" height=\"72\" alt=\"\" loading=\"lazy\"\/><br \/>\n          WERBUNG<\/p>\n<p>          <img decoding=\"async\" class=\"c-ad__placeholder__logo\" src=\"https:\/\/static.euronews.com\/website\/images\/logos\/logo-euronews-stacked-outlined-72x72-grey-9.svg\" width=\"72\" height=\"72\" alt=\"\" loading=\"lazy\"\/><br \/>\n          WERBUNG<\/p>\n<p><strong>Vincenzo Genovese<\/strong> von Euronews berichtet \u00fcber den Auftakt der Fu\u00dfball-Weltmeisterschaft 2026.<\/p>\n<p><strong>Maria Tadeo<\/strong> von Euronews spricht mit IWF-Chefin <strong>Kristalina Georgieva<\/strong>.<\/p>\n<p>Euronews&#8216; <strong>Angela Skujins<\/strong> ordnet das Inkrafttreten des EU-Migrations- und Asylpakts ein und interviewt <strong>Magnus Brunner<\/strong>, EU-Kommissar f\u00fcr Inneres und Migration.<\/p>\n<p>Die fr\u00fchere vatikanische Sprecherin <strong>Paloma Garc\u00eda Ovejero<\/strong> ist zu Gast und spricht \u00fcber den Spanien-Besuch von Papst Leo XIV.<\/p>\n<p>Europe Today: Wann und wo l\u00e4uft die Sendung?<\/p>\n<p>Sie k\u00f6nnen Euronews-Chefmoderatorin <strong>M\u00e9abh Mc Mahon<\/strong> und unsere EU-Redakteurin Maria Tadeo live im Fernsehen sowie auf der Website und den digitalen Plattformen von Euronews verfolgen, <strong>jeden Werktag um acht Uhr morgens nach Br\u00fcsseler Zeit.<\/strong><\/p>\n<p>In nur <strong>20 Minuten<\/strong> liefert Ihnen unser neues Format die wichtigsten Ereignisse des Tages und die entscheidende Einordnung der Geschichten, die die EU und dar\u00fcber hinaus pr\u00e4gen. Es ist auch als newsletter und podcast verf\u00fcgbar.<\/p>\n","protected":false},"excerpt":{"rendered":"Zuerst ver\u00f6ffentlicht am 12\/06\/2026 &#8211; 8:00 MESZ\u2022Zuletzt aktualisiert 8:34 In der heutigen Ausgabe: WERBUNG WERBUNG Vincenzo Genovese von&hellip;\n","protected":false},"author":2,"featured_media":1088230,"comment_status":"","ping_status":"","sticky":false,"template":"","format":"standard","meta":{"footnotes":"","_share_on_mastodon":"0"},"categories":[3933],"tags":[331,332,548,663,158,3934,3935,38029,13,13543,382,14,15,12],"class_list":["post-1092185","post","type-post","status-publish","format-standard","has-post-thumbnail","category-eu","tag-aktuelle-nachrichten","tag-aktuelle-news","tag-eu","tag-europa","tag-europaeische-union","tag-europe","tag-european-union","tag-fussball-wm-2026","tag-headlines","tag-iwf","tag-migration","tag-nachrichten","tag-news","tag-schlagzeilen"],"share_on_mastodon":{"url":"https:\/\/pubeurope.com\/@de\/116744629018640151","error":""},"_links":{"self":[{"href":"https:\/\/www.europesays.com\/de\/wp-json\/wp\/v2\/posts\/1092185","targetHints":{"allow":["GET"]}}],"collection":[{"href":"https:\/\/www.europesays.com\/de\/wp-json\/wp\/v2\/posts"}],"about":[{"href":"https:\/\/www.europesays.com\/de\/wp-json\/wp\/v2\/types\/post"}],"author":[{"embeddable":true,"href":"https:\/\/www.europesays.com\/de\/wp-json\/wp\/v2\/users\/2"}],"replies":[{"embeddable":true,"href":"https:\/\/www.europesays.com\/de\/wp-json\/wp\/v2\/comments?post=1092185"}],"version-history":[{"count":0,"href":"https:\/\/www.europesays.com\/de\/wp-json\/wp\/v2\/posts\/1092185\/revisions"}],"wp:featuredmedia":[{"embeddable":true,"href":"https:\/\/www.europesays.com\/de\/wp-json\/wp\/v2\/media\/1088230"}],"wp:attachment":[{"href":"https:\/\/www.europesays.com\/de\/wp-json\/wp\/v2\/media?parent=1092185"}],"wp:term":[{"taxonomy":"category","embeddable":true,"href":"https:\/\/www.europesays.com\/de\/wp-json\/wp\/v2\/categories?post=1092185"},{"taxonomy":"post_tag","embeddable":true,"href":"https:\/\/www.europesays.com\/de\/wp-json\/wp\/v2\/tags?post=1092185"}],"curies":[{"name":"wp","href":"https:\/\/api.w.org\/{rel}","templated":true}]}}