{"id":1092356,"date":"2026-06-13T22:02:20","date_gmt":"2026-06-13T22:02:20","guid":{"rendered":"https:\/\/www.europesays.com\/de\/1092356\/"},"modified":"2026-06-13T22:02:20","modified_gmt":"2026-06-13T22:02:20","slug":"the-rasmus-in-dresden-band-spielt-konzert-im-beatpol-tickets-im-verkauf","status":"publish","type":"post","link":"https:\/\/www.europesays.com\/de\/1092356\/","title":{"rendered":"The Rasmus in Dresden: Band spielt Konzert im Beatpol \u2013 Tickets im Verkauf"},"content":{"rendered":"<p>Tickets bereits erh\u00e4ltlich <\/p>\n<p>Erfolgreiche Rockband der 2000er k\u00fcndigt Konzert in Dresden an<\/p>\n<p>Aktualisiert am 13.06.2026 &#8211; 04:50 UhrLesedauer: 2 Min.<\/p>\n<p><a href=\"#focus-0\" class=\"transition-colors block text-current relative\" data-sctrack=\"FocusGalleryImage.Reference\"><img fetchpriority=\"high\" data-testid=\"Opener.Image\"   loading=\"eager\" src=\"https:\/\/www.europesays.com\/de\/wp-content\/uploads\/2026\/06\/the-rasmus-die-band-gibt-ein-konzert-in-dresden.jpg\" alt=\"The Rasmus: Die Band gibt ein Konzert in Dresden.\" title=\"The Rasmus: Die Band gibt ein Konzert in Dresden.\" width=\"4096\" height=\"2304\" class=\"bg-[url:var(--lqipURL)] bg-cover bg-center flex h-full w-full max-w-full\" style=\"--lqipURL:url('https:\/\/images.t-online.de\/2026\/06\/TQActDFw3uTw\/0x214:4096x2304\/fit-in\/150x0\/filters:blur(25)\/the-rasmus-die-band-gibt-ein-konzert-in-dresden.jpg')\" decoding=\"async\"\/><img loading=\"lazy\" src=\"https:\/\/dresden.t-online.de\/s\/paper\/_next\/static\/media\/zoom-in.f7dae02f.svg\" alt=\"Vergr\u00f6\u00dfern des Bildes\" title=\"Vergr\u00f6\u00dfern des Bildes\" class=\"block h-[calc(var(--height)_\/_16_*_1rem)] w-[calc(var(--width)_\/_16_*_1rem)] max-w-none absolute right-8 bottom-8 rounded-4 bg-snow p-8\" style=\"--width:32;--height:32\" decoding=\"async\"\/><\/a><\/p>\n<p>The Rasmus: Die Band gibt ein Konzert in Dresden. (Quelle: IMAGO\/Luca Micheli\/TSCK \/ LiveMedia)<\/p>\n<p><img loading=\"lazy\" src=\"https:\/\/dresden.t-online.de\/s\/paper\/_next\/static\/media\/audio-volume.6689034c.svg\" alt=\"\" title=\"\" class=\"block h-[calc(var(--height)_\/_16_*_1rem)] w-[calc(var(--width)_\/_16_*_1rem)] max-w-none group-hover:brightness-0 group-hover:invert\" style=\"--width:16;--height:16\" decoding=\"async\"\/>Vorlesen<\/p>\n<p>Aktuelle Zeit:0:00Gesamtdauer:0:00<\/p>\n<p>1x<\/p>\n<p class=\"text-center\">Jetzt neu bei t-online:<\/p>\n<p class=\"text-center\">Schriftgr\u00f6\u00dfe anpassen!<\/p>\n<p><img loading=\"lazy\" src=\"https:\/\/dresden.t-online.de\/s\/paper\/_next\/static\/media\/font-sizes.32942e33.svg\" alt=\"\" title=\"\" class=\"block h-[calc(var(--height)_\/_16_*_1rem)] w-[calc(var(--width)_\/_16_*_1rem)] max-w-none group-hover:hidden group-aria-expanded:hidden\" style=\"--width:16;--height:16\" decoding=\"async\"\/><img loading=\"lazy\" src=\"https:\/\/dresden.t-online.de\/s\/paper\/_next\/static\/media\/font-sizes-dark-mode.e382645c.svg\" alt=\"\" title=\"\" class=\"block h-[calc(var(--height)_\/_16_*_1rem)] w-[calc(var(--width)_\/_16_*_1rem)] max-w-none hidden group-hover:block group-aria-expanded:block\" style=\"--width:16;--height:16\" decoding=\"async\"\/><img loading=\"lazy\" src=\"https:\/\/dresden.t-online.de\/s\/paper\/_next\/static\/media\/sharing-menu-icon.1eb71368.svg\" alt=\"\" title=\"\" class=\"block h-[calc(var(--height)_\/_16_*_1rem)] w-[calc(var(--width)_\/_16_*_1rem)] max-w-none group-hover:brightness-0 group-hover:invert\" style=\"--width:16;--height:16\" decoding=\"async\"\/>Artikel teilen<\/p>\n<p class=\"font-bold text-18 leading-17 user-text-lg:text-22 user-text-xl:text-24\">Durch ihr Lied &#8222;In The Shadows&#8220; wurden The Rasmus in den 2000er-Jahren weltber\u00fchmt. Danach verflachte der Hype. Nun kommt die Band nach Dresden.<\/p>\n<p class=\"text-18 leading-17 user-text-lg:text-22 user-text-xl:text-24\">Gute Nachrichten f\u00fcr Fans der finnischen Rockband The Rasmus: Die Gruppe hat ein Konzert in Dresden angek\u00fcndigt. Sie spielt am 19. Februar 2027 im Beatpol. Das geben die Musiker in den sozialen Medien bekannt. Tickets sind bereits auf den bekannten Portalen zu kaufen.<\/p>\n<p class=\"text-18 leading-17 user-text-lg:text-22 user-text-xl:text-24\">Neben Dresden spielt die Band deutschlandweit zudem in der Alten Feuerwache in Mannheim (14. Februar 2027), im Zakk in D\u00fcsseldorf (16. Februar 2027), im Roxy in Ulm (20. Februar 2027) sowie im E-Werk in Erlangen (22. Februar 2027). Au\u00dferdem stehen Konzerte in Estland, Lettland, Ungarn, Italien, Frankreich, Gro\u00dfbritannien sowie in der Schweiz und in den Niederlanden an.<\/p>\n<p>The Rasmus in Dresden: Album &#8222;Weirdo&#8220; im Fokus<\/p>\n<p class=\"text-18 leading-17 user-text-lg:text-22 user-text-xl:text-24\">Auf der Tour stellen die Musiker rund um Frontmann Lauri Yl\u00f6nen ihr aktuelles Album &#8222;Weirdo&#8220; vor, welches 2025 erschienen war. Insgesamt handelt es sich bei der Platte um die insgesamt elfte der Band. Das erste Album &#8222;Peep&#8220; erschien bereits im Jahr 1996.<\/p>\n<p class=\"text-18 leading-17 user-text-lg:text-22 user-text-xl:text-24\">Kein Album konnte seit dem Jahr 2023 an &#8222;Dead Letters&#8220; ankn\u00fcpfen, welches in einigen europ\u00e4ischen L\u00e4ndern auf Platz eins der Charts st\u00fcrmte. Grund daf\u00fcr war insbesondere ihr Hit &#8222;In The Shadows&#8220;, der die Band weltber\u00fchmt machte. Auch der Song &#8222;Living In A World Without You&#8220; vom Album &#8222;Black Roses&#8220; (2008) war ein Erfolg. The Rasmus spielen melancholischen Alternative-Rock mit oftmals eing\u00e4ngigen Melodien und d\u00fcsterer Atmosph\u00e4re.<\/p>\n<p class=\"text-18 leading-17 user-text-lg:text-22 user-text-xl:text-24\">Im vergangenen Sommer spielte The Rasmus als einzige internationale Band auf dem Atlas Festival in der Ukraine \u2013 trotz der Gefahr vor russischen Luftangriffen. Innerhalb von drei Tagen kamen durch das Festival umgerechnet mehr als zwei Millionen Euro f\u00fcr die ukrainische Luftabwehr zusammen.<\/p>\n","protected":false},"excerpt":{"rendered":"Tickets bereits erh\u00e4ltlich Erfolgreiche Rockband der 2000er k\u00fcndigt Konzert in Dresden an Aktualisiert am 13.06.2026 &#8211; 04:50 UhrLesedauer:&hellip;\n","protected":false},"author":2,"featured_media":1092357,"comment_status":"","ping_status":"","sticky":false,"template":"","format":"standard","meta":{"footnotes":"","_share_on_mastodon":"0"},"categories":[1835],"tags":[3364,29,2386,3405,3189,156,30,551,4824,355,3188,2096,965,9647,859,293,224174,12755,501],"class_list":["post-1092356","post","type-post","status-publish","format-standard","has-post-thumbnail","category-dresden","tag-de","tag-deutschland","tag-dresden","tag-duesseldorf","tag-estland","tag-frankreich","tag-germany","tag-grossbritannien","tag-hype","tag-italien","tag-lettland","tag-mannheim","tag-niederlande","tag-rockband","tag-sachsen","tag-schweiz","tag-the-rasmus","tag-ulm","tag-ungarn"],"share_on_mastodon":{"url":"https:\/\/pubeurope.com\/@de\/116745060619674789","error":""},"_links":{"self":[{"href":"https:\/\/www.europesays.com\/de\/wp-json\/wp\/v2\/posts\/1092356","targetHints":{"allow":["GET"]}}],"collection":[{"href":"https:\/\/www.europesays.com\/de\/wp-json\/wp\/v2\/posts"}],"about":[{"href":"https:\/\/www.europesays.com\/de\/wp-json\/wp\/v2\/types\/post"}],"author":[{"embeddable":true,"href":"https:\/\/www.europesays.com\/de\/wp-json\/wp\/v2\/users\/2"}],"replies":[{"embeddable":true,"href":"https:\/\/www.europesays.com\/de\/wp-json\/wp\/v2\/comments?post=1092356"}],"version-history":[{"count":0,"href":"https:\/\/www.europesays.com\/de\/wp-json\/wp\/v2\/posts\/1092356\/revisions"}],"wp:featuredmedia":[{"embeddable":true,"href":"https:\/\/www.europesays.com\/de\/wp-json\/wp\/v2\/media\/1092357"}],"wp:attachment":[{"href":"https:\/\/www.europesays.com\/de\/wp-json\/wp\/v2\/media?parent=1092356"}],"wp:term":[{"taxonomy":"category","embeddable":true,"href":"https:\/\/www.europesays.com\/de\/wp-json\/wp\/v2\/categories?post=1092356"},{"taxonomy":"post_tag","embeddable":true,"href":"https:\/\/www.europesays.com\/de\/wp-json\/wp\/v2\/tags?post=1092356"}],"curies":[{"name":"wp","href":"https:\/\/api.w.org\/{rel}","templated":true}]}}