{"id":1092706,"date":"2026-06-14T01:45:21","date_gmt":"2026-06-14T01:45:21","guid":{"rendered":"https:\/\/www.europesays.com\/de\/1092706\/"},"modified":"2026-06-14T01:45:21","modified_gmt":"2026-06-14T01:45:21","slug":"goerlitz-auftritt-verlegt-deshalb-kommt-kerstin-ott-nicht-nach-goerlitz","status":"publish","type":"post","link":"https:\/\/www.europesays.com\/de\/1092706\/","title":{"rendered":"G\u00f6rlitz: Auftritt verlegt \u2013 Deshalb kommt Kerstin Ott nicht nach G\u00f6rlitz"},"content":{"rendered":"<p>            <img loading=\"lazy\" decoding=\"async\" class=\"article__img\" alt=\"Cottbus statt G\u00f6rlitz: Am 5. September wird Kerstin Ott (44) nicht in Ostsachsen, sondern in S\u00fcdbrandenburg ihre Songs performen. (Archivfoto)\" width=\"951\" height=\"634\" src=\"https:\/\/www.europesays.com\/de\/wp-content\/uploads\/2026\/06\/gz1wh6h7055zbizrt9ih2hk40g14b87d.jpg\"  \/><\/p>\n<p>            Cottbus statt G\u00f6rlitz: Am 5. September wird Kerstin Ott (44) nicht in Ostsachsen, sondern in S\u00fcdbrandenburg ihre Songs performen. (Archivfoto)\u00a0\u00a0\u00a9\u00a0Britta Pedersen\/dpa <\/p>\n<p>Die S\u00e4ngerin wird am 5. September in der Stadthalle von Cottbus auf der B\u00fchne stehen, wie Rudolf Hauptmann (73) von &#8222;rh events&#8220; gegen\u00fcber <a rel=\"nofollow noopener\" href=\"https:\/\/www.tag24.de\/\" data-vars-href=\"https:\/\/www.tag24.de\/\" data-vars-identifier=\"1781355684154\" data-vars- target=\"_blank\">TAG24<\/a> erkl\u00e4rte.<\/p>\n<p>Grund sei die Verleihung der &#8222;Goldenen Henne&#8220; im MDR, wo die K\u00fcnstlerin auftreten werde. Der urspr\u00fcngliche Termin f\u00fcr Cottbus am 4. September sei deshalb nicht mehr realisierbar gewesen.<\/p>\n<p>&#8222;Wir hatten daf\u00fcr aber schon \u00fcber 1000 Tickets verkauft&#8220;, berichtet Hauptmann. Der Termin sei daher um einen Tag verschoben worden. &#8222;In G\u00f6rlitz waren eh viel zu wenig Tickets verkauft&#8220;, so der 73-J\u00e4hrige.<\/p>\n<p>                             <a data-aid=\"3437461\" data-atype=\"news\" data-aplacement=\"inread-article\" data-aplacementid=\"3507695\" href=\"https:\/\/www.tag24.de\/unterhaltung\/promis\/kerstin-ott\/kerstin-ott-uebt-scharfe-kritik-waehrend-leipzig-konzert-ich-finde-das-so-widerwaertig-3437461\" rel=\"nofollow noopener\" target=\"_blank\"><img loading=\"lazy\" decoding=\"async\" width=\"85\" height=\"57\" alt=\"Kerstin Ott \u00fcbt scharfe Kritik w\u00e4hrend Leipzig-Konzert: &quot;Ich finde das so widerw\u00e4rtig&quot;\" src=\"https:\/\/www.europesays.com\/de\/wp-content\/uploads\/2026\/06\/1fghhsfq1jpgm92ojr00q2b1g9tyjpyv.jpg\"\/><\/a><\/p>\n<p>            Kerstin Ott<br \/>\n                            <a class=\"inread-article__headline\" data-aid=\"3437461\" data-atype=\"news\" data-aplacement=\"inread-article\" data-aplacementid=\"3507695\" href=\"https:\/\/www.tag24.de\/unterhaltung\/promis\/kerstin-ott\/kerstin-ott-uebt-scharfe-kritik-waehrend-leipzig-konzert-ich-finde-das-so-widerwaertig-3437461\" rel=\"nofollow noopener\" target=\"_blank\">Kerstin Ott \u00fcbt scharfe Kritik w\u00e4hrend Leipzig-Konzert: &#8222;Ich finde das so widerw\u00e4rtig&#8220;<\/a><\/p>\n<p>Betroffene Karteninhaber k\u00f6nnten entweder das Ersatzkonzert in Cottbus wahrnehmen oder im n\u00e4chsten Jahr zum Lausitzer Schlagerfestival nach Kamenz kommen. Auch eine Erstattung sei m\u00f6glich (Mail: <a target=\"_blank\" rel=\"nofollow noopener\" href=\"http:\/\/www.tag24.de\/cdn-cgi\/l\/email-protection#cda4a3aba28dbfa5e0a8bba8a3b9bee3a8b8\" data-vars-href=\"mailto:info@rh-events.eu\" data-vars-identifier=\"1781358419720\">[email\u00a0protected]<\/a>).<\/p>\n<p><strong>Der Ott-Auftritt sollte eigentlich den Abschluss der diesj\u00e4hrigen Sommerkonzerte auf dem Hof der G\u00f6rlitzer Brauerei bilden. Als Acts sind weiterhin etwa die Comedians Lisa Eckhart (33) und <\/strong><a rel=\"nofollow noopener\" class=\"intern-link\" href=\"https:\/\/www.tag24.de\/unterhaltung\/promis\/olaf-schubert\" data-vars-href=\"https:\/\/www.tag24.de\/unterhaltung\/promis\/olaf-schubert\" data-vars-identifier=\"1781359387750\" data-vars-origin-id=\"3082\" data-vars- target=\"_blank\">Olaf Schubert<\/a><strong> (58) sowie S\u00e4nger Max Giesinger (37) geplant.<\/strong><\/p>\n","protected":false},"excerpt":{"rendered":"Cottbus statt G\u00f6rlitz: Am 5. September wird Kerstin Ott (44) nicht in Ostsachsen, sondern in S\u00fcdbrandenburg ihre Songs&hellip;\n","protected":false},"author":2,"featured_media":1092707,"comment_status":"","ping_status":"","sticky":false,"template":"","format":"standard","meta":{"footnotes":"","_share_on_mastodon":"0"},"categories":[155],"tags":[29,214,30,215],"class_list":["post-1092706","post","type-post","status-publish","format-standard","has-post-thumbnail","category-unterhaltung","tag-deutschland","tag-entertainment","tag-germany","tag-unterhaltung"],"share_on_mastodon":{"url":"https:\/\/pubeurope.com\/@de\/116745937670418253","error":""},"_links":{"self":[{"href":"https:\/\/www.europesays.com\/de\/wp-json\/wp\/v2\/posts\/1092706","targetHints":{"allow":["GET"]}}],"collection":[{"href":"https:\/\/www.europesays.com\/de\/wp-json\/wp\/v2\/posts"}],"about":[{"href":"https:\/\/www.europesays.com\/de\/wp-json\/wp\/v2\/types\/post"}],"author":[{"embeddable":true,"href":"https:\/\/www.europesays.com\/de\/wp-json\/wp\/v2\/users\/2"}],"replies":[{"embeddable":true,"href":"https:\/\/www.europesays.com\/de\/wp-json\/wp\/v2\/comments?post=1092706"}],"version-history":[{"count":0,"href":"https:\/\/www.europesays.com\/de\/wp-json\/wp\/v2\/posts\/1092706\/revisions"}],"wp:featuredmedia":[{"embeddable":true,"href":"https:\/\/www.europesays.com\/de\/wp-json\/wp\/v2\/media\/1092707"}],"wp:attachment":[{"href":"https:\/\/www.europesays.com\/de\/wp-json\/wp\/v2\/media?parent=1092706"}],"wp:term":[{"taxonomy":"category","embeddable":true,"href":"https:\/\/www.europesays.com\/de\/wp-json\/wp\/v2\/categories?post=1092706"},{"taxonomy":"post_tag","embeddable":true,"href":"https:\/\/www.europesays.com\/de\/wp-json\/wp\/v2\/tags?post=1092706"}],"curies":[{"name":"wp","href":"https:\/\/api.w.org\/{rel}","templated":true}]}}