{"id":1092770,"date":"2026-06-14T02:24:20","date_gmt":"2026-06-14T02:24:20","guid":{"rendered":"https:\/\/www.europesays.com\/de\/1092770\/"},"modified":"2026-06-14T02:24:20","modified_gmt":"2026-06-14T02:24:20","slug":"unfall-bei-kaltenbronn-vermisster-motorradfahrer-tot-geborgen-freudenstadt-umgebung","status":"publish","type":"post","link":"https:\/\/www.europesays.com\/de\/1092770\/","title":{"rendered":"Unfall bei Kaltenbronn: Vermisster Motorradfahrer tot geborgen &#8211; Freudenstadt &#038; Umgebung"},"content":{"rendered":"<p> Ein aus dem Landkreis <a href=\"https:\/\/www.schwarzwaelder-bote.de\/thema\/B%C3%B6blingen\" title=\"B\u00f6blingen\" class=\"art_thema\" rel=\"nofollow noopener\" target=\"_blank\">B\u00f6blingen<\/a> stammender <a href=\"https:\/\/www.schwarzwaelder-bote.de\/thema\/Motorradfahrer\" title=\"Motorradfahrer\" class=\"art_thema\" rel=\"nofollow noopener\" target=\"_blank\">Motorradfahrer<\/a> konnte am Samstagmittag in der N\u00e4he des Kaltenbronn nur noch tot geborgen werden, berichtet die <a href=\"https:\/\/www.schwarzwaelder-bote.de\/thema\/Polizei\" title=\"Polizei\" class=\"art_thema\" rel=\"nofollow noopener\" target=\"_blank\">Polizei<\/a>.<\/p>\n<p>Durch Beamte des Polizeireviers Gaggenau und des Verkehrsdienstes Baden-Baden, wurden vor Ort die Ermittlungen zur Unfallursache durchgef\u00fchrt.<\/p>\n<p>Nach bisherigen Erkenntnissen war der Motorradfahrer auf der L76b in Richtung Kaltenbronn\/Gernsbach unterwegs gewesen und hierbei in einer Rechtskurve alleinbeteiligt von der Fahrbahn abgekommen. Beim Sturz zog er sich offensichtlich die t\u00f6dlichen Verletzungen zu.<\/p>\n<p>W\u00e4hrend der Unfallaufnahme und den Bergungsma\u00dfnahmen musste die Landesstra\u00dfe bis gegen 16.20 Uhr halbseitig gesperrt werden.<\/p>\n","protected":false},"excerpt":{"rendered":"Ein aus dem Landkreis B\u00f6blingen stammender Motorradfahrer konnte am Samstagmittag in der N\u00e4he des Kaltenbronn nur noch tot&hellip;\n","protected":false},"author":2,"featured_media":1092771,"comment_status":"","ping_status":"","sticky":false,"template":"","format":"standard","meta":{"footnotes":"","_share_on_mastodon":"0"},"categories":[5],"tags":[331,332,23660,3364,29,12245,12246,30,94286,13,231791,2335,14,15,121,12,23906,231792,1284],"class_list":["post-1092770","post","type-post","status-publish","format-standard","has-post-thumbnail","category-nachrichten","tag-aktuelle-nachrichten","tag-aktuelle-news","tag-boeblingen","tag-de","tag-deutschland","tag-freudenstadt","tag-freudenstadt-umgebung","tag-germany","tag-gernsbach","tag-headlines","tag-kaltenbronn","tag-kreis-freudenstadt","tag-nachrichten","tag-news","tag-polizei","tag-schlagzeilen","tag-schwarzwald","tag-seewald","tag-unfall"],"share_on_mastodon":{"url":"https:\/\/pubeurope.com\/@de\/116746090334463919","error":""},"_links":{"self":[{"href":"https:\/\/www.europesays.com\/de\/wp-json\/wp\/v2\/posts\/1092770","targetHints":{"allow":["GET"]}}],"collection":[{"href":"https:\/\/www.europesays.com\/de\/wp-json\/wp\/v2\/posts"}],"about":[{"href":"https:\/\/www.europesays.com\/de\/wp-json\/wp\/v2\/types\/post"}],"author":[{"embeddable":true,"href":"https:\/\/www.europesays.com\/de\/wp-json\/wp\/v2\/users\/2"}],"replies":[{"embeddable":true,"href":"https:\/\/www.europesays.com\/de\/wp-json\/wp\/v2\/comments?post=1092770"}],"version-history":[{"count":0,"href":"https:\/\/www.europesays.com\/de\/wp-json\/wp\/v2\/posts\/1092770\/revisions"}],"wp:featuredmedia":[{"embeddable":true,"href":"https:\/\/www.europesays.com\/de\/wp-json\/wp\/v2\/media\/1092771"}],"wp:attachment":[{"href":"https:\/\/www.europesays.com\/de\/wp-json\/wp\/v2\/media?parent=1092770"}],"wp:term":[{"taxonomy":"category","embeddable":true,"href":"https:\/\/www.europesays.com\/de\/wp-json\/wp\/v2\/categories?post=1092770"},{"taxonomy":"post_tag","embeddable":true,"href":"https:\/\/www.europesays.com\/de\/wp-json\/wp\/v2\/tags?post=1092770"}],"curies":[{"name":"wp","href":"https:\/\/api.w.org\/{rel}","templated":true}]}}