{"id":1092797,"date":"2026-06-14T02:46:30","date_gmt":"2026-06-14T02:46:30","guid":{"rendered":"https:\/\/www.europesays.com\/de\/1092797\/"},"modified":"2026-06-14T02:46:30","modified_gmt":"2026-06-14T02:46:30","slug":"messerattacken-in-essen-essener-messerstecher-soll-islamist-sein-prozessbeginn","status":"publish","type":"post","link":"https:\/\/www.europesays.com\/de\/1092797\/","title":{"rendered":"Messerattacken in Essen: Essener Messerstecher soll Islamist sein &#8211; Prozessbeginn"},"content":{"rendered":"<p class=\"paragraph article__item\">Als ein Sch\u00fcler vor neun Monaten an einem Berufskolleg in Essen seine Lehrerin niederstach, deutete zun\u00e4chst nichts auf einen islamistischen Angriff hin. Doch es war nicht die einzige Tat, die der damals 17-J\u00e4hrige an diesem Tag begangen haben soll &#8211; und nach einer Woche \u00fcbernahm die <a class=\"rtr-entity\" href=\"https:\/\/www.zeit.de\/thema\/bundesanwaltschaft\" rel=\"nofollow noopener\" target=\"_blank\">Bundesanwaltschaft<\/a> den Fall.\u00a0\n<\/p>\n<p>Aktuelles<\/p>\n<p>                <a href=\"https:\/\/www.zeit.de\/gesellschaft\/zeitgeschehen\/2026-05\/angriff-holocaust-mahnmal-berlin-festnahme-helfer-gxe\" data-ct-label=\"Berlin: Weiterer Verd\u00e4chtiger nach Angriff am Holocaust-Mahnmal festgenommen\" data-uuid=\"8b022a6c-ac46-44e5-b2b6-921bdabf4b27\" rel=\"nofollow noopener\" target=\"_blank\"><\/p>\n<p>                        Berlin:<br \/>\n                        Weiterer Verd\u00e4chtiger nach Angriff am Holocaust-Mahnmal festgenommen<\/p>\n<p>                <\/a><\/p>\n<p>                <a href=\"https:\/\/www.zeit.de\/gesellschaft\/2026-06\/terroranschlag-bielefeld-urteil-oberlandesgericht-duesseldorf-gxe\" data-ct-label=\"Terroranschlag in Bielefeld: T\u00e4ter nach Messerangriff in Bielefeld zu lebenslanger Haft verurteilt\" data-uuid=\"f5f3897c-aa72-465b-ba1e-4a6cfbff189e\" rel=\"nofollow noopener\" target=\"_blank\"><\/p>\n<p>                        Terroranschlag in Bielefeld:<br \/>\n                        T\u00e4ter nach Messerangriff in Bielefeld zu lebenslanger Haft verurteilt<\/p>\n<p>                <\/a><\/p>\n<p>                <a href=\"https:\/\/www.zeit.de\/gesellschaft\/2026-05\/bundesanwaltschaft-anklage-is-mitglieder-irak-duesseldorf-gxe\" data-ct-label=\"Islamismus: Bundesanwaltschaft klagt mutma\u00dfliche IS-Mitglieder aus dem Irak an\" data-uuid=\"a98a0e78-cde8-4f75-a2e9-cf90d0f6cfa5\" rel=\"nofollow noopener\" target=\"_blank\"><\/p>\n<p>                        Islamismus:<br \/>\n                        Bundesanwaltschaft klagt mutma\u00dfliche IS-Mitglieder aus dem Irak an<\/p>\n<p>                <\/a><\/p>\n<p class=\"paragraph article__item\">Von diesem Montag an muss sich der inzwischen 18 Jahre alte mutma\u00dfliche Messerstecher im Hochsicherheitstrakt des D\u00fcsseldorfer Oberlandesgerichts vor einem Staatsschutzsenat verantworten &#8211; unter anderem wegen dreifachen versuchten Mordes.\u00a0\n<\/p>\n<p class=\"paragraph article__item\">Er soll nicht nur mehrfach auf die 45-j\u00e4hrige Lehrerin eingestochen haben. Auch einen Hausmeister an einer Grundschule und einen Obdachlosen an einer Bushaltestelle soll der junge Kosovar damals angegriffen haben. Danach habe er m\u00f6glichst viele Juden t\u00f6ten wollen, aber keine gefunden, als er zweimal an der Alten Synagoge in Essen erschien und nach ihnen Ausschau gehalten habe.\u00a0\n<\/p>\n<p>            Anklage sieht islamistische Motivation            <\/p>\n<p class=\"paragraph article__item\">Nach Ansicht der Bundesanwaltschaft waren die Taten islamistisch motiviert: Der Jugendliche sei an diesem Tag als \u00fcberzeugter Islamist gegen vermeintliche Ungl\u00e4ubige in den Dschihad gezogen. \u00abBei den Angriffen handelte der Beschuldigte aus einer radikal-islamistischen \u00dcberzeugung heraus, die sich gegen die freiheitliche Gesellschaftsform in Deutschland richtet\u00bb, hatte die Karlsruher Beh\u00f6rde mitgeteilt.\u00a0\n<\/p>\n<p class=\"paragraph article__item\">Damit sei die Tat geeignet gewesen, die innere Sicherheit der Bundesrepublik zu beeintr\u00e4chtigen. Eine Auswertung von Datentr\u00e4gern hatte Hinweise auf die islamistische Motivation ergeben. Der Jugendliche soll entsprechende Videos angefertigt haben.\u00a0\n<\/p>\n<p class=\"paragraph article__item\">Da sich der Hausmeister wehrte, habe der Verd\u00e4chtige ihn nicht mit dem Messer verletzen k\u00f6nnen. Alle Opfer \u00fcberlebten, trugen aber teils schwere Verletzungen davon. Die Lehrerin schwebte in akuter Lebensgefahr. Mehrere hundert Sch\u00fcler und Lehrer mussten viereinhalb Stunden im Berufskolleg ausharren, bevor sie es verlassen konnten. Viele Eltern warteten in gro\u00dfer Sorge vor dem von der Polizei abgeriegelten Geb\u00e4ude.\u00a0\n<\/p>\n<p>            Durch Schuss im Gesicht verletzt            <\/p>\n<p class=\"paragraph article__item\">Um seinen M\u00e4rtyrertod zu provozieren, sei der Verd\u00e4chtige schlie\u00dflich in einem Park in der N\u00e4he des Essener Hauptbahnhofs einige Stunden nach der Attacke auf die Lehrerin mit vorgehaltenem Messer auf Polizisten zugelaufen, hei\u00dft es in der Anklage. Durch einen Schuss wurde er gestoppt und im Gesicht verletzt; er musste operiert und auf einer Intensivstation behandelt werden.\u00a0\n<\/p>\n<p class=\"paragraph article__item\">Die Bundesanwaltschaft legt ihm in der Anklage neben dreifachem versuchten Mord auch gef\u00e4hrliche K\u00f6rperverletzung, Widerstand gegen Vollstreckungsbeamte und N\u00f6tigung zur Last. Der Wuppertaler Verteidiger des Angeklagten wollte vor Prozessbeginn keine Stellungnahme zu den Anklagevorw\u00fcrfen abgeben, wie er auf Anfrage sagte.\u00a0\n<\/p>\n<p class=\"paragraph article__item\">Da sein Mandant zur Tatzeit Jugendlicher war, wird die \u00d6ffentlichkeit dem Prozess vermutlich nur wenige Minuten beiwohnen k\u00f6nnen: Gleich zu Beginn soll \u00fcber ihren Ausschluss entschieden werden. F\u00fcr das Verfahren sind bislang 13 Verhandlungstage bis Anfang September angesetzt.\n<\/p>\n<p class=\"paragraph article__item\">\u00a9 dpa-infocom, dpa:260612-930-211487\/1<\/p>\n","protected":false},"excerpt":{"rendered":"Als ein Sch\u00fcler vor neun Monaten an einem Berufskolleg in Essen seine Lehrerin niederstach, deutete zun\u00e4chst nichts auf&hellip;\n","protected":false},"author":2,"featured_media":1092798,"comment_status":"","ping_status":"","sticky":false,"template":"","format":"standard","meta":{"footnotes":"","_share_on_mastodon":"0"},"categories":[1834],"tags":[36909,18330,3364,29,3688,30,2842,231793,15,1209,2797],"class_list":["post-1092797","post","type-post","status-publish","format-standard","has-post-thumbnail","category-essen","tag-berufskolleg","tag-bundesanwaltschaft","tag-de","tag-deutschland","tag-essen","tag-germany","tag-messerattacke","tag-messerattacken-in-essen","tag-news","tag-nordrhein-westfalen","tag-prozessbeginn"],"share_on_mastodon":{"url":"https:\/\/pubeurope.com\/@de\/116746177002736953","error":""},"_links":{"self":[{"href":"https:\/\/www.europesays.com\/de\/wp-json\/wp\/v2\/posts\/1092797","targetHints":{"allow":["GET"]}}],"collection":[{"href":"https:\/\/www.europesays.com\/de\/wp-json\/wp\/v2\/posts"}],"about":[{"href":"https:\/\/www.europesays.com\/de\/wp-json\/wp\/v2\/types\/post"}],"author":[{"embeddable":true,"href":"https:\/\/www.europesays.com\/de\/wp-json\/wp\/v2\/users\/2"}],"replies":[{"embeddable":true,"href":"https:\/\/www.europesays.com\/de\/wp-json\/wp\/v2\/comments?post=1092797"}],"version-history":[{"count":0,"href":"https:\/\/www.europesays.com\/de\/wp-json\/wp\/v2\/posts\/1092797\/revisions"}],"wp:featuredmedia":[{"embeddable":true,"href":"https:\/\/www.europesays.com\/de\/wp-json\/wp\/v2\/media\/1092798"}],"wp:attachment":[{"href":"https:\/\/www.europesays.com\/de\/wp-json\/wp\/v2\/media?parent=1092797"}],"wp:term":[{"taxonomy":"category","embeddable":true,"href":"https:\/\/www.europesays.com\/de\/wp-json\/wp\/v2\/categories?post=1092797"},{"taxonomy":"post_tag","embeddable":true,"href":"https:\/\/www.europesays.com\/de\/wp-json\/wp\/v2\/tags?post=1092797"}],"curies":[{"name":"wp","href":"https:\/\/api.w.org\/{rel}","templated":true}]}}