{"id":1092812,"date":"2026-06-14T02:54:17","date_gmt":"2026-06-14T02:54:17","guid":{"rendered":"https:\/\/www.europesays.com\/de\/1092812\/"},"modified":"2026-06-14T02:54:17","modified_gmt":"2026-06-14T02:54:17","slug":"tote-hosen-in-stuttgart-so-war-das-konzert-auf-dem-wasen","status":"publish","type":"post","link":"https:\/\/www.europesays.com\/de\/1092812\/","title":{"rendered":"Tote Hosen in Stuttgart: So war das Konzert auf dem Wasen"},"content":{"rendered":"<p>Die Toten Hosen haben in Stuttgart am Samstagabend mit rund 65.000 Fans gefeiert. Das Open-Air-Konzert markierte in Deutschland den Beginn der Abschiedstour &#8222;Trink Aus! Wir M\u00fcssen Gehen&#8220;, mit der sich die D\u00fcsseldorfer Punkband nach mehr als vier Jahrzehnten Bandgeschichte von ihren Anh\u00e4ngern verabschiedet.<\/p>\n<p>Festivalstimmung auf dem Cannstatter Wasen<\/p>\n<p>Die Abschiedstour war Anfang der Woche im luxemburgischen Esch an der Alzette gestartet. In Stuttgart folgte nun der erste gro\u00dfe Deutschland-Auftritt der Tournee. <\/p>\n<p>Bereits am fr\u00fchen Abend hatte als Vorband unter anderem Feine Sahne Fischfilet das Publikum aufgew\u00e4rmt. Als Die Toten Hosen die B\u00fchne betraten, herrschte auf dem Cannstatter Wasen Festivalstimmung. <\/p>\n<p>Band um Frontmann Campino spielt Klassiker und neue Songs<\/p>\n<p>Die Band um Frontmann Campino spielte bekannte Klassiker wie &#8222;Tage wie diese&#8220;, &#8222;Bonnie &amp; Clyde&#8220; und &#8222;Hier kommt Alex&#8220;, aber auch neuere Titel geh\u00f6rten zum Programm. Die Zuschauer sangen viele Songs lautstark mit und verwandelten den Wasen in einen gro\u00dfen Freiluft-Chor. <\/p>\n<p>Stuttgart<\/p>\n<p><a href=\"https:\/\/www.swr.de\/swraktuell\/baden-wuerttemberg\/stuttgart\/faq-die-toten-hosen-trink-aus-wir-muessen-gehen-tourstart-wasen-100.html\" class=\"teasertracking clickzone link\" role=\"presentation\" tabindex=\"-1\" rel=\"nofollow noopener\" target=\"_blank\"><\/p>\n<p><img src=\"https:\/\/www.europesays.com\/de\/wp-content\/uploads\/2026\/06\/1781337336388,die-toten-hosen-132~_v-1x1@2dXS_-9a91314e681c924f29ec89ca45e4e12f5b1d728e.jpg\"   class=\"\" data-copyright=\"Foto: dpa Bildfunk, picture alliance\/dpa | Thomas Frey\" alt=\"&quot;Die Toten Hosen&quot; bei &quot;Rock am Ring&quot; 2023 (Archivbild)\" width=\"320\" height=\"320\" decoding=\"async\" loading=\"lazy\"\/><\/p>\n<p><\/a><\/p>\n<p><a href=\"https:\/\/www.swr.de\/swraktuell\/baden-wuerttemberg\/stuttgart\/faq-die-toten-hosen-trink-aus-wir-muessen-gehen-tourstart-wasen-100.html\" class=\"teasertracking clickzone link\" rel=\"nofollow noopener\" target=\"_blank\"><br \/>\nDeutschland-Start der Abschiedstour<br \/>\n&#8222;Die Toten Hosen&#8220; in Stuttgart: Alles rund ums Konzert auf dem Wasen<br \/>\n<\/a><\/p>\n<p><a href=\"https:\/\/www.swr.de\/swraktuell\/baden-wuerttemberg\/stuttgart\/faq-die-toten-hosen-trink-aus-wir-muessen-gehen-tourstart-wasen-100.html\" class=\"teasertracking clickzone link\" rel=\"nofollow noopener\" target=\"_blank\"><\/p>\n<p>Rund 65.000 Besucherinnen und Besucher werden am Samstag zum wohl letzten Konzert der D\u00fcsseldorfer Punk-Rocker auf dem Cannstatter Wasen erwartet. Was Fans wissen sollten.\n<\/p>\n<p><\/a><\/p>\n<p>Kapitel deutscher Rock- und Punkgeschichte endet<\/p>\n<p>Im Laufe der kommenden Monate sind fast zwei Dutzend weitere Hosen-Konzerte in Deutschland, \u00d6sterreich und Luxemburg geplant. Das voraussichtlich letzte Stadionkonzert der Band ist f\u00fcr Juli 2027 in D\u00fcsseldorf geplant, der Heimatstadt der Hosen.<\/p>\n<p>Mit der Tournee endet ein Kapitel deutscher Rock- und Punkgeschichte. Die Toten Hosen geh\u00f6ren seit den fr\u00fchen 1980er-Jahren zu den pr\u00e4genden deutschen Rockbands. 1988 gelang ihnen mit &#8222;Hier kommt Alex&#8220; der kommerzielle Durchbruch, sp\u00e4ter folgten zahlreiche Nummer-eins-Alben und gro\u00dfe Stadiontourneen.<\/p>\n<p>\nUnsere Artikel gezielt bei Google anzeigen lassen\n<\/p>\n<p>Wenn Sie bei Google nach Informationen suchen, werden Ihnen bestimmte Nachrichten in der sogenannten Schlagzeilen-Box angezeigt. Welche das sind, k\u00f6nnen Sie jetzt direkt mitbestimmen.<\/p>\n<p>Wenn Sie SWR Aktuell als bevorzugte Quelle hinterlegen, bekommen Sie unsere Inhalte auch \u00f6fter ausgespielt. Wie das genau geht, erkl\u00e4ren wir Ihnen <a href=\"https:\/\/www.swr.de\/home\/swr-bevorzugte-quelle-google-100.html\" class=\"link link-inline inline-link\" title=\"Immer top informiert sein - Jetzt SWR als &quot;Bevorzugte Quelle&quot; bei Google hinzuf\u00fcgen\" rel=\"nofollow noopener\" target=\"_blank\">hier<\/a>.<\/p>\n<p>\u2192 Hier k\u00f6nnen Sie <a href=\"https:\/\/1.ard.de\/preferedsources\" class=\"link link-inline inline-link\" title=\"Google\" target=\"_blank\" rel=\"noopener nofollow\" data-pjax=\"0\">SWR Aktuell als Ihre bevorzugte Quelle einstellen<\/a>.<\/p>\n","protected":false},"excerpt":{"rendered":"Die Toten Hosen haben in Stuttgart am Samstagabend mit rund 65.000 Fans gefeiert. Das Open-Air-Konzert markierte in Deutschland&hellip;\n","protected":false},"author":2,"featured_media":1092813,"comment_status":"","ping_status":"","sticky":false,"template":"","format":"standard","meta":{"footnotes":"","_share_on_mastodon":"0"},"categories":[1830],"tags":[1634,3364,29,30,1441],"class_list":["post-1092812","post","type-post","status-publish","format-standard","has-post-thumbnail","category-stuttgart","tag-baden-wuerttemberg","tag-de","tag-deutschland","tag-germany","tag-stuttgart"],"share_on_mastodon":{"url":"https:\/\/pubeurope.com\/@de\/116746209800238183","error":""},"_links":{"self":[{"href":"https:\/\/www.europesays.com\/de\/wp-json\/wp\/v2\/posts\/1092812","targetHints":{"allow":["GET"]}}],"collection":[{"href":"https:\/\/www.europesays.com\/de\/wp-json\/wp\/v2\/posts"}],"about":[{"href":"https:\/\/www.europesays.com\/de\/wp-json\/wp\/v2\/types\/post"}],"author":[{"embeddable":true,"href":"https:\/\/www.europesays.com\/de\/wp-json\/wp\/v2\/users\/2"}],"replies":[{"embeddable":true,"href":"https:\/\/www.europesays.com\/de\/wp-json\/wp\/v2\/comments?post=1092812"}],"version-history":[{"count":0,"href":"https:\/\/www.europesays.com\/de\/wp-json\/wp\/v2\/posts\/1092812\/revisions"}],"wp:featuredmedia":[{"embeddable":true,"href":"https:\/\/www.europesays.com\/de\/wp-json\/wp\/v2\/media\/1092813"}],"wp:attachment":[{"href":"https:\/\/www.europesays.com\/de\/wp-json\/wp\/v2\/media?parent=1092812"}],"wp:term":[{"taxonomy":"category","embeddable":true,"href":"https:\/\/www.europesays.com\/de\/wp-json\/wp\/v2\/categories?post=1092812"},{"taxonomy":"post_tag","embeddable":true,"href":"https:\/\/www.europesays.com\/de\/wp-json\/wp\/v2\/tags?post=1092812"}],"curies":[{"name":"wp","href":"https:\/\/api.w.org\/{rel}","templated":true}]}}