{"id":1093125,"date":"2026-06-14T06:14:18","date_gmt":"2026-06-14T06:14:18","guid":{"rendered":"https:\/\/www.europesays.com\/de\/1093125\/"},"modified":"2026-06-14T06:14:18","modified_gmt":"2026-06-14T06:14:18","slug":"hape-kerkeling-entertainer-reagiert-auf-bundespraesidenten-petition","status":"publish","type":"post","link":"https:\/\/www.europesays.com\/de\/1093125\/","title":{"rendered":"Hape Kerkeling: Entertainer reagiert auf Bundespr\u00e4sidenten-Petition"},"content":{"rendered":"<p>Petition will ihn als Bundespr\u00e4sidenten <\/p>\n<p>Hape Kerkeling \u00fcberrascht mit Reaktion<\/p>\n<p>Aktualisiert am 14.06.2026 &#8211; 07:29 UhrLesedauer: 2 Min.<\/p>\n<p><a href=\"#focus-0\" class=\"transition-colors block text-current relative\" data-sctrack=\"FocusGalleryImage.Reference\"><img fetchpriority=\"high\" data-testid=\"Opener.Image\"   loading=\"eager\" src=\"https:\/\/www.europesays.com\/de\/wp-content\/uploads\/2026\/06\/hape-kerkeling-er-aeussert-sich-kritisch-zu-gesellschaftlichen-entwicklungen.jpg\" alt=\"Hape Kerkeling: Er \u00e4u\u00dfert sich kritisch zu gesellschaftlichen Entwicklungen.\" title=\"Hape Kerkeling: Er \u00e4u\u00dfert sich kritisch zu gesellschaftlichen Entwicklungen.\" width=\"1890\" height=\"1063\" class=\"bg-[url:var(--lqipURL)] bg-cover bg-center flex h-full w-full max-w-full\" style=\"--lqipURL:url('https:\/\/images.t-online.de\/2026\/03\/bbjAOdZw9eQe\/743x211:1890x1063\/fit-in\/150x0\/filters:blur(25)\/hape-kerkeling-er-aeussert-sich-kritisch-zu-gesellschaftlichen-entwicklungen.jpg')\" decoding=\"async\"\/><img loading=\"lazy\" src=\"https:\/\/www.t-online.de\/s\/paper\/_next\/static\/media\/zoom-in.f7dae02f.svg\" alt=\"Vergr\u00f6\u00dfern des Bildes\" title=\"Vergr\u00f6\u00dfern des Bildes\" class=\"block h-[calc(var(--height)_\/_16_*_1rem)] w-[calc(var(--width)_\/_16_*_1rem)] max-w-none absolute right-8 bottom-8 rounded-4 bg-snow p-8\" style=\"--width:32;--height:32\" decoding=\"async\"\/><\/a><\/p>\n<p>Hape Kerkeling: Er \u00e4u\u00dfert sich kritisch zu gesellschaftlichen Entwicklungen. (Quelle: IMAGO \/ Future Image)<\/p>\n<p><img loading=\"lazy\" src=\"https:\/\/www.t-online.de\/s\/paper\/_next\/static\/media\/audio-volume.6689034c.svg\" alt=\"\" title=\"\" class=\"block h-[calc(var(--height)_\/_16_*_1rem)] w-[calc(var(--width)_\/_16_*_1rem)] max-w-none group-hover:brightness-0 group-hover:invert\" style=\"--width:16;--height:16\" decoding=\"async\"\/>Vorlesen<\/p>\n<p>Aktuelle Zeit:0:00Gesamtdauer:0:00<\/p>\n<p>1x<\/p>\n<p class=\"text-center\">Jetzt neu bei t-online:<\/p>\n<p class=\"text-center\">Schriftgr\u00f6\u00dfe anpassen!<\/p>\n<p><img loading=\"lazy\" src=\"https:\/\/www.t-online.de\/s\/paper\/_next\/static\/media\/font-sizes.32942e33.svg\" alt=\"\" title=\"\" class=\"block h-[calc(var(--height)_\/_16_*_1rem)] w-[calc(var(--width)_\/_16_*_1rem)] max-w-none group-hover:hidden group-aria-expanded:hidden\" style=\"--width:16;--height:16\" decoding=\"async\"\/><img loading=\"lazy\" src=\"https:\/\/www.t-online.de\/s\/paper\/_next\/static\/media\/font-sizes-dark-mode.e382645c.svg\" alt=\"\" title=\"\" class=\"block h-[calc(var(--height)_\/_16_*_1rem)] w-[calc(var(--width)_\/_16_*_1rem)] max-w-none hidden group-hover:block group-aria-expanded:block\" style=\"--width:16;--height:16\" decoding=\"async\"\/><img loading=\"lazy\" src=\"https:\/\/www.t-online.de\/s\/paper\/_next\/static\/media\/sharing-menu-icon.1eb71368.svg\" alt=\"\" title=\"\" class=\"block h-[calc(var(--height)_\/_16_*_1rem)] w-[calc(var(--width)_\/_16_*_1rem)] max-w-none group-hover:brightness-0 group-hover:invert\" style=\"--width:16;--height:16\" decoding=\"async\"\/>Artikel teilen<\/p>\n<p class=\"font-bold text-18 leading-17 user-text-lg:text-22 user-text-xl:text-24\">Zehntausende wollen den Entertainer in dem Amt sehen, unterzeichneten eine Petition. Doch sieht Hape Kerkeling sich selbst als Bundespr\u00e4sidenten?<\/p>\n<p class=\"text-18 leading-17 user-text-lg:text-22 user-text-xl:text-24\">Am 30. Januar 2027 wird der Nachfolger von <a class=\"transition-colors cursor-pointer text-inherit no-underline text-salemsfur md:hover:text-magenta md:hover:border-magenta md:focus:text-magenta border-current border-b border-solid break-words\" data-tracking=\"{&quot;action&quot;:&quot;click&quot;,&quot;category&quot;:&quot;intextLink&quot;,&quot;label&quot;:&quot;\/themen\/bundespraesident\/&quot;}\" href=\"https:\/\/www.t-online.de\/themen\/bundespraesident\/\" data-sctrack=\"BodyAnchor\" rel=\"nofollow noopener\" target=\"_blank\">Bundespr\u00e4sident<\/a> <a class=\"transition-colors cursor-pointer text-inherit no-underline text-salemsfur md:hover:text-magenta md:hover:border-magenta md:focus:text-magenta border-current border-b border-solid break-words\" data-tracking=\"{&quot;action&quot;:&quot;click&quot;,&quot;category&quot;:&quot;intextLink&quot;,&quot;label&quot;:&quot;\/themen\/frank-walter-steinmeier\/&quot;}\" href=\"https:\/\/www.t-online.de\/themen\/frank-walter-steinmeier\/\" data-sctrack=\"BodyAnchor\" rel=\"nofollow noopener\" target=\"_blank\">Frank-Walter Steinmeier<\/a> durch die Mitglieder der Bundesversammlung gew\u00e4hlt. Wenn es nach einer Online-Petition auf der Plattform des Vereins Campact geht, dann sollte <a class=\"transition-colors cursor-pointer text-inherit no-underline text-salemsfur md:hover:text-magenta md:hover:border-magenta md:focus:text-magenta border-current border-b border-solid break-words\" data-tracking=\"{&quot;action&quot;:&quot;click&quot;,&quot;category&quot;:&quot;intextLink&quot;,&quot;label&quot;:&quot;\/themen\/hape-kerkeling\/&quot;}\" href=\"https:\/\/www.t-online.de\/themen\/hape-kerkeling\/\" data-sctrack=\"BodyAnchor\" rel=\"nofollow noopener\" target=\"_blank\">Hape Kerkeling<\/a> das Amt \u00fcbernehmen. Fast 50.000 Menschen unterzeichneten bereits den Aufruf, der Spitzenvertreter der Parteien dazu auffordert, den 61-J\u00e4hrigen zu nominieren.<\/p>\n<p class=\"text-18 leading-17 user-text-lg:text-22 user-text-xl:text-24\">Und was sagt Kerkeling selbst dazu? &#8222;Wenn ich so in die Welt schaue und mir angucke, wer in der Welt in f\u00fchrenden Positionen das Sagen hat, dann bin ich geneigt zu sagen: &#8218;Ja, das traue ich mir zu'&#8220;, sagte er in einem Podcast zum diesj\u00e4hrigen CSD in <a class=\"transition-colors cursor-pointer text-inherit no-underline text-salemsfur md:hover:text-magenta md:hover:border-magenta md:focus:text-magenta border-current border-b border-solid break-words\" data-tracking=\"{&quot;action&quot;:&quot;click&quot;,&quot;category&quot;:&quot;intextLink&quot;,&quot;label&quot;:&quot;https:\/\/leipzig.t-online.de\/region\/leipzig\/&quot;}\" href=\"https:\/\/leipzig.t-online.de\/region\/leipzig\/\" data-sctrack=\"BodyAnchor\" rel=\"nofollow noopener\" target=\"_blank\">Leipzig<\/a>, dessen Botschafter er ist, und verwies etwa auf die <a class=\"transition-colors cursor-pointer text-inherit no-underline text-salemsfur md:hover:text-magenta md:hover:border-magenta md:focus:text-magenta border-current border-b border-solid break-words\" data-tracking=\"{&quot;action&quot;:&quot;click&quot;,&quot;category&quot;:&quot;intextLink&quot;,&quot;label&quot;:&quot;\/themen\/usa\/&quot;}\" href=\"https:\/\/www.t-online.de\/themen\/usa\/\" data-sctrack=\"BodyAnchor\" rel=\"nofollow noopener\" target=\"_blank\">USA<\/a>.<\/p>\n<ul class=\"text-18 leading-17 block pl-24 *:pb-16 *:before:inline-block *:before:size-8 *:before:bg-magenta *:before:mt-0 *:before:mr-12 *:before:mb-2 *:before:-ml-[20px]\">\n<li><strong class=\"font-bold\">Hape Kerkeling:<\/strong> <a class=\"transition-colors cursor-pointer text-inherit no-underline text-salemsfur md:hover:text-magenta md:hover:border-magenta md:focus:text-magenta border-current border-b border-solid break-words\" data-tracking=\"{&quot;action&quot;:&quot;click&quot;,&quot;category&quot;:&quot;intextLink&quot;,&quot;label&quot;:&quot;\/unterhaltung\/stars\/id_101080884\/hape-kerkeling-warum-der-entertainer-heute-eine-sache-bereut.html&quot;}\" href=\"https:\/\/www.t-online.de\/unterhaltung\/stars\/id_101080884\/hape-kerkeling-warum-der-entertainer-heute-eine-sache-bereut.html\" data-sctrack=\"BodyAnchor\" rel=\"nofollow noopener\" target=\"_blank\">&#8222;Jeder Staatsb\u00fcrger ist dazu verpflichtet&#8220;<\/a><\/li>\n<\/ul>\n<p class=\"text-18 leading-17 user-text-lg:text-22 user-text-xl:text-24\">Kerkeling steht dieses Jahr dem <a class=\"transition-colors cursor-pointer text-inherit no-underline text-salemsfur md:hover:text-magenta md:hover:border-magenta md:focus:text-magenta border-current border-b border-solid break-words\" data-tracking=\"{&quot;action&quot;:&quot;click&quot;,&quot;category&quot;:&quot;intextLink&quot;,&quot;label&quot;:&quot;\/themen\/christopher-street-day\/&quot;}\" href=\"https:\/\/www.t-online.de\/themen\/christopher-street-day\/\" data-sctrack=\"BodyAnchor\" rel=\"nofollow noopener\" target=\"_blank\">Christopher Street Day<\/a> (CSD) in Leipzig und dem brandenburgischen Gol\u00dfen Pate. Der CSD sei neben einer gro\u00dfen Party vor allem ein Kampf um B\u00fcrgerrechte, betonte er. Die seien heute wieder in Gefahr. &#8222;Wir m\u00fcssen deutlich sagen \u2013 alle miteinander, die Mehrheitsgesellschaft \u2013 dass wir Vielfalt wollen.&#8220; Vielfalt sei gesund f\u00fcr die Gesellschaft und schaffe eine Gesellschaft auf Augenh\u00f6he. Er sprach sich daf\u00fcr aus, Rechte von queeren Menschen st\u00e4rker im Grundgesetz zu verankern.<\/p>\n<p><img loading=\"lazy\" src=\"https:\/\/www.t-online.de\/s\/paper\/_next\/static\/media\/video-carousel-play.6f25714b.svg\" alt=\"\" title=\"\" class=\"block h-[calc(var(--height)_\/_16_*_1rem)] w-[calc(var(--width)_\/_16_*_1rem)] max-w-none undefined\" style=\"--height:12\" decoding=\"async\"\/><\/p>\n<p>&#8222;Theoretisch wurde ich im Netz schon gelyncht&#8220;<\/p>\n<p class=\"text-18 leading-17 user-text-lg:text-22 user-text-xl:text-24\">Der 61-J\u00e4hrige ist daf\u00fcr bekannt, sich klar politisch zu positionieren. Das bringt ihm auch viel Hass entgegen. &#8222;Theoretisch wurde ich im Netz schon gelyncht f\u00fcr all das, was ich gesagt habe&#8220;, so Kerkeling in dem Podcast. Solche Reaktionen bekomme er vor allem, seit er sich offen gegen Rechts ausspreche. &#8222;Da tobt wirklich ein Stellvertreterb\u00fcrgerkrieg, den wir Gott sei Dank auf den Stra\u00dfen noch nicht ausfechten.&#8220; Umso wichtiger sei es aber, seine Meinung zu sagen, betonte er.<\/p>\n<p class=\"text-18 leading-17 user-text-lg:text-22 user-text-xl:text-24\">K\u00f6nnte Kerkeling denn \u00fcberhaupt Bundespr\u00e4sident werden? Die rechtlichen Voraussetzungen erf\u00fcllt er. Es m\u00fcsste au\u00dferdem sein Name als Vorschlag von einem Mitglied der Bundesversammlung beim Pr\u00e4sidenten schriftlich einreicht werden. Eine F\u00fcrsprecherin in diesen Reihen hat er bereits. Linken-Fraktionschefin Heidi Reichinnek sagte dem Magazin &#8222;Bunte&#8220;: &#8222;Hape Kerkeling ist durch seinen Einsatz f\u00fcr Demokratie und Vielfalt sowie seine klare Kante gegen Rechtsextremismus und Intoleranz ein durchaus geeigneter Kandidat.&#8220;<\/p>\n","protected":false},"excerpt":{"rendered":"Petition will ihn als Bundespr\u00e4sidenten Hape Kerkeling \u00fcberrascht mit Reaktion Aktualisiert am 14.06.2026 &#8211; 07:29 UhrLesedauer: 2 Min.&hellip;\n","protected":false},"author":2,"featured_media":1093126,"comment_status":"","ping_status":"","sticky":false,"template":"","format":"standard","meta":{"footnotes":"","_share_on_mastodon":"0"},"categories":[1776],"tags":[14489,1801,29,214,14488,30,59317,71,3503,1802,215],"class_list":["post-1093125","post","type-post","status-publish","format-standard","has-post-thumbnail","category-prominente","tag-bundespraesident","tag-celebrities","tag-deutschland","tag-entertainment","tag-frank-walter-steinmeier","tag-germany","tag-hape-kerkeling","tag-leipzig","tag-petition","tag-prominente","tag-unterhaltung"],"share_on_mastodon":{"url":"https:\/\/pubeurope.com\/@de\/116746995482041282","error":""},"_links":{"self":[{"href":"https:\/\/www.europesays.com\/de\/wp-json\/wp\/v2\/posts\/1093125","targetHints":{"allow":["GET"]}}],"collection":[{"href":"https:\/\/www.europesays.com\/de\/wp-json\/wp\/v2\/posts"}],"about":[{"href":"https:\/\/www.europesays.com\/de\/wp-json\/wp\/v2\/types\/post"}],"author":[{"embeddable":true,"href":"https:\/\/www.europesays.com\/de\/wp-json\/wp\/v2\/users\/2"}],"replies":[{"embeddable":true,"href":"https:\/\/www.europesays.com\/de\/wp-json\/wp\/v2\/comments?post=1093125"}],"version-history":[{"count":0,"href":"https:\/\/www.europesays.com\/de\/wp-json\/wp\/v2\/posts\/1093125\/revisions"}],"wp:featuredmedia":[{"embeddable":true,"href":"https:\/\/www.europesays.com\/de\/wp-json\/wp\/v2\/media\/1093126"}],"wp:attachment":[{"href":"https:\/\/www.europesays.com\/de\/wp-json\/wp\/v2\/media?parent=1093125"}],"wp:term":[{"taxonomy":"category","embeddable":true,"href":"https:\/\/www.europesays.com\/de\/wp-json\/wp\/v2\/categories?post=1093125"},{"taxonomy":"post_tag","embeddable":true,"href":"https:\/\/www.europesays.com\/de\/wp-json\/wp\/v2\/tags?post=1093125"}],"curies":[{"name":"wp","href":"https:\/\/api.w.org\/{rel}","templated":true}]}}