{"id":1093286,"date":"2026-06-14T07:55:20","date_gmt":"2026-06-14T07:55:20","guid":{"rendered":"https:\/\/www.europesays.com\/de\/1093286\/"},"modified":"2026-06-14T07:55:20","modified_gmt":"2026-06-14T07:55:20","slug":"lindt-schokolade-diese-produkte-sollen-im-supermarkt-billiger-werden","status":"publish","type":"post","link":"https:\/\/www.europesays.com\/de\/1093286\/","title":{"rendered":"Lindt-Schokolade: Diese Produkte sollen im Supermarkt billiger werden"},"content":{"rendered":"<p>Schokoladenhersteller <\/p>\n<p>Lindt verhandelt mit Edeka \u2013 und k\u00fcndigt Preissenkungen an<\/p>\n<p>14.06.2026 &#8211; 09:09 UhrLesedauer: 2 Min.<\/p>\n<p><a href=\"#focus-0\" class=\"transition-colors block text-current relative\" data-sctrack=\"FocusGalleryImage.Reference\"><img fetchpriority=\"high\" data-testid=\"Opener.Image\"   loading=\"eager\" src=\"https:\/\/www.europesays.com\/de\/wp-content\/uploads\/2026\/06\/17-042026-schweiz-lindt-gewinnt-gegen-aldi-verbot-fuer-rote-schokoladekugeln-bild-lindt-lindor-kugel.jpeg\" alt=\"imago images 0853944426\" title=\"imago images 0853944426\" width=\"4000\" height=\"2250\" class=\"bg-[url:var(--lqipURL)] bg-cover bg-center flex h-full w-full max-w-full\" style=\"--lqipURL:url('https:\/\/images.t-online.de\/2026\/06\/PrASecqeHQxv\/0x209:4000x2250\/fit-in\/150x0\/filters:blur(25)\/17-042026-schweiz-lindt-gewinnt-gegen-aldi-verbot-fuer-rote-schokoladekugeln-bild-lindt-lindor-kugeln-17-04-2026-switzerland-lindt-wins-against-aldi-ban-on-red-chocolate-balls-picture-lindt-lindor-balls-publicationxnotxinxsui.jpg')\" decoding=\"async\"\/><img loading=\"lazy\" src=\"https:\/\/www.t-online.de\/s\/paper\/_next\/static\/media\/zoom-in.f7dae02f.svg\" alt=\"Vergr\u00f6\u00dfern des Bildes\" title=\"Vergr\u00f6\u00dfern des Bildes\" class=\"block h-[calc(var(--height)_\/_16_*_1rem)] w-[calc(var(--width)_\/_16_*_1rem)] max-w-none absolute right-8 bottom-8 rounded-4 bg-snow p-8\" style=\"--width:32;--height:32\" decoding=\"async\"\/><\/a><\/p>\n<p>Diverse Lindor-Kugeln: Lindt k\u00fcndigt schon jetzt Preissenkungen f\u00fcr Weihnachtsware an. (Quelle: IMAGO\/Anton Geisser\/imago)<\/p>\n<p><img loading=\"lazy\" src=\"https:\/\/www.t-online.de\/s\/paper\/_next\/static\/media\/audio-volume.6689034c.svg\" alt=\"\" title=\"\" class=\"block h-[calc(var(--height)_\/_16_*_1rem)] w-[calc(var(--width)_\/_16_*_1rem)] max-w-none group-hover:brightness-0 group-hover:invert\" style=\"--width:16;--height:16\" decoding=\"async\"\/>Vorlesen<\/p>\n<p>Aktuelle Zeit:0:00Gesamtdauer:0:00<\/p>\n<p>1x<\/p>\n<p class=\"text-center\">Jetzt neu bei t-online:<\/p>\n<p class=\"text-center\">Schriftgr\u00f6\u00dfe anpassen!<\/p>\n<p><img loading=\"lazy\" src=\"https:\/\/www.t-online.de\/s\/paper\/_next\/static\/media\/font-sizes.32942e33.svg\" alt=\"\" title=\"\" class=\"block h-[calc(var(--height)_\/_16_*_1rem)] w-[calc(var(--width)_\/_16_*_1rem)] max-w-none group-hover:hidden group-aria-expanded:hidden\" style=\"--width:16;--height:16\" decoding=\"async\"\/><img loading=\"lazy\" src=\"https:\/\/www.t-online.de\/s\/paper\/_next\/static\/media\/font-sizes-dark-mode.e382645c.svg\" alt=\"\" title=\"\" class=\"block h-[calc(var(--height)_\/_16_*_1rem)] w-[calc(var(--width)_\/_16_*_1rem)] max-w-none hidden group-hover:block group-aria-expanded:block\" style=\"--width:16;--height:16\" decoding=\"async\"\/><img loading=\"lazy\" src=\"https:\/\/www.t-online.de\/s\/paper\/_next\/static\/media\/sharing-menu-icon.1eb71368.svg\" alt=\"\" title=\"\" class=\"block h-[calc(var(--height)_\/_16_*_1rem)] w-[calc(var(--width)_\/_16_*_1rem)] max-w-none group-hover:brightness-0 group-hover:invert\" style=\"--width:16;--height:16\" decoding=\"async\"\/>Artikel teilen<\/p>\n<p class=\"font-bold text-18 leading-17 user-text-lg:text-22 user-text-xl:text-24\">Lindt und Edeka ringen weiter um neue Lieferkonditionen. Der Zeitdruck steigt, denn die Planung des Weihnachtsgesch\u00e4fts steht bald an.<\/p>\n<p class=\"text-18 leading-17 user-text-lg:text-22 user-text-xl:text-24\">Die Verhandlungen zwischen Edeka und Lindt \u00fcber k\u00fcnftige Lieferkonditionen dauern an \u2013 und das zu einem denkbar ung\u00fcnstigen Zeitpunkt. Normalerweise werden Weihnachtsartikel zwischen Juni und Juli bestellt und ab August ausgeliefert, damit die L\u00e4den rechtzeitig vor der Saison eingedeckt sind. Doch bislang hat Edeka noch keine Bestellungen aufgegeben. F\u00fcr Lindt wird die Zeit damit knapp, die Produktionsmengen zu planen.<\/p>\n<p class=\"text-18 leading-17 user-text-lg:text-22 user-text-xl:text-24\">Hintergrund ist das zuletzt schwache Saisongesch\u00e4ft: Die zwischenzeitlich stark gestiegenen Schokoladenpreise hatten in den vergangenen Jahren zu deutlichen Absatzr\u00fcckg\u00e4ngen gef\u00fchrt \u2013 nicht nur im Alltagsgesch\u00e4ft, sondern besonders im wichtigen Saisongesch\u00e4ft. Auch rund um Ostern blieben die Verkaufszahlen hinter den Erwartungen zur\u00fcck. Viele Kaufleute berichteten, auf Ware sitzen geblieben zu sein, und wollen k\u00fcnftig weniger bestellen. Ein Umsatzplus \u00fcber der <a class=\"transition-colors cursor-pointer text-inherit no-underline text-salemsfur md:hover:text-magenta md:hover:border-magenta md:focus:text-magenta border-current border-b border-solid break-words\" data-tracking=\"{&quot;action&quot;:&quot;click&quot;,&quot;category&quot;:&quot;intextLink&quot;,&quot;label&quot;:&quot;\/themen\/inflationsrate\/&quot;}\" href=\"https:\/\/www.t-online.de\/themen\/inflationsrate\/\" data-sctrack=\"BodyAnchor\" rel=\"nofollow noopener\" target=\"_blank\">Inflationsrate<\/a> blieb vielerorts aus.<\/p>\n<ul class=\"text-18 leading-17 block pl-24 *:pb-16 *:before:inline-block *:before:size-8 *:before:bg-magenta *:before:mt-0 *:before:mr-12 *:before:mb-2 *:before:-ml-[20px]\">\n<li><strong class=\"font-bold\">Schoko-Test:<\/strong> <a class=\"transition-colors cursor-pointer text-inherit no-underline text-salemsfur md:hover:text-magenta md:hover:border-magenta md:focus:text-magenta border-current border-b border-solid break-words\" data-tracking=\"{&quot;action&quot;:&quot;click&quot;,&quot;category&quot;:&quot;intextLink&quot;,&quot;label&quot;:&quot;\/ratgeber\/genuss\/essen\/id_101222028\/schokolade-im-test-diese-supermarkt-marken-ueberzeugen-wirklich.html&quot;}\" href=\"https:\/\/www.t-online.de\/ratgeber\/genuss\/essen\/id_101222028\/schokolade-im-test-diese-supermarkt-marken-ueberzeugen-wirklich.html\" data-sctrack=\"BodyAnchor\" rel=\"nofollow noopener\" target=\"_blank\">Bekannte Marke floppt \u2013 g\u00fcnstigere Tafel ist Testsieger<\/a><\/li>\n<li><strong class=\"font-bold\">Mehr Transparenz:<\/strong> <a class=\"transition-colors cursor-pointer text-inherit no-underline text-salemsfur md:hover:text-magenta md:hover:border-magenta md:focus:text-magenta border-current border-b border-solid break-words\" data-tracking=\"{&quot;action&quot;:&quot;click&quot;,&quot;category&quot;:&quot;intextLink&quot;,&quot;label&quot;:&quot;\/leben\/aktuelles\/id_101289070\/supermarkt-milch-hersteller-muessen-neue-kennzeichnungspflicht-erfuellen.html&quot;}\" href=\"https:\/\/www.t-online.de\/leben\/aktuelles\/id_101289070\/supermarkt-milch-hersteller-muessen-neue-kennzeichnungspflicht-erfuellen.html\" data-sctrack=\"BodyAnchor\" rel=\"nofollow noopener\" target=\"_blank\">Neue Kennzeichnungspflicht f\u00fcr Milch kommt<\/a><\/li>\n<\/ul>\n<p>Weihnachtsprodukte werden g\u00fcnstiger<\/p>\n<p class=\"text-18 leading-17 user-text-lg:text-22 user-text-xl:text-24\">Dass die Rohkakaopreise nach den exorbitanten Steigerungen der Jahre 2024 und 2025 inzwischen wieder deutlich gesunken sind, hat den Druck auf Lindt weiter erh\u00f6ht. Der Hersteller reagiert nun mit sp\u00fcrbaren Preissenkungen: Im Durchschnitt sollen Saisonartikel im zweiten Halbjahr zehn Prozent g\u00fcnstiger werden.<\/p>\n<p class=\"text-18 leading-17 user-text-lg:text-22 user-text-xl:text-24\">\u00dcber 75 Prozent der Weihnachtsprodukte sollen dann unter einer unverbindlichen Preisempfehlung von zehn Euro liegen. Bei den Weihnachtsm\u00e4nnern reduziert Lindt \u00fcber alle Gr\u00f6\u00dfen hinweg. Zudem wird es bei der 125-g-Variante erstmals einen einheitlichen Preis geben \u2013 unabh\u00e4ngig von der Sorte. &#8222;Wir starten mit einer deutlich attraktiveren Preispositionierung in die diesj\u00e4hrige Weihnachtssaison&#8220;, teilt das Unternehmen mit.<\/p>\n<p class=\"text-18 leading-17 user-text-lg:text-22 user-text-xl:text-24\">Mit den meisten anderen deutschen H\u00e4ndlern hat sich Lindt bereits geeinigt. Mit Edeka laufen nach Angaben beider Seiten &#8222;konstruktive Gespr\u00e4che&#8220;, eine Einigung soll &#8222;zeitnah&#8220; folgen. Edeka selbst wollte sich auf Nachfrage nicht zu den Verhandlungen \u00e4u\u00dfern.<\/p>\n","protected":false},"excerpt":{"rendered":"Schokoladenhersteller Lindt verhandelt mit Edeka \u2013 und k\u00fcndigt Preissenkungen an 14.06.2026 &#8211; 09:09 UhrLesedauer: 2 Min. Diverse Lindor-Kugeln:&hellip;\n","protected":false},"author":2,"featured_media":1093287,"comment_status":"","ping_status":"","sticky":false,"template":"","format":"standard","meta":{"footnotes":"","_share_on_mastodon":"0"},"categories":[134],"tags":[522,175,170,169,29,1024,30,231852,66950,171,174,2454,1038,173,172,101518,231853],"class_list":["post-1093286","post","type-post","status-publish","format-standard","has-post-thumbnail","category-unternehmen-maerkte","tag-522","tag-business","tag-companies","tag-companies-markets","tag-deutschland","tag-edeka","tag-germany","tag-lieferkondition","tag-lindt-spruengli","tag-markets","tag-maerkte","tag-ostern","tag-preissenkung","tag-unternehmen","tag-unternehmen-maerkte","tag-weihnachtsgeschaeft","tag-weihnachtsware"],"share_on_mastodon":{"url":"https:\/\/pubeurope.com\/@de\/116747392446009624","error":""},"_links":{"self":[{"href":"https:\/\/www.europesays.com\/de\/wp-json\/wp\/v2\/posts\/1093286","targetHints":{"allow":["GET"]}}],"collection":[{"href":"https:\/\/www.europesays.com\/de\/wp-json\/wp\/v2\/posts"}],"about":[{"href":"https:\/\/www.europesays.com\/de\/wp-json\/wp\/v2\/types\/post"}],"author":[{"embeddable":true,"href":"https:\/\/www.europesays.com\/de\/wp-json\/wp\/v2\/users\/2"}],"replies":[{"embeddable":true,"href":"https:\/\/www.europesays.com\/de\/wp-json\/wp\/v2\/comments?post=1093286"}],"version-history":[{"count":0,"href":"https:\/\/www.europesays.com\/de\/wp-json\/wp\/v2\/posts\/1093286\/revisions"}],"wp:featuredmedia":[{"embeddable":true,"href":"https:\/\/www.europesays.com\/de\/wp-json\/wp\/v2\/media\/1093287"}],"wp:attachment":[{"href":"https:\/\/www.europesays.com\/de\/wp-json\/wp\/v2\/media?parent=1093286"}],"wp:term":[{"taxonomy":"category","embeddable":true,"href":"https:\/\/www.europesays.com\/de\/wp-json\/wp\/v2\/categories?post=1093286"},{"taxonomy":"post_tag","embeddable":true,"href":"https:\/\/www.europesays.com\/de\/wp-json\/wp\/v2\/tags?post=1093286"}],"curies":[{"name":"wp","href":"https:\/\/api.w.org\/{rel}","templated":true}]}}