{"id":1093316,"date":"2026-06-14T08:14:19","date_gmt":"2026-06-14T08:14:19","guid":{"rendered":"https:\/\/www.europesays.com\/de\/1093316\/"},"modified":"2026-06-14T08:14:19","modified_gmt":"2026-06-14T08:14:19","slug":"muenster-landesausstellung-zeigt-westfalen-zur-urzeit","status":"publish","type":"post","link":"https:\/\/www.europesays.com\/de\/1093316\/","title":{"rendered":"M\u00fcnster: Landesausstellung zeigt Westfalen zur Urzeit"},"content":{"rendered":"<p>Dinosaurier und Fossilien stehen im Mittelpunkt einer neuen Ausstellung in M\u00fcnster. Besucher erfahren, wie Westfalen zur Urzeit aussah.<\/p>\n<p>M\u00fcnster (gl) &#8211; An der Sentruper Stra\u00dfe 285 in M\u00fcnster stehen die Zeichen noch voll auf Baustelle. Nicht nur der Umbau f\u00fcr die 1200 Quadratmeter gro\u00dfe Ausstellung unter dem Titel \u201e\u00dcberLeben zwischen Dinos und Schuppenb\u00e4umen\u201c l\u00e4uft auf Hochtouren. Parallel dazu bekommt das Naturkundemuseum auch noch\u2026<\/p>\n<p>            <img decoding=\"async\" src=\"https:\/\/www.die-glocke.de\/typo3conf\/ext\/bo_dieglocke_template\/Resources\/Public\/Images\/logo\/glocke_plus_icon.svg\" class=\"pwTopImage\" alt=\"Glocke Plus\"\/><\/p>\n<p>                Jetzt weiterlesen mit G+<\/p>\n<p class=\"card-text equal-height text-center\" data-equalheightgroup=\"1\">\n                0,99 \u20ac im 1. Monat \u2013 monatlich k\u00fcndbar\n            <\/p>\n<tr>\n<tr>\n<td class=\"w-25px p-1\">\n<\/td>\n<td class=\"p-1\">\n<p>                                            aktuelle Nachrichten rund um die Uhr<\/p>\n<\/td>\n<\/tr>\n<tr>\n<td class=\"w-25px p-1\">\n<\/td>\n<td class=\"p-1\">\n<p>                                            nur 79 \u20ac (ab dem 13. Monat 7,90 \u20ac monatlich)<\/p>\n<\/td>\n<\/tr>\n<tr>\n<td class=\"w-25px p-1\">\n<\/td>\n<td class=\"p-1\">\n<p>                                            nach 12 Monaten Mindestlaufzeit monatlich k\u00fcndbar<\/p>\n<\/td>\n<\/tr>\n<tr>\n<td class=\"w-25px p-1\">\n<\/td>\n<td class=\"p-1\">\n<p>                                            sparen Sie 15,80 \u20ac gegen\u00fcber dem Monatsabo<\/p>\n<\/td>\n<\/tr>\n<\/tr>\n<p>\n                        79 \u20ac f\u00fcr 12 Monate\n                    <\/p>\n<p>                    <a class=\"btn link-primary border rounded border-2 border-primary d-block w-100 mb-4\" href=\"https:\/\/shop.die-glocke.de\/bestellen\/g-jahresabo-bc91?type=paypal&amp;upscore_object_id=fabb04f4-386b-49d9-9c91-59d05440bbf4-Portal&amp;upscore_offer_id=&amp;upscore_click_id=&amp;upscore_object_url=https%3A%2F%2Fwww.die-glocke.de%2Fregionales%2Fartikel%2Flandesausstellung-zeigt-westfalen-zur-urzeit-1781266211&amp;target=https%3A%2F%2Fwww.die-glocke.de%2Fregionales%2Fartikel%2Flandesausstellung-zeigt-westfalen-zur-urzeit-1781266211\" rel=\"nofollow noopener\" target=\"_blank\"><br \/>\n                        <strong>Jahresabo bestellen mit <\/strong><br \/>\n                        <img loading=\"lazy\" decoding=\"async\" class=\"me-2 icon-paypal\" src=\"https:\/\/www.die-glocke.de\/fileadmin\/images\/demo\/paypal.svg\" width=\"65\" height=\"15\" alt=\"Paypal\"\/><br \/>\n                    <\/a><\/p>\n<p>                    <a class=\"paywall_order_btn-668975\" href=\"https:\/\/shop.die-glocke.de\/gplus-jahresabo?upscore_object_id=fabb04f4-386b-49d9-9c91-59d05440bbf4-Portal&amp;upscore_offer_id=&amp;upscore_click_id=&amp;upscore_object_url=https%3A%2F%2Fwww.die-glocke.de%2Fregionales%2Fartikel%2Flandesausstellung-zeigt-westfalen-zur-urzeit-1781266211&amp;target=https%3A%2F%2Fwww.die-glocke.de%2Fregionales%2Fartikel%2Flandesausstellung-zeigt-westfalen-zur-urzeit-1781266211\" rel=\"nofollow noopener\" target=\"_blank\"><br \/>\n                        Jahresabo bestellen<br \/>\n                    <\/a><\/p>\n<p>Texte und Fotos von die-glocke.de sind urheberrechtlich gesch\u00fctzt.<br \/>\n            Weiterverwendung nur mit Genehmigung der Chefredaktion.<\/p>\n","protected":false},"excerpt":{"rendered":"Dinosaurier und Fossilien stehen im Mittelpunkt einer neuen Ausstellung in M\u00fcnster. Besucher erfahren, wie Westfalen zur Urzeit aussah.&hellip;\n","protected":false},"author":2,"featured_media":1093317,"comment_status":"","ping_status":"","sticky":false,"template":"","format":"standard","meta":{"footnotes":"","_share_on_mastodon":"0"},"categories":[1843],"tags":[56909,3364,29,16670,65617,219916,30,8970,19680,1209,231864,231863],"class_list":["post-1093316","post","type-post","status-publish","format-standard","has-post-thumbnail","category-muenster","tag-lwl","tag-de","tag-deutschland","tag-dinosaurier","tag-fossilien","tag-frithjof-malte-leopold","tag-germany","tag-muenster","tag-naturkundemuseum","tag-nordrhein-westfalen","tag-palaeontologische-landesausstellung","tag-wiehenvenator-albati"],"share_on_mastodon":{"url":"https:\/\/pubeurope.com\/@de\/116747466756300347","error":""},"_links":{"self":[{"href":"https:\/\/www.europesays.com\/de\/wp-json\/wp\/v2\/posts\/1093316","targetHints":{"allow":["GET"]}}],"collection":[{"href":"https:\/\/www.europesays.com\/de\/wp-json\/wp\/v2\/posts"}],"about":[{"href":"https:\/\/www.europesays.com\/de\/wp-json\/wp\/v2\/types\/post"}],"author":[{"embeddable":true,"href":"https:\/\/www.europesays.com\/de\/wp-json\/wp\/v2\/users\/2"}],"replies":[{"embeddable":true,"href":"https:\/\/www.europesays.com\/de\/wp-json\/wp\/v2\/comments?post=1093316"}],"version-history":[{"count":0,"href":"https:\/\/www.europesays.com\/de\/wp-json\/wp\/v2\/posts\/1093316\/revisions"}],"wp:featuredmedia":[{"embeddable":true,"href":"https:\/\/www.europesays.com\/de\/wp-json\/wp\/v2\/media\/1093317"}],"wp:attachment":[{"href":"https:\/\/www.europesays.com\/de\/wp-json\/wp\/v2\/media?parent=1093316"}],"wp:term":[{"taxonomy":"category","embeddable":true,"href":"https:\/\/www.europesays.com\/de\/wp-json\/wp\/v2\/categories?post=1093316"},{"taxonomy":"post_tag","embeddable":true,"href":"https:\/\/www.europesays.com\/de\/wp-json\/wp\/v2\/tags?post=1093316"}],"curies":[{"name":"wp","href":"https:\/\/api.w.org\/{rel}","templated":true}]}}