{"id":1093324,"date":"2026-06-14T08:19:14","date_gmt":"2026-06-14T08:19:14","guid":{"rendered":"https:\/\/www.europesays.com\/de\/1093324\/"},"modified":"2026-06-14T08:19:14","modified_gmt":"2026-06-14T08:19:14","slug":"wuelfrath-das-schadstoffmobil-kommt-am-16-juni","status":"publish","type":"post","link":"https:\/\/www.europesays.com\/de\/1093324\/","title":{"rendered":"W\u00fclfrath: Das Schadstoffmobil kommt am 16. Juni"},"content":{"rendered":"<p class=\"text_ohne_einzug richtext text-em-55 !leading-serif mx-6 desktop:mx-0\"> Einmal im Monat kommt das Entsorgungsunternehmen <a href=\"https:\/\/rp-online.de\/thema\/awista\/\" rel=\"nofollow noopener\" target=\"_blank\">Awista<\/a> im Auftrag der Stadt W\u00fclfrath mit dem Schadstoffmobil nach W\u00fclfrath. Der n\u00e4chste Termin ist am Dienstag, 16. Juni. Die Annahme von Schadstoffen am Mobil findet an drei verschiedenen Standorten statt: in Rohdenhaus an der Stra\u00dfe Am Kliff\/Ecke Angerweg (14 bis 15 Uhr), in D\u00fcssel an der Dorfstra\u00dfe (16 bis 17 Uhr) und am Parkplatz neben dem Pflegeheim der Bergischen Diakonie Aprath, Am Rathaus 7 (17.30 bis 19 Uhr).<\/p>\n<p class=\"richtext text-em-55 !leading-serif mx-6 desktop:mx-0\">Angenommen werden Schadstoffe wie Abbeizmittel, Abflussreiniger, Energiesparlampen, l\u00f6sungsmittelhaltige Farben und Lacke, Fette und Schmierstoffe, Leuchtstoffr\u00f6hren, Medikamente, Pflanzen- und Rostschutzmittel, WC-Reiniger und andere Schadstoffe, die auf keinen Fall in die Restm\u00fclltonne geh\u00f6ren.<\/p>\n<p class=\"richtext text-em-55 !leading-serif mx-6 desktop:mx-0\">Wichtig zu wissen: Dispersionsfarben (beispielsweise Wandfarben) werden am Schadstoffmobil nicht angenommen. Fl\u00fcssige Dispersionsfarben sollten vor der Entsorgung vollst\u00e4ndig austrocknen beziehungsweise aush\u00e4rten. Anschlie\u00dfend k\u00f6nnen die Farbreste \u00fcber die Restm\u00fclltonne entsorgt werden. Leere Farbeimer k\u00f6nnen \u2013 je nach Material \u2013 dem Recycling zugef\u00fchrt werden.<\/p>\n<p class=\"richtext text-em-55 !leading-serif mx-6 desktop:mx-0\">\u201eDas Schadstoffmobil dient ausschlie\u00dflich der Sammlung von Schadstoffen aus Privathaushalten. Schadstoffe aus Gewerbebetrieben werden nicht angenommen\u201c, informiert die Abfallberatung. Die Abfallberatung weist darauf hin, dass keine Schadstoffe auf dem Sammelplatz abgestellt werden d\u00fcrfen. Sie sind immer dem Fachpersonal am Mobil zu \u00fcberreichen.<\/p>\n","protected":false},"excerpt":{"rendered":"Einmal im Monat kommt das Entsorgungsunternehmen Awista im Auftrag der Stadt W\u00fclfrath mit dem Schadstoffmobil nach W\u00fclfrath. Der&hellip;\n","protected":false},"author":2,"featured_media":1093325,"comment_status":"","ping_status":"","sticky":false,"template":"","format":"standard","meta":{"footnotes":"","_share_on_mastodon":"0"},"categories":[1840],"tags":[167094,167095,3364,29,231869,123639,24778,30,71815,231867,46640,1209,167097,16218,148521,231868,231870,27167,4418],"class_list":["post-1093324","post","type-post","status-publish","format-standard","has-post-thumbnail","category-wuppertal","tag-abbeizmittel","tag-abflussreiniger","tag-de","tag-deutschland","tag-dispersionsfarben","tag-energiesparlampen","tag-farben","tag-germany","tag-lacke","tag-loesungsmittelhaltige","tag-mobil","tag-nordrhein-westfalen","tag-reiniger","tag-schadstoffe","tag-schadstoffmobil","tag-schmierstoffe","tag-wandfarben","tag-wuelfrath","tag-wuppertal"],"share_on_mastodon":{"url":"https:\/\/pubeurope.com\/@de\/116747486627568943","error":""},"_links":{"self":[{"href":"https:\/\/www.europesays.com\/de\/wp-json\/wp\/v2\/posts\/1093324","targetHints":{"allow":["GET"]}}],"collection":[{"href":"https:\/\/www.europesays.com\/de\/wp-json\/wp\/v2\/posts"}],"about":[{"href":"https:\/\/www.europesays.com\/de\/wp-json\/wp\/v2\/types\/post"}],"author":[{"embeddable":true,"href":"https:\/\/www.europesays.com\/de\/wp-json\/wp\/v2\/users\/2"}],"replies":[{"embeddable":true,"href":"https:\/\/www.europesays.com\/de\/wp-json\/wp\/v2\/comments?post=1093324"}],"version-history":[{"count":0,"href":"https:\/\/www.europesays.com\/de\/wp-json\/wp\/v2\/posts\/1093324\/revisions"}],"wp:featuredmedia":[{"embeddable":true,"href":"https:\/\/www.europesays.com\/de\/wp-json\/wp\/v2\/media\/1093325"}],"wp:attachment":[{"href":"https:\/\/www.europesays.com\/de\/wp-json\/wp\/v2\/media?parent=1093324"}],"wp:term":[{"taxonomy":"category","embeddable":true,"href":"https:\/\/www.europesays.com\/de\/wp-json\/wp\/v2\/categories?post=1093324"},{"taxonomy":"post_tag","embeddable":true,"href":"https:\/\/www.europesays.com\/de\/wp-json\/wp\/v2\/tags?post=1093324"}],"curies":[{"name":"wp","href":"https:\/\/api.w.org\/{rel}","templated":true}]}}