{"id":1093382,"date":"2026-06-14T08:51:31","date_gmt":"2026-06-14T08:51:31","guid":{"rendered":"https:\/\/www.europesays.com\/de\/1093382\/"},"modified":"2026-06-14T08:51:31","modified_gmt":"2026-06-14T08:51:31","slug":"umstrittenes-trainer-beben-bei-rb-leipzig-dann-faellt-die-entscheidung","status":"publish","type":"post","link":"https:\/\/www.europesays.com\/de\/1093382\/","title":{"rendered":"Umstrittenes Trainer-Beben bei RB Leipzig? Dann f\u00e4llt die Entscheidung"},"content":{"rendered":"<p>Bei <a href=\"https:\/\/www.fussballdaten.de\/vereine\/rb-leipzig\/\" title=\"Profil von RB Leipzig\" rel=\"nofollow noopener\" target=\"_blank\">RB Leipzig<\/a> bahnt sich trotz einer erfolgreichen Saison ein \u00fcberraschender Trainerwechsel an. Wie der \u201ekicker berichtet, haben die f\u00fchrenden K\u00f6pfe von RB Leipzig und des Red-Bull-Fu\u00dfballkonzerns bereits \u00fcber die Zukunft von <a href=\"https:\/\/www.fussballdaten.de\/person\/ole-werner\/\" title=\"Profil von Ole Werner\" rel=\"nofollow noopener\" target=\"_blank\">Ole Werner<\/a> beraten. Eine endg\u00fcltige Entscheidung sei zwar noch nicht gefallen, doch vieles spricht daf\u00fcr, dass der 38-J\u00e4hrige den Bundesligisten nach nur einem Jahr wieder verlassen muss.<\/p>\n<p>Ole Werner offenbar bei RB Leipzig vor dem Aus<\/p>\n<p class=\"mb20 mt30\">Dabei hatte Werner die Erwartungen sportlich erf\u00fcllt. Er f\u00fchrte Leipzig zur\u00fcck in die Champions League, meisterte den personellen Umbruch und entwickelte mehrere Spieler weiter. Zudem weist er mit 1,95 Punkten pro Partie sogar den besten Punkteschnitt aller Leipziger Bundesliga-Trainer auf.<\/p>\n<p class=\"mb20 mt30\">Dennoch sollen innerhalb des Red-Bull-Konzerns Zweifel an Werner bestehen. Neben inhaltlichen Fragen soll auch die Kommunikation eine Rolle spielen. Das Verh\u00e4ltnis zu Red Bulls Fu\u00dfballchef J\u00fcrgen <a href=\"https:\/\/www.fussballdaten.de\/person\/juergen-klopp\/\" title=\"Profil von Jurgen Klopp\" rel=\"nofollow noopener\" target=\"_blank\">Klopp<\/a> gilt laut Medienberichten als belastet. Die \u201eBild\u201c berichtet sogar, die Kommunikation zwischen beiden habe zuletzt \u201enur auf absoluter Sparflamme\u201c stattgefunden.<\/p>\n<p class=\"mb20 mt30\">Mitte kommender Woche k\u00f6nnte die Entscheidung fallen laut \u201ekicker\u201c fallen. Dann kehrt Werner aus seinem Urlaub in Malaysia zur\u00fcck und soll mit den Verantwortlichen \u00fcber seine Zukunft sprechen. Allerdings erscheint es offenbar als \u201eziemlich unwahrscheinlich\u201c, dass der Trainer seine zweite Saison in Leipzig erlebt.<\/p>\n<p>Bayern-Ikone Demichelis r\u00fcckt in den Fokus<\/p>\n<p class=\"mb20 mt30\">Als m\u00f6glicher Nachfolger wird Martin Demichelis gehandelt. Der ehemalige Profi des FC Bayern M\u00fcnchen trainiert derzeit den spanischen Klub <a href=\"https:\/\/www.fussballdaten.de\/vereine\/rcd-mallorca\/\" title=\"Profil von RCD Mallorca\" rel=\"nofollow noopener\" target=\"_blank\">Mallorca<\/a>. Zwar gibt es laut \u201ekicker\u201c bislang keine Einigung zwischen den Sachsen und dem Argentinier, dennoch verdichten sich die Hinweise auf einen Wechsel. \u201eSky\u201c berichtet zudem von einer Ausstiegsklausel in H\u00f6he von 2,5 Millionen Euro.<\/p>\n<p class=\"mb20 mt30\">F\u00fcr Verwunderung sorgt die Entwicklung auch bei Mats Hummels. \u201eIch war sehr \u00fcberrascht, als ich davon geh\u00f6rt habe\u201c, sagte der Weltmeister von 2014 bei \u201eMagentaTV\u201c. Besonders bemerkenswert: Erst vor wenigen Wochen habe er Demichelis auf Mallorca besucht und ihm \u201ezu seiner Vertragsverl\u00e4ngerung gratuliert\u201c. Die kommenden Tage d\u00fcrften nun dar\u00fcber entscheiden, ob Leipzig tats\u00e4chlich vor einem der \u00fcberraschendsten Trainerwechsel dieses Sommers steht.<\/p>\n<p><img loading=\"lazy\" decoding=\"async\" src=\"https:\/\/www.europesays.com\/de\/wp-content\/uploads\/2026\/06\/164382e846cd4ca8af00aa40f83a3668.gif\" width=\"1\" height=\"1\" alt=\"\" class=\"mb20 mt30\"\/><\/p>\n","protected":false},"excerpt":{"rendered":"Bei RB Leipzig bahnt sich trotz einer erfolgreichen Saison ein \u00fcberraschender Trainerwechsel an. Wie der \u201ekicker berichtet, haben&hellip;\n","protected":false},"author":2,"featured_media":1093383,"comment_status":"","ping_status":"","sticky":false,"template":"","format":"standard","meta":{"footnotes":"","_share_on_mastodon":"0"},"categories":[1832],"tags":[299,3364,29,30,4665,71,231880,14828,1655,5083,859],"class_list":["post-1093382","post","type-post","status-publish","format-standard","has-post-thumbnail","category-leipzig","tag-bundesliga","tag-de","tag-deutschland","tag-germany","tag-juergen-klopp","tag-leipzig","tag-martin-demichelis-martin-gaston-demichelis","tag-ole-werner","tag-rb-leipzig","tag-rcd-mallorca","tag-sachsen"],"share_on_mastodon":{"url":"https:\/\/pubeurope.com\/@de\/116747612781251805","error":""},"_links":{"self":[{"href":"https:\/\/www.europesays.com\/de\/wp-json\/wp\/v2\/posts\/1093382","targetHints":{"allow":["GET"]}}],"collection":[{"href":"https:\/\/www.europesays.com\/de\/wp-json\/wp\/v2\/posts"}],"about":[{"href":"https:\/\/www.europesays.com\/de\/wp-json\/wp\/v2\/types\/post"}],"author":[{"embeddable":true,"href":"https:\/\/www.europesays.com\/de\/wp-json\/wp\/v2\/users\/2"}],"replies":[{"embeddable":true,"href":"https:\/\/www.europesays.com\/de\/wp-json\/wp\/v2\/comments?post=1093382"}],"version-history":[{"count":0,"href":"https:\/\/www.europesays.com\/de\/wp-json\/wp\/v2\/posts\/1093382\/revisions"}],"wp:featuredmedia":[{"embeddable":true,"href":"https:\/\/www.europesays.com\/de\/wp-json\/wp\/v2\/media\/1093383"}],"wp:attachment":[{"href":"https:\/\/www.europesays.com\/de\/wp-json\/wp\/v2\/media?parent=1093382"}],"wp:term":[{"taxonomy":"category","embeddable":true,"href":"https:\/\/www.europesays.com\/de\/wp-json\/wp\/v2\/categories?post=1093382"},{"taxonomy":"post_tag","embeddable":true,"href":"https:\/\/www.europesays.com\/de\/wp-json\/wp\/v2\/tags?post=1093382"}],"curies":[{"name":"wp","href":"https:\/\/api.w.org\/{rel}","templated":true}]}}