{"id":1093531,"date":"2026-06-14T10:23:17","date_gmt":"2026-06-14T10:23:17","guid":{"rendered":"https:\/\/www.europesays.com\/de\/1093531\/"},"modified":"2026-06-14T10:23:17","modified_gmt":"2026-06-14T10:23:17","slug":"tennis-turnierdirektor-kritisiert-stadt-stuttgart","status":"publish","type":"post","link":"https:\/\/www.europesays.com\/de\/1093531\/","title":{"rendered":"Tennis-Turnierdirektor kritisiert Stadt Stuttgart"},"content":{"rendered":"<p>ATP-Turnier <\/p>\n<p>Tennis-Turnierdirektor kritisiert Stadt Stuttgart<\/p>\n<p>Aktualisiert am 14.06.2026 &#8211; 12:12 UhrLesedauer: 1 Min.<\/p>\n<p><a href=\"#focus-0\" class=\"transition-colors block text-current relative\" data-sctrack=\"FocusGalleryImage.Reference\"><img fetchpriority=\"high\" data-testid=\"Opener.Image\"   loading=\"eager\" src=\"https:\/\/www.europesays.com\/de\/wp-content\/uploads\/2026\/06\/stuttgarts-turnierdirektor-edwin-weindorfer-kritisiert-die-mangelnde-unterstuetzung-der-stadt-stuttg.jpeg\" alt=\"Tennis: ATP-Tour - Stuttgart\" title=\"Tennis: ATP-Tour - Stuttgart\" width=\"2048\" height=\"1152\" class=\"bg-[url:var(--lqipURL)] bg-cover bg-center flex h-full w-full max-w-full\" style=\"--lqipURL:url('https:\/\/images.t-online.de\/2026\/06\/n5MnTXedxNnJ\/0x86:2048x1152\/fit-in\/150x0\/filters:blur(25)\/stuttgarts-turnierdirektor-edwin-weindorfer-kritisiert-die-mangelnde-unterstuetzung-der-stadt-stuttgart-fuer-das-tennis-event.jpg')\" decoding=\"async\"\/><img loading=\"lazy\" src=\"https:\/\/stuttgart.t-online.de\/s\/paper\/_next\/static\/media\/zoom-in.f7dae02f.svg\" alt=\"Vergr\u00f6\u00dfern des Bildes\" title=\"Vergr\u00f6\u00dfern des Bildes\" class=\"block h-[calc(var(--height)_\/_16_*_1rem)] w-[calc(var(--width)_\/_16_*_1rem)] max-w-none absolute right-8 bottom-8 rounded-4 bg-snow p-8\" style=\"--width:32;--height:32\" decoding=\"async\"\/><\/a><\/p>\n<p>Stuttgarts Turnierdirektor Edwin Weindorfer kritisiert die mangelnde Unterst\u00fctzung der Stadt Stuttgart f\u00fcr das Tennis-Event. (Quelle: Marijan Murat\/dpa\/dpa-bilder)<\/p>\n<p><img loading=\"lazy\" src=\"https:\/\/stuttgart.t-online.de\/s\/paper\/_next\/static\/media\/audio-volume.6689034c.svg\" alt=\"\" title=\"\" class=\"block h-[calc(var(--height)_\/_16_*_1rem)] w-[calc(var(--width)_\/_16_*_1rem)] max-w-none group-hover:brightness-0 group-hover:invert\" style=\"--width:16;--height:16\" decoding=\"async\"\/>Vorlesen<\/p>\n<p>Aktuelle Zeit:0:00Gesamtdauer:0:00<\/p>\n<p>1x<\/p>\n<p class=\"text-center\">Jetzt neu bei t-online:<\/p>\n<p class=\"text-center\">Schriftgr\u00f6\u00dfe anpassen!<\/p>\n<p><img loading=\"lazy\" src=\"https:\/\/stuttgart.t-online.de\/s\/paper\/_next\/static\/media\/font-sizes.32942e33.svg\" alt=\"\" title=\"\" class=\"block h-[calc(var(--height)_\/_16_*_1rem)] w-[calc(var(--width)_\/_16_*_1rem)] max-w-none group-hover:hidden group-aria-expanded:hidden\" style=\"--width:16;--height:16\" decoding=\"async\"\/><img loading=\"lazy\" src=\"https:\/\/stuttgart.t-online.de\/s\/paper\/_next\/static\/media\/font-sizes-dark-mode.e382645c.svg\" alt=\"\" title=\"\" class=\"block h-[calc(var(--height)_\/_16_*_1rem)] w-[calc(var(--width)_\/_16_*_1rem)] max-w-none hidden group-hover:block group-aria-expanded:block\" style=\"--width:16;--height:16\" decoding=\"async\"\/><img loading=\"lazy\" src=\"https:\/\/stuttgart.t-online.de\/s\/paper\/_next\/static\/media\/sharing-menu-icon.1eb71368.svg\" alt=\"\" title=\"\" class=\"block h-[calc(var(--height)_\/_16_*_1rem)] w-[calc(var(--width)_\/_16_*_1rem)] max-w-none group-hover:brightness-0 group-hover:invert\" style=\"--width:16;--height:16\" decoding=\"async\"\/>Artikel teilen<\/p>\n<p class=\"font-bold text-18 leading-17 user-text-lg:text-22 user-text-xl:text-24\">Turnierdirektor Edwin Weindorfer sieht die Stadt Stuttgart als &#8222;absolutes Schlusslicht&#8220; bei der Unterst\u00fctzung f\u00fcr das Tennis-Turnier. Warum er von der Stadt mehr erwartet.<\/p>\n<p class=\"text-18 leading-17 user-text-lg:text-22 user-text-xl:text-24\">Turnierdirektor Edwin Weindorfer fordert von der Stadt Stuttgart ein st\u00e4rkeres Engagement f\u00fcr das Rasen-Tennisevent auf dem Weissenhof. &#8222;Meine Kritik erfolgt nur deswegen, weil ich wei\u00df, was die anderen St\u00e4dte in Europa f\u00fcr solche Events bezahlen&#8220;, sagte Weindorfer, der das Turnier mit seiner Vermarktungsagentur emotion veranstaltet. &#8222;Da ist die Stadt Stuttgart f\u00fcr mich absolutes Schlusslicht.&#8220;<\/p>\n<p class=\"text-18 leading-17 user-text-lg:text-22 user-text-xl:text-24\">Oberb\u00fcrgermeister Frank Nopper (CDU) wird am heutigen Final-Tag als Zuschauer bei den Boss Open erwartet. Im Rahmen des Besuchs solle ein Gespr\u00e4ch mit ihm gef\u00fchrt werden. <\/p>\n<p>Weindorfer spricht von &#8222;Werbewert von \u00fcber 20 Millionen&#8220;<\/p>\n<p class=\"text-18 leading-17 user-text-lg:text-22 user-text-xl:text-24\">Die Unterst\u00fctzung m\u00fcsse nicht so hoch sein wie in St\u00e4dten wie Hamburg und M\u00fcnchen, meinte Weindorfer. Es sei ihm wichtig, &#8222;ein faires Gespr\u00e4ch&#8220; zu f\u00fchren und in der Stadt Stuttgart, &#8222;wo wir einen Werbewert von \u00fcber 20 Millionen allein medial einspielen&#8220;, gesch\u00e4tzt zu werden, so der Turnierdirektor.<\/p>\n<p class=\"text-18 leading-17 user-text-lg:text-22 user-text-xl:text-24\">Auf Anfrage der &#8222;Stuttgarter Zeitung&#8220; und der &#8222;Stuttgarter Nachrichten&#8220; hatte Oberb\u00fcrgermeister Nopper in der Turnier-Woche auf die Kritik von Weindorfer reagiert. Das Tennis-Turnier habe eine starke Imagewirkung f\u00fcr die Stadt, sagte Nopper zwar, &#8222;aber in schwierigen Zeiten, in denen in nahezu allen Bereichen Streichungen vorgenommen werden mussten, konnten wir dieses Turnier leider nicht vor sp\u00fcrbaren K\u00fcrzungen verschonen&#8220;. Was im Umfeld &#8222;ohne gr\u00f6\u00dferen finanziellen Einsatz&#8220; m\u00f6glich sei, werde man m\u00f6glich machen.<\/p>\n","protected":false},"excerpt":{"rendered":"ATP-Turnier Tennis-Turnierdirektor kritisiert Stadt Stuttgart Aktualisiert am 14.06.2026 &#8211; 12:12 UhrLesedauer: 1 Min. Stuttgarts Turnierdirektor Edwin Weindorfer kritisiert&hellip;\n","protected":false},"author":2,"featured_media":1093532,"comment_status":"","ping_status":"","sticky":false,"template":"","format":"standard","meta":{"footnotes":"","_share_on_mastodon":"0"},"categories":[1830],"tags":[19645,1634,3364,29,60610,663,28439,30,14701,1441],"class_list":["post-1093531","post","type-post","status-publish","format-standard","has-post-thumbnail","category-stuttgart","tag-atp-turnier","tag-baden-wuerttemberg","tag-de","tag-deutschland","tag-edwin-weindorfer","tag-europa","tag-frank-nopper","tag-germany","tag-rasen","tag-stuttgart"],"share_on_mastodon":{"url":"https:\/\/pubeurope.com\/@de\/116747974352536139","error":""},"_links":{"self":[{"href":"https:\/\/www.europesays.com\/de\/wp-json\/wp\/v2\/posts\/1093531","targetHints":{"allow":["GET"]}}],"collection":[{"href":"https:\/\/www.europesays.com\/de\/wp-json\/wp\/v2\/posts"}],"about":[{"href":"https:\/\/www.europesays.com\/de\/wp-json\/wp\/v2\/types\/post"}],"author":[{"embeddable":true,"href":"https:\/\/www.europesays.com\/de\/wp-json\/wp\/v2\/users\/2"}],"replies":[{"embeddable":true,"href":"https:\/\/www.europesays.com\/de\/wp-json\/wp\/v2\/comments?post=1093531"}],"version-history":[{"count":0,"href":"https:\/\/www.europesays.com\/de\/wp-json\/wp\/v2\/posts\/1093531\/revisions"}],"wp:featuredmedia":[{"embeddable":true,"href":"https:\/\/www.europesays.com\/de\/wp-json\/wp\/v2\/media\/1093532"}],"wp:attachment":[{"href":"https:\/\/www.europesays.com\/de\/wp-json\/wp\/v2\/media?parent=1093531"}],"wp:term":[{"taxonomy":"category","embeddable":true,"href":"https:\/\/www.europesays.com\/de\/wp-json\/wp\/v2\/categories?post=1093531"},{"taxonomy":"post_tag","embeddable":true,"href":"https:\/\/www.europesays.com\/de\/wp-json\/wp\/v2\/tags?post=1093531"}],"curies":[{"name":"wp","href":"https:\/\/api.w.org\/{rel}","templated":true}]}}