{"id":1093648,"date":"2026-06-14T11:35:33","date_gmt":"2026-06-14T11:35:33","guid":{"rendered":"https:\/\/www.europesays.com\/de\/1093648\/"},"modified":"2026-06-14T11:35:33","modified_gmt":"2026-06-14T11:35:33","slug":"15-jahre-ufer-projekte-jubilaeumsfeier-in-der-alten-gaertnerei","status":"publish","type":"post","link":"https:\/\/www.europesays.com\/de\/1093648\/","title":{"rendered":"15 Jahre Ufer-Projekte: Jubil\u00e4umsfeier in der Alten G\u00e4rtnerei"},"content":{"rendered":"\n<p>Der Verein Ufer-Projekte Dresden feiert am 27. Juni sein 15-j\u00e4hriges Bestehen. Die Jubil\u00e4umsveranstaltung findet in der Alten G\u00e4rtnerei in Dresden-Pieschen statt. <img fetchpriority=\"high\" decoding=\"async\" src=\"https:\/\/www.europesays.com\/de\/wp-content\/uploads\/2026\/06\/2026-06-12-Gemeinschaftsgarten.jpg\" alt=\"Gemeinschaftsgarten der Ufer-Projekte in Pieschen - Foto: J. Frintert\" width=\"2400\" height=\"1350\" class=\"size-full wp-image-76212\"  \/>Gemeinschaftsgarten der Ufer-Projekte in Pieschen \u2013 Foto: J. Frintert <\/p>\n<p>Direkt neben den Fl\u00e4chen der Alten G\u00e4rtnerei liegt einer von insgesamt acht Gemeinschaftsg\u00e4rten des Vereins. Ein kleines Tor, ein rotes Schild mit der Aufschrift \u201eGemeinschaftsgarten\u201c, dahinter ein Meer aus Gr\u00fcn mit einzelnen Farbtupfern. Was sich Laien vielleicht als gro\u00dfe, wild bewachsene Unkrautfl\u00e4che pr\u00e4sentiert, ist der Gemeinschaftsgarten in Pieschen. Hier wachsen Bohnen neben Kartoffeln und Mangold \u2013 alles sehr naturnah, und genau das ist Konzept. <\/p>\n<p>Erik Miersch aus dem Vorstand der Ufer-Projekte erkl\u00e4rt, dass der erste Gemeinschaftsgarten vor 15 Jahren in der Johannstadt entstanden ist. \u201eDie G\u00e4rten sind \u00f6ffentliche Freir\u00e4ume f\u00fcr Kinder, Eltern sowie Seniorinnen und Senioren\u201c, sagt er.<\/p>\n<p><a class=\"gofollow\" data-track=\"MTM3LDEsNjA=\" href=\"https:\/\/pieschen-aktuell.de\/tanzquelle-elbflorenz-bewegung-und-kreativitaet-fuer-dresden\/\" target=\"_blank\" rel=\"noopener nofollow\"><img loading=\"lazy\" decoding=\"async\" src=\"https:\/\/www.europesays.com\/de\/wp-content\/uploads\/2025\/04\/2025-02-04-LogoTanzquelle-1.jpg\" alt=\"Tanzquelle Elbflorenz\" width=\"300\" height=\"250\"\/><\/a> <\/p>\n<p>Hier entstehen Orte f\u00fcr Begegnung, Austausch und Erholung. Gleichzeitig bieten die Fl\u00e4chen Raum f\u00fcr Umweltbildung und gemeinschaftliches Lernen. \u201eAu\u00dferdem wollen wir hier naturnahes G\u00e4rtnern erm\u00f6glichen\u201c, so Miersch. <img loading=\"lazy\" decoding=\"async\" src=\"https:\/\/pieschen-aktuell.de\/wp-content\/uploads\/2026\/06\/2026-06-12-ErikMiersch-jpg.avif\" alt=\"Erik Miersch ist im Vorstand der Ufer-Projekte - Foto: J. Frintert\" width=\"2400\" height=\"1350\" class=\"size-full wp-image-76213\"  \/>Erik Miersch ist im Vorstand der Ufer-Projekte \u2013 Foto: J. Frintert <\/p>\n<p>Engagement f\u00fcr Umwelt und Stadtgesellschaft <\/p>\n<p>Die Ufer-Projekte verstehen ihre Gemeinschaftsg\u00e4rten als offene Orte, an denen Menschen eigene Ideen verwirklichen und praktische Erfahrungen sammeln k\u00f6nnen. \u00d6kologisch bewirtschaftet und gemeinschaftlich gepflegt, bringen die G\u00e4rten Menschen verschiedener Generationen und Hintergr\u00fcnde zusammen. Wissen \u00fcber nachhaltige Ern\u00e4hrung, nat\u00fcrliche Kreisl\u00e4ufe und den verantwortungsvollen Umgang mit st\u00e4dtischen Ressourcen wird hier direkt erlebbar \u2013 ob an Hochbeeten, Kompost oder Bl\u00fchfl\u00e4chen f\u00fcr Insekten. <\/p>\n<p>\u201eDaf\u00fcr und auch f\u00fcr die bestehenden Projekte suchen wir Mitstreiter\u201c, sagt Miersch. Die Nutzung der G\u00e4rten ist grunds\u00e4tzlich kostenlos, empfohlen wird ein j\u00e4hrlicher Beitrag von 100 Euro. <img loading=\"lazy\" decoding=\"async\" src=\"https:\/\/www.europesays.com\/de\/wp-content\/uploads\/2026\/06\/2026-06-12-Gemeinschaftsgarten2.jpg\" alt=\"Naturnaher Anbau im Gemeinschaftsgarten - Foto: J. Frintert\" width=\"2400\" height=\"1350\" class=\"size-full wp-image-76215\"  \/>Naturnaher Anbau im Gemeinschaftsgarten \u2013 Foto: J. Frintert <\/p>\n<p>Programm f\u00fcr Kinder und Erwachsene <\/p>\n<p>Zum Jubil\u00e4um am 27. Juni erwartet Besucherinnen und Besucher ab 14 Uhr ein abwechslungsreiches Programm f\u00fcr Gro\u00df und Klein. Geplant sind Kinderschminken, Bienen-Basteln, ein Workshop zu F\u00f6rderm\u00f6glichkeiten, eine F\u00fchrung zum Thema Biodiversit\u00e4t sowie eine Ausstellung gemeinschaftlich genutzter Werkzeuge des Vereins. <\/p>\n<p>Abendprogramm mit Reden, Musik und Party <\/p>\n<p>Am Abend startet das Festprogramm mit einem Gru\u00dfwort von Stephan Viertel vom Amt f\u00fcr Stadtgr\u00fcn. Anschlie\u00dfend spricht Julia Leuterer, langj\u00e4hrige Gesch\u00e4ftsf\u00fchrerin der Lokalen Agenda Dresden. <\/p>\n<p>Au\u00dferdem gibt der Verein Einblicke in seine Gemeinschaftsg\u00e4rten. F\u00fcr die musikalische Begleitung sorgt die Dresdner Singer\/Songwriterin \u201eKaJus Geschichten\u201c, bevor der Abend mit einer Party und DJ ausklingt. <\/p>\n<p>Die Veranstaltung ist \u00f6ffentlich, der Eintritt ist frei. <\/p>\n<ul>\n<li><a href=\"https:\/\/ufer-projekte.de\/\" target=\"_blank\" rel=\"nofollow noopener\">ufer-projekte.de<\/a><\/li>\n<li>Gemeinschaftsgarten an der Alten G\u00e4rtnerei, Heidestra\u00dfe, gg\u00fc Nummer 21, 01127 Dresden<\/li>\n<\/ul>\n<p> <img loading=\"lazy\" decoding=\"async\" src=\"https:\/\/pieschen-aktuell.de\/wp-content\/uploads\/2026\/06\/2026-06-12-Gemeinschaftsgarten3-jpg.avif\" alt=\"Zwischen all dem Gem\u00fcse gibt's auch ein paar wild wachsende Bl\u00fcmchen. Foto: J. Frintert\" width=\"2400\" height=\"1350\" class=\"size-full wp-image-76214\"  \/>Zwischen all dem Gem\u00fcse gibt\u2019s auch ein paar wild wachsende Bl\u00fcmchen. Foto: J. Frintert  <\/p>\n","protected":false},"excerpt":{"rendered":"Der Verein Ufer-Projekte Dresden feiert am 27. Juni sein 15-j\u00e4hriges Bestehen. Die Jubil\u00e4umsveranstaltung findet in der Alten G\u00e4rtnerei&hellip;\n","protected":false},"author":2,"featured_media":1093649,"comment_status":"","ping_status":"","sticky":false,"template":"","format":"standard","meta":{"footnotes":"","_share_on_mastodon":"0"},"categories":[1835],"tags":[3364,29,2386,107208,30,37752,859,231924],"class_list":["post-1093648","post","type-post","status-publish","format-standard","has-post-thumbnail","category-dresden","tag-de","tag-deutschland","tag-dresden","tag-gemeinschaftsgarten","tag-germany","tag-pieschen","tag-sachsen","tag-ufer-projekte"],"share_on_mastodon":{"url":"https:\/\/pubeurope.com\/@de\/116748258737863561","error":""},"_links":{"self":[{"href":"https:\/\/www.europesays.com\/de\/wp-json\/wp\/v2\/posts\/1093648","targetHints":{"allow":["GET"]}}],"collection":[{"href":"https:\/\/www.europesays.com\/de\/wp-json\/wp\/v2\/posts"}],"about":[{"href":"https:\/\/www.europesays.com\/de\/wp-json\/wp\/v2\/types\/post"}],"author":[{"embeddable":true,"href":"https:\/\/www.europesays.com\/de\/wp-json\/wp\/v2\/users\/2"}],"replies":[{"embeddable":true,"href":"https:\/\/www.europesays.com\/de\/wp-json\/wp\/v2\/comments?post=1093648"}],"version-history":[{"count":0,"href":"https:\/\/www.europesays.com\/de\/wp-json\/wp\/v2\/posts\/1093648\/revisions"}],"wp:featuredmedia":[{"embeddable":true,"href":"https:\/\/www.europesays.com\/de\/wp-json\/wp\/v2\/media\/1093649"}],"wp:attachment":[{"href":"https:\/\/www.europesays.com\/de\/wp-json\/wp\/v2\/media?parent=1093648"}],"wp:term":[{"taxonomy":"category","embeddable":true,"href":"https:\/\/www.europesays.com\/de\/wp-json\/wp\/v2\/categories?post=1093648"},{"taxonomy":"post_tag","embeddable":true,"href":"https:\/\/www.europesays.com\/de\/wp-json\/wp\/v2\/tags?post=1093648"}],"curies":[{"name":"wp","href":"https:\/\/api.w.org\/{rel}","templated":true}]}}