{"id":109373,"date":"2025-05-14T07:30:12","date_gmt":"2025-05-14T07:30:12","guid":{"rendered":"https:\/\/www.europesays.com\/de\/109373\/"},"modified":"2025-05-14T07:30:12","modified_gmt":"2025-05-14T07:30:12","slug":"badestelle-in-frankreich-muss-geraeumt-werden","status":"publish","type":"post","link":"https:\/\/www.europesays.com\/de\/109373\/","title":{"rendered":"Badestelle in Frankreich muss ger\u00e4umt werden"},"content":{"rendered":"<p>Vom Tier fehlt sp\u00e4ter jede Spur <\/p>\n<p>Hai-Alarm an der Nordsee: Badestelle ger\u00e4umt<\/p>\n<p>Aktualisiert am 14.05.2025 &#8211; 07:23 UhrLesedauer: 2 Min.<\/p>\n<p><a href=\"#focus-0\" class=\"transition-colors duration-200 focus-within:text-magenta block text-current relative\" data-sctrack=\"FocusGalleryImage.Reference\"><img fetchpriority=\"high\" data-testid=\"Opener.Image\" style=\"--lqipURL:url('https:\/\/images.t-online.de\/2025\/05\/kDiSBkuWMbyP\/0x209:4000x2250\/fit-in\/150x0\/filters:blur(25)\/ein-hammerhai-im-meer-symbolbild-ein-franzoesischer-badestrand-ist-geraeumt-worden-nachdem-mehrerer-menschen-einen-hai-gesehen-haben-wollen.jpg')\"   loading=\"eager\" src=\"https:\/\/www.europesays.com\/de\/wp-content\/uploads\/2025\/05\/ein-hammerhai-im-meer-symbolbild-ein-franzoesischer-badestrand-ist-geraeumt-worden-nachdem-mehrerer-.jpeg\" alt=\"Ein Hammerhai im Meer (Symbolbild). Ein franz\u00f6sischer Badestrand ist ger\u00e4umt worden, nachdem mehrerer Menschen einen Hai gesehen haben wollen.\" title=\"Ein Hammerhai im Meer (Symbolbild). Ein franz\u00f6sischer Badestrand ist ger\u00e4umt worden, nachdem mehrerer Menschen einen Hai gesehen haben wollen.\" width=\"4000\" height=\"2250\" class=\"bg-[url:var(--lqipURL)] bg-cover bg-center flex w-full max-w-full h-full\" decoding=\"async\"\/><img style=\"--width:32;--height:32\" loading=\"lazy\" src=\"https:\/\/www.europesays.com\/de\/wp-content\/uploads\/2025\/03\/zoom-in.f7dae02f.svg.svg+xml\" alt=\"Vergr\u00f6\u00dfern des Bildes\" title=\"Vergr\u00f6\u00dfern des Bildes\" class=\"&#10;        block&#10;        h-[calc(var(--height)_\/_16_*_1rem)]&#10;        w-[calc(var(--width)_\/_16_*_1rem)]&#10;        max-w-none&#10;        absolute bottom-8 right-8 rounded-4 bg-snow p-8\" decoding=\"async\"\/><\/a><\/p>\n<p>Ein Hammerhai im Meer (Symbolbild). Ein franz\u00f6sischer Badestrand ist ger\u00e4umt worden, nachdem mehrerer Menschen einen Hai gesehen haben wollen. (Quelle: IMAGO\/Mathieu Meur\/imago-images-bilder)<\/p>\n<p class=\"font-bold text-18 leading-17\">An der Nordsee in Frankreich berichten mehrere Zeugen von einer Haiflosse im Meer. Polizei und Rettungskr\u00e4fte r\u00fccken an. Doch das Tier ist verschollen.<\/p>\n<p class=\"text-18 leading-17\">Im franz\u00f6sischen Badeort Bray-Dunes ist am Wochenende Hai-Alarm ausgel\u00f6st worden. Wie die niederl\u00e4ndische Zeitung &#8222;De Telegraaf&#8220; berichtet, schien zun\u00e4chst alles nach einem entspannten Fr\u00fchsommertag auszusehen: Die Sonne schien, die Temperaturen waren angenehm. Doch pl\u00f6tzlich nahm der Badetag f\u00fcr viele Urlauber und Einheimische ein unsch\u00f6nes Ende.<\/p>\n<p class=\"text-18 leading-17\">Gegen 15 Uhr wurden alle Badeg\u00e4ste aufgefordert, das Wasser sofort zu verlassen, berichtet &#8222;De Telegraaf&#8220; weiter. Der Grund: Ein Hai soll im Wasser gesichtet worden sein. Polizisten und Feuerwehrleute wurden angefordert \u2013 sie patrouillierten am Strand und warnten davor, wieder ins Wasser zu gehen.<\/p>\n<p class=\"text-18 leading-17\">Nach Angaben der \u00f6rtlichen Feuerwehr haben etwa zehn Personen gemeldet, eine Haiflosse gesehen zu haben. Deshalb gehen die Beh\u00f6rden auch nicht von einer Falschmeldung oder einem Scherz aus. Allerdings: Tats\u00e4chlich konnten die Beh\u00f6rden keinen Hai mehr feststellen. Gegen 17 Uhr wurde der Alarm daher wieder aufgehoben.<\/p>\n<p class=\"text-18 leading-17\">Bray-Dunes ist die n\u00f6rdlichste Stadt Frankreichs und grenzt an <a class=\"transition-colors duration-200 cursor-pointer text-inherit no-underline text-salemsfur md:hover:text-magenta md:hover:border-magenta md:focus:text-magenta border-current border-b border-solid break-words\" href=\"https:\/\/www.t-online.de\/themen\/belgien\/\" data-sctrack=\"BodyAnchor\" target=\"_blank\" rel=\"noopener\">Belgien<\/a>. Aus Deutschland ist man in wenigen Autostunden in dem 4.500-Einwohner-Ort. In der <a class=\"transition-colors duration-200 cursor-pointer text-inherit no-underline text-salemsfur md:hover:text-magenta md:hover:border-magenta md:focus:text-magenta border-current border-b border-solid break-words\" href=\"https:\/\/www.t-online.de\/themen\/nordsee\/\" data-sctrack=\"BodyAnchor\" target=\"_blank\" rel=\"noopener\">Nordsee<\/a> kommen mehr als 30 Hai- und Rochenarten vor, etwa der Dornhai oder der Kleingefleckte Katzenhai. Auch Riesenhaie wurden schon in der Nordsee gesichtet. F\u00fcr den Menschen bedeuten die Haie in aller Regel keine Gefahr. Im Jahr 2024 wurden weltweit 47 Haiangriffe gez\u00e4hlt, zehn davon endeten t\u00f6dlich.<\/p>\n","protected":false},"excerpt":{"rendered":"Vom Tier fehlt sp\u00e4ter jede Spur Hai-Alarm an der Nordsee: Badestelle ger\u00e4umt Aktualisiert am 14.05.2025 &#8211; 07:23 UhrLesedauer:&hellip;\n","protected":false},"author":2,"featured_media":109374,"comment_status":"","ping_status":"","sticky":false,"template":"","format":"standard","meta":{"footnotes":""},"categories":[3974],"tags":[42508,1434,331,332,42852,548,663,3934,985,3980,156,42853,13,14,15,7292,121,2843,12],"class_list":{"0":"post-109373","1":"post","2":"type-post","3":"status-publish","4":"format-standard","5":"has-post-thumbnail","7":"category-frankreich","8":"tag-hammerhai","9":"tag-1434","10":"tag-aktuelle-nachrichten","11":"tag-aktuelle-news","12":"tag-badestelle","13":"tag-eu","14":"tag-europa","15":"tag-europe","16":"tag-feuerwehr","17":"tag-france","18":"tag-frankreich","19":"tag-haiflosse","20":"tag-headlines","21":"tag-nachrichten","22":"tag-news","23":"tag-nordsee","24":"tag-polizei","25":"tag-rettungskraft","26":"tag-schlagzeilen"},"share_on_mastodon":{"url":"https:\/\/pubeurope.com\/@de\/114505018599873845","error":""},"_links":{"self":[{"href":"https:\/\/www.europesays.com\/de\/wp-json\/wp\/v2\/posts\/109373","targetHints":{"allow":["GET"]}}],"collection":[{"href":"https:\/\/www.europesays.com\/de\/wp-json\/wp\/v2\/posts"}],"about":[{"href":"https:\/\/www.europesays.com\/de\/wp-json\/wp\/v2\/types\/post"}],"author":[{"embeddable":true,"href":"https:\/\/www.europesays.com\/de\/wp-json\/wp\/v2\/users\/2"}],"replies":[{"embeddable":true,"href":"https:\/\/www.europesays.com\/de\/wp-json\/wp\/v2\/comments?post=109373"}],"version-history":[{"count":0,"href":"https:\/\/www.europesays.com\/de\/wp-json\/wp\/v2\/posts\/109373\/revisions"}],"wp:featuredmedia":[{"embeddable":true,"href":"https:\/\/www.europesays.com\/de\/wp-json\/wp\/v2\/media\/109374"}],"wp:attachment":[{"href":"https:\/\/www.europesays.com\/de\/wp-json\/wp\/v2\/media?parent=109373"}],"wp:term":[{"taxonomy":"category","embeddable":true,"href":"https:\/\/www.europesays.com\/de\/wp-json\/wp\/v2\/categories?post=109373"},{"taxonomy":"post_tag","embeddable":true,"href":"https:\/\/www.europesays.com\/de\/wp-json\/wp\/v2\/tags?post=109373"}],"curies":[{"name":"wp","href":"https:\/\/api.w.org\/{rel}","templated":true}]}}