{"id":1093786,"date":"2026-06-14T12:56:28","date_gmt":"2026-06-14T12:56:28","guid":{"rendered":"https:\/\/www.europesays.com\/de\/1093786\/"},"modified":"2026-06-14T12:56:28","modified_gmt":"2026-06-14T12:56:28","slug":"pfarrbuecherei-lintorf-135-jahre-koeb-st-anna","status":"publish","type":"post","link":"https:\/\/www.europesays.com\/de\/1093786\/","title":{"rendered":"Pfarrb\u00fccherei Lintorf: 135 Jahre K\u00d6B St. Anna"},"content":{"rendered":"<p class=\"text_ohne_einzug richtext text-em-55 !leading-serif mx-6 desktop:mx-0\">\u201eUnsere Pfarrb\u00fcchereien sind ein wunderbarer Ort, gemeinsam in Kontakt zu treten. Neben dem B\u00fccherausleihen gibt es immer die M\u00f6glichkeit, ein Schw\u00e4tzchen zu halten. Sei es die Beratung zum neusten Lesestoff oder aber Gespr\u00e4che \u00fcber allgemeine Alltagsthemen\u201c, sagte Stefanie Kellersmann, Leiterin der katholische \u00f6ffentlichen B\u00fccherei St. Anna (K\u00d6B). Damit hat sie eine geradezu geschichtstr\u00e4chtige Stellung inne. Den Standort Lintorf gibt es seit 135 Jahren, damit ist die K\u00d6B im Stadtteil auch eine der \u00e4ltesten im gesamten Erzbistum K\u00f6ln. Und in der neuen Pastoralen Einheit, zu der Lintorf geh\u00f6rt, ist sie die \u00e4lteste. Im Jahr des Ratinger Stadtjubil\u00e4ums \u2013 750 Jahre \u2013 ist es f\u00fcr Lintorf bereits das  zweite bemerkenswerte Datum in Sachen Bibliothekswesen. Die Zweigstelle der Stadtb\u00fccherei feierte im M\u00e4rz 50-j\u00e4hriges Bestehen.<\/p>\n","protected":false},"excerpt":{"rendered":"\u201eUnsere Pfarrb\u00fcchereien sind ein wunderbarer Ort, gemeinsam in Kontakt zu treten. Neben dem B\u00fccherausleihen gibt es immer die&hellip;\n","protected":false},"author":2,"featured_media":1093787,"comment_status":"","ping_status":"","sticky":false,"template":"","format":"standard","meta":{"footnotes":"","_share_on_mastodon":"0"},"categories":[1838],"tags":[6962,73914,1785,231938,10666,73932,74511,2966,231939,3364,29,3715,30,18206,16174,11231,231937,231935,29850,19113,1209,24176,231936,1904,2878,17284],"class_list":["post-1093786","post","type-post","status-publish","format-standard","has-post-thumbnail","category-duisburg","tag-anna","tag-bilderbuecher","tag-buecher","tag-buecherbegeisterte","tag-buecherei","tag-buechereien","tag-buechereiteam","tag-buecherschrank","tag-buechertroedel","tag-de","tag-deutschland","tag-duisburg","tag-germany","tag-hoerbuecher","tag-jugendbuecher","tag-katholische","tag-kellersmann","tag-koeb","tag-leiterin","tag-lintorf","tag-nordrhein-westfalen","tag-oeffentliche","tag-pfarrbuechereien","tag-sachbuch","tag-sachbuecher","tag-tradition"],"share_on_mastodon":{"url":"https:\/\/pubeurope.com\/@de\/116748575394656429","error":""},"_links":{"self":[{"href":"https:\/\/www.europesays.com\/de\/wp-json\/wp\/v2\/posts\/1093786","targetHints":{"allow":["GET"]}}],"collection":[{"href":"https:\/\/www.europesays.com\/de\/wp-json\/wp\/v2\/posts"}],"about":[{"href":"https:\/\/www.europesays.com\/de\/wp-json\/wp\/v2\/types\/post"}],"author":[{"embeddable":true,"href":"https:\/\/www.europesays.com\/de\/wp-json\/wp\/v2\/users\/2"}],"replies":[{"embeddable":true,"href":"https:\/\/www.europesays.com\/de\/wp-json\/wp\/v2\/comments?post=1093786"}],"version-history":[{"count":0,"href":"https:\/\/www.europesays.com\/de\/wp-json\/wp\/v2\/posts\/1093786\/revisions"}],"wp:featuredmedia":[{"embeddable":true,"href":"https:\/\/www.europesays.com\/de\/wp-json\/wp\/v2\/media\/1093787"}],"wp:attachment":[{"href":"https:\/\/www.europesays.com\/de\/wp-json\/wp\/v2\/media?parent=1093786"}],"wp:term":[{"taxonomy":"category","embeddable":true,"href":"https:\/\/www.europesays.com\/de\/wp-json\/wp\/v2\/categories?post=1093786"},{"taxonomy":"post_tag","embeddable":true,"href":"https:\/\/www.europesays.com\/de\/wp-json\/wp\/v2\/tags?post=1093786"}],"curies":[{"name":"wp","href":"https:\/\/api.w.org\/{rel}","templated":true}]}}