{"id":1093882,"date":"2026-06-14T13:50:16","date_gmt":"2026-06-14T13:50:16","guid":{"rendered":"https:\/\/www.europesays.com\/de\/1093882\/"},"modified":"2026-06-14T13:50:16","modified_gmt":"2026-06-14T13:50:16","slug":"oekumenisches-tauffest-in-moenchengladbach-34-taeuflinge-am-geroweiher","status":"publish","type":"post","link":"https:\/\/www.europesays.com\/de\/1093882\/","title":{"rendered":"\u00d6kumenisches Tauffest in M\u00f6nchengladbach: 34 T\u00e4uflinge am Geroweiher:"},"content":{"rendered":"<p class=\"text_ohne_einzug richtext text-em-55 !leading-serif mx-6 desktop:mx-0\">\u201eSo toll w\u00e4re ich gerne auch getauft worden\u201c, sagt Henriette Deutz und blickt \u00fcber die Wiese des Geroparks. Buden und Karussells sind nicht aufgebaut, dennoch herrscht an diesem Samstagnachmittag (13. Juni) rund um den Geroweiher beinahe Volksfeststimmung. Familien sitzen auf B\u00e4nken oder Decken, trinken Kaffee und essen Kuchen. Kinder spielen ausgelassen. Und die Band \u201eRolling Thunder Brass\u201c sowie ein \u00f6kumenischer Kinderchor, bestehend aus verschiedenen katholischen und evangelischen Kinderch\u00f6ren der Stadt, sorgen f\u00fcr die passende Musik. Man genie\u00dft das Zusammensein.<\/p>\n<p>Katholischer oder evangelischer Segen f\u00fcr die T\u00e4uflinge in M\u00f6nchengladbach      <\/p>\n<p class=\"richtext text-em-55 !leading-serif mx-6 desktop:mx-0\">W\u00e4hrend Familien Fotos machen und die Zeremonien verfolgen, erhalten die T\u00e4uflinge den katholischen oder evangelischen Segen. \u201eJedem wird der Segen individuell zugesprochen, aber alle zusammen sind wir eine Gemeinschaft, die Verantwortung f\u00fcreinander \u00fcbernimmt\u201c, betont Stephan Dedring, evangelischer Pfarrer in Rheydt. Trotz der Gr\u00f6\u00dfe der Veranstaltung bleibt jede Taufe ein einzigartiger und pers\u00f6nlicher Moment. Unter den Beteiligten und Organisatoren sind auch Probst Peter Bl\u00e4ttler (St. Vitus), Pfarrer Till H\u00fcttenberger (Evangelischen Friedenskirchengemeinde),  Vikarin Anna Kierdorf und der evangelische Pfarrer i.R. Olaf N\u00f6ller (beide Rheydt) und der katholische Pfarrer Christoph Glanz (Wickrath).<\/p>\n<p class=\"richtext text-em-55 !leading-serif mx-6 desktop:mx-0\">F\u00fcr Pfarrerin Esther Gommel-Packbier ist genau das auch einer der Gr\u00fcnde f\u00fcr den Erfolg des Festes, das mit nur einem Vorbereitungsnachmittag Ende Mai bewusst niederschwellig gestaltet wurde. \u201eHier f\u00e4llt man gar nicht auf, und dennoch bleibt die Taufe am eigenen Tisch ein intimer Moment\u201c, sagt sie. Trotz der zahlreichen Kirchenaustritte beobachtet Gommel-Packbier weiterhin ein gro\u00dfes Interesse am christlichen Glauben. \u201eDer Wunsch nach Segen ist da. Viele Menschen sehnen sich nach dem Gef\u00fchl, dass da jemand ist, der auf uns schaut.\u201c Die Taufe sei die Zusage, dass Gott jeden Menschen bedingungslos annehme.<\/p>\n<p class=\"richtext text-em-55 !leading-serif mx-6 desktop:mx-0\">Diesen Wunsch hat auch die Familie Adeyemi. Vater Adewale sowie seine beiden kleinen T\u00f6chter Kleo und Liana werden gemeinsam getauft. \u201eDie Idee zur Taufe ist bei uns kurz vor der Geburt unserer kleinen Tochter entstanden\u201c, sagt seine Ehefrau Tamara Adeyemi. Die Familie habe sich bewusst dazu entschieden, diesen Schritt gemeinsam zu gehen. Ihre gro\u00dfe Tochter Julia ist bereits getauft.<\/p>\n<p class=\"richtext text-em-55 !leading-serif mx-6 desktop:mx-0\">Auch die siebenj\u00e4hrige Liv freut sich auf ihren gro\u00dfen Tag. In einem wei\u00dfen Kleid wartet sie gespannt auf die Zeremonie. \u201eIch finde das total super, dass ich heute getauft werde\u201c, betont sie.<\/p>\n<p>Emil (4) beugt sich ins Taufwasser am Geroweiher      <\/p>\n<p class=\"richtext text-em-55 !leading-serif mx-6 desktop:mx-0\">Britta Gorholt l\u00e4sst ihre beiden S\u00f6hne Emil und Oskar taufen. \u201eDas war schon lange geplant. Aber in den vergangenen Jahren kam einfach immer etwas dazwischen. Deswegen jetzt hier\u201c, sagt sie. \u201eDie beiden gro\u00dfen Geschwister sind auch getauft.\u201c F\u00fcr die Familie ist ebenfalls der Glaube der Grund f\u00fcr die Taufe. F\u00fcr einen besonders heiteren Moment sorgte der vierj\u00e4hrige Emil, der sich neugierig mit dem ganzen Kopf \u00fcber das Taufwasser beugt.<\/p>\n<p class=\"richtext text-em-55 !leading-serif mx-6 desktop:mx-0\">Die besondere Bedeutung des Tauffestes zeigt sich nicht zuletzt an den teils weiten Wegen, die Besucher daf\u00fcr auf sich nehmen. Eine Familie reist sogar vier Stunden aus Aschaffenburg an, um dabei sein zu k\u00f6nnen. Eine frischgebackene Patin formuliert, was viele an diesem Tag empfinden: \u201eF\u00fcr mich geh\u00f6rt die Taufe einfach dazu. Sie schafft Zugeh\u00f6rigkeit, das finde ich heutzutage sehr wichtig.\u201c<\/p>\n<p class=\"richtext text-em-55 !leading-serif mx-6 desktop:mx-0\">Au\u00dfer den einzelnen Taufen stand vor allem auch die \u00f6kumenische Gemeinschaft im Mittelpunkt, schlie\u00dflich war es ein gemeinsam von evangelischen und katholischen Gemeinden gestaltetes Fest. Der Regionalvikar und katholische J\u00fcchener Pfarrer Ulrich Clancett betont, dass Menschen st\u00e4rker auf das schauen sollten, das sie verbindet, und weniger auf das Trennende. \u201eDie Welt funktioniert nur, wenn wir den Weg gemeinsam gehen.\u201c<\/p>\n<p class=\"richtext text-em-55 !leading-serif mx-6 desktop:mx-0\">Pastoralreferent Frank Seeger-Hupperten unterstreicht an diesem Nachmittag die Bedeutung der Taufe: \u201eWas wir hier tun, ist tats\u00e4chlich etwas, womit die Bibel uns beauftragt hat.\u201c Dann verliest er die \u201eWeisung zu taufen\u201c aus dem Matth\u00e4us-Evangelium. Und nachdem 34 Menschen neu den Weg in die Kirche gew\u00e4hlt haben, Kostenpflichtiger Inhalt <a href=\"https:\/\/rp-online.de\/nrw\/staedte\/moenchengladbach\/kirchen-in-moenchengladbach-klettern-schlafen-pflegen-im-gotteshaus_aid-120120973\" rel=\"nofollow noopener\" target=\"_blank\">wirkt die Krise der Kirchen<\/a> weit entfernt.<\/p>\n","protected":false},"excerpt":{"rendered":"\u201eSo toll w\u00e4re ich gerne auch getauft worden\u201c, sagt Henriette Deutz und blickt \u00fcber die Wiese des Geroparks.&hellip;\n","protected":false},"author":2,"featured_media":1093883,"comment_status":"","ping_status":"","sticky":false,"template":"","format":"standard","meta":{"footnotes":"","_share_on_mastodon":"0"},"categories":[1849],"tags":[3364,29,548,663,3934,31162,553,30,200114,13,19968,4455,37018,14,15,1209,12,41560,188846,22767,231951,231950],"class_list":["post-1093882","post","type-post","status-publish","format-standard","has-post-thumbnail","category-moenchengladbach","tag-de","tag-deutschland","tag-eu","tag-europa","tag-europe","tag-evangelischen","tag-familie","tag-germany","tag-getauft","tag-headlines","tag-katholischen","tag-moenchengladbach","tag-nachmittag","tag-nachrichten","tag-news","tag-nordrhein-westfalen","tag-schlagzeilen","tag-segen","tag-sonnigen","tag-taufe","tag-taufen","tag-taeuflinge"],"share_on_mastodon":{"url":"https:\/\/pubeurope.com\/@de\/116748787804790008","error":""},"_links":{"self":[{"href":"https:\/\/www.europesays.com\/de\/wp-json\/wp\/v2\/posts\/1093882","targetHints":{"allow":["GET"]}}],"collection":[{"href":"https:\/\/www.europesays.com\/de\/wp-json\/wp\/v2\/posts"}],"about":[{"href":"https:\/\/www.europesays.com\/de\/wp-json\/wp\/v2\/types\/post"}],"author":[{"embeddable":true,"href":"https:\/\/www.europesays.com\/de\/wp-json\/wp\/v2\/users\/2"}],"replies":[{"embeddable":true,"href":"https:\/\/www.europesays.com\/de\/wp-json\/wp\/v2\/comments?post=1093882"}],"version-history":[{"count":0,"href":"https:\/\/www.europesays.com\/de\/wp-json\/wp\/v2\/posts\/1093882\/revisions"}],"wp:featuredmedia":[{"embeddable":true,"href":"https:\/\/www.europesays.com\/de\/wp-json\/wp\/v2\/media\/1093883"}],"wp:attachment":[{"href":"https:\/\/www.europesays.com\/de\/wp-json\/wp\/v2\/media?parent=1093882"}],"wp:term":[{"taxonomy":"category","embeddable":true,"href":"https:\/\/www.europesays.com\/de\/wp-json\/wp\/v2\/categories?post=1093882"},{"taxonomy":"post_tag","embeddable":true,"href":"https:\/\/www.europesays.com\/de\/wp-json\/wp\/v2\/tags?post=1093882"}],"curies":[{"name":"wp","href":"https:\/\/api.w.org\/{rel}","templated":true}]}}