{"id":1094098,"date":"2026-06-14T16:07:20","date_gmt":"2026-06-14T16:07:20","guid":{"rendered":"https:\/\/www.europesays.com\/de\/1094098\/"},"modified":"2026-06-14T16:07:20","modified_gmt":"2026-06-14T16:07:20","slug":"messerattacken-in-essen-in-den-dschihad-gezogen-prozess-um-messerangriffe-startet","status":"publish","type":"post","link":"https:\/\/www.europesays.com\/de\/1094098\/","title":{"rendered":"Messerattacken in Essen: \u00abIn den Dschihad gezogen\u00bb: Prozess um Messerangriffe startet"},"content":{"rendered":"<p>Quelle: dpa Nordrhein-Westfalen<br \/>\n        14. Juni 2026, 17:30 Uhr\n    <\/p>\n<p>        Hinweis<\/p>\n<p class=\"article-notice__text\">DIE ZEIT hat diese Meldung redaktionell nicht bearbeitet. Sie wurde automatisch von der Deutschen Presse-Agentur (dpa) \u00fcbernommen.<\/p>\n<p>            <img decoding=\"async\" class=\"article__media-item\" src=\"https:\/\/www.europesays.com\/de\/wp-content\/uploads\/2026\/06\/1781453240_144_wide__660x371.jpeg\" alt=\"Messerattacken in Essen: Die Anklage gegen den mutma\u00dflichen Islamisten wurde zugelassen. (Archivbild)\"\/><\/p>\n<p>                    Die Anklage gegen den mutma\u00dflichen Islamisten wurde zugelassen. (Archivbild)<br \/>\n            \u00a9\u00a0Federico Gambarini\/\u200bdpa<\/p>\n<p class=\"paragraph article__item\">Mit dem Messer in den Heiligen Krieg: Ein Sch\u00fcler eines Berufskollegs soll in Essen islamistisch motivierte Messerattacken ver\u00fcbt haben. Von Montag (10.30) an muss sich der inzwischen 18 Jahre alte Angeklagte im Hochsicherheitstrakt des D\u00fcsseldorfer Oberlandesgerichts verantworten.\u00a0\n<\/p>\n<p>Aktuelles<\/p>\n<p>                <a href=\"https:\/\/www.zeit.de\/gesellschaft\/2026-06\/terroranschlag-bielefeld-urteil-oberlandesgericht-duesseldorf-gxe\" data-ct-label=\"Terroranschlag in Bielefeld: T\u00e4ter nach Messerangriff in Bielefeld zu lebenslanger Haft verurteilt\" data-uuid=\"f5f3897c-aa72-465b-ba1e-4a6cfbff189e\" rel=\"nofollow noopener\" target=\"_blank\"><\/p>\n<p>                        Terroranschlag in Bielefeld:<br \/>\n                        T\u00e4ter nach Messerangriff in Bielefeld zu lebenslanger Haft verurteilt<\/p>\n<p>                <\/a><\/p>\n<p>                <a href=\"https:\/\/www.zeit.de\/gesellschaft\/zeitgeschehen\/2026-05\/angriff-holocaust-mahnmal-berlin-festnahme-helfer-gxe\" data-ct-label=\"Berlin: Weiterer Verd\u00e4chtiger nach Angriff am Holocaust-Mahnmal festgenommen\" data-uuid=\"8b022a6c-ac46-44e5-b2b6-921bdabf4b27\" rel=\"nofollow noopener\" target=\"_blank\"><\/p>\n<p>                        Berlin:<br \/>\n                        Weiterer Verd\u00e4chtiger nach Angriff am Holocaust-Mahnmal festgenommen<\/p>\n<p>                <\/a><\/p>\n<p>                <a href=\"https:\/\/www.zeit.de\/gesellschaft\/2026-05\/bundesanwaltschaft-anklage-is-mitglieder-irak-duesseldorf-gxe\" data-ct-label=\"Islamismus: Bundesanwaltschaft klagt mutma\u00dfliche IS-Mitglieder aus dem Irak an\" data-uuid=\"a98a0e78-cde8-4f75-a2e9-cf90d0f6cfa5\" rel=\"nofollow noopener\" target=\"_blank\"><\/p>\n<p>                        Islamismus:<br \/>\n                        Bundesanwaltschaft klagt mutma\u00dfliche IS-Mitglieder aus dem Irak an<\/p>\n<p>                <\/a><\/p>\n<p class=\"paragraph article__item\">Die <a class=\"rtr-entity\" href=\"https:\/\/www.zeit.de\/thema\/bundesanwaltschaft\" rel=\"nofollow noopener\" target=\"_blank\">Bundesanwaltschaft<\/a> wirft ihm dreifachen versuchten Mord, gef\u00e4hrliche K\u00f6rperverletzung, Widerstand gegen Vollstreckungsbeamte und N\u00f6tigung vor. Er soll vor neun Monaten mehrfach auf eine 45-j\u00e4hrige Lehrerin eingestochen haben. Auch einen Hausmeister an einer Grundschule und einen Obdachlosen an einer Bushaltestelle soll der junge Kosovar angegriffen haben.\u00a0\n<\/p>\n<p class=\"paragraph article__item\">Danach habe er noch m\u00f6glichst viele Juden t\u00f6ten wollen, aber keine gefunden, als er zweimal an der Alten Synagoge in Essen erschien und nach ihnen Ausschau gehalten habe. Nach Ansicht der Bundesanwaltschaft waren die Taten islamistisch motiviert: Der damals 17-j\u00e4hrige Jugendliche sei als \u00fcberzeugter Islamist gegen vermeintliche Ungl\u00e4ubige in den Dschihad gezogen.\n<\/p>\n<p class=\"paragraph article__item\">\u00a9 dpa-infocom, dpa:260614-930-222372\/1<\/p>\n","protected":false},"excerpt":{"rendered":"Quelle: dpa Nordrhein-Westfalen 14. Juni 2026, 17:30 Uhr Hinweis DIE ZEIT hat diese Meldung redaktionell nicht bearbeitet. Sie&hellip;\n","protected":false},"author":2,"featured_media":1094099,"comment_status":"","ping_status":"","sticky":false,"template":"","format":"standard","meta":{"footnotes":"","_share_on_mastodon":"0"},"categories":[1834],"tags":[36909,18330,3364,29,3688,30,2841,2842,231793,15,1209],"class_list":["post-1094098","post","type-post","status-publish","format-standard","has-post-thumbnail","category-essen","tag-berufskolleg","tag-bundesanwaltschaft","tag-de","tag-deutschland","tag-essen","tag-germany","tag-messerangriff","tag-messerattacke","tag-messerattacken-in-essen","tag-news","tag-nordrhein-westfalen"],"share_on_mastodon":{"url":"https:\/\/pubeurope.com\/@de\/116749326736216047","error":""},"_links":{"self":[{"href":"https:\/\/www.europesays.com\/de\/wp-json\/wp\/v2\/posts\/1094098","targetHints":{"allow":["GET"]}}],"collection":[{"href":"https:\/\/www.europesays.com\/de\/wp-json\/wp\/v2\/posts"}],"about":[{"href":"https:\/\/www.europesays.com\/de\/wp-json\/wp\/v2\/types\/post"}],"author":[{"embeddable":true,"href":"https:\/\/www.europesays.com\/de\/wp-json\/wp\/v2\/users\/2"}],"replies":[{"embeddable":true,"href":"https:\/\/www.europesays.com\/de\/wp-json\/wp\/v2\/comments?post=1094098"}],"version-history":[{"count":0,"href":"https:\/\/www.europesays.com\/de\/wp-json\/wp\/v2\/posts\/1094098\/revisions"}],"wp:featuredmedia":[{"embeddable":true,"href":"https:\/\/www.europesays.com\/de\/wp-json\/wp\/v2\/media\/1094099"}],"wp:attachment":[{"href":"https:\/\/www.europesays.com\/de\/wp-json\/wp\/v2\/media?parent=1094098"}],"wp:term":[{"taxonomy":"category","embeddable":true,"href":"https:\/\/www.europesays.com\/de\/wp-json\/wp\/v2\/categories?post=1094098"},{"taxonomy":"post_tag","embeddable":true,"href":"https:\/\/www.europesays.com\/de\/wp-json\/wp\/v2\/tags?post=1094098"}],"curies":[{"name":"wp","href":"https:\/\/api.w.org\/{rel}","templated":true}]}}