{"id":1094114,"date":"2026-06-14T16:15:15","date_gmt":"2026-06-14T16:15:15","guid":{"rendered":"https:\/\/www.europesays.com\/de\/1094114\/"},"modified":"2026-06-14T16:15:15","modified_gmt":"2026-06-14T16:15:15","slug":"atp-turnier-tennis-turnierdirektor-kritisiert-stadt-stuttgart","status":"publish","type":"post","link":"https:\/\/www.europesays.com\/de\/1094114\/","title":{"rendered":"ATP-Turnier: Tennis-Turnierdirektor kritisiert Stadt Stuttgart"},"content":{"rendered":"<p class=\"paragraph article__item\">Turnierdirektor Edwin Weindorfer fordert von der Stadt <a class=\"rtr-entity\" href=\"https:\/\/www.zeit.de\/thema\/stuttgart\" rel=\"nofollow noopener\" target=\"_blank\">Stuttgart<\/a> ein st\u00e4rkeres Engagement f\u00fcr das Rasen-Tennisevent auf dem Weissenhof. \u00abMeine Kritik erfolgt nur deswegen, weil ich wei\u00df, was die anderen St\u00e4dte in Europa f\u00fcr solche Events bezahlen\u00bb, sagte Weindorfer, der das Turnier mit seiner Vermarktungsagentur emotion veranstaltet. \u00abDa ist die Stadt Stuttgart f\u00fcr mich absolutes Schlusslicht.\u00bb\n<\/p>\n<p>Aktuelles<\/p>\n<p>                <a href=\"https:\/\/www.zeit.de\/politik\/deutschland\/2026-05\/goerlitz-hauseinsturz-vermisste-suche-rettungskraefte-buergermeister\" data-ct-label=\"Hauseinsturz in G\u00f6rlitz: \u00bbAls ich davorstand, verstand ich, wie schlimm es ist\u00ab\" data-uuid=\"02fac559-5afd-4159-a9b1-196e5ad05ab3\" rel=\"nofollow noopener\" target=\"_blank\"><\/p>\n<p>                        Hauseinsturz in G\u00f6rlitz:<br \/>\n                        \u00bbAls ich davorstand, verstand ich, wie schlimm es ist\u00ab<\/p>\n<p>                <\/a><\/p>\n<p>                <a href=\"https:\/\/www.zeit.de\/sport\/2026-04\/fussball-weltmeisterschaft-2026-faq\" data-ct-label=\"Fu\u00dfballweltmeisterschaft 2026: Mehr Spiele, weniger Gelb-Sperren und schnellere Auswechslungen\" data-uuid=\"d3ac1541-e04c-4ff4-9f80-8e5e7b14555b\" rel=\"nofollow noopener\" target=\"_blank\"><\/p>\n<p>                        Fu\u00dfballweltmeisterschaft 2026:<br \/>\n                        Mehr Spiele, weniger Gelb-Sperren und schnellere Auswechslungen<\/p>\n<p>                <\/a><\/p>\n<p>                <a href=\"https:\/\/www.zeit.de\/sport\/2026-06\/katja-kraus-fussball-wm-nationalmannschaft-turnier-manuel-neuer\" data-ct-label=\"Katja Kraus: \u00bbDie Zeiten des Leitwolfs sind vorbei\u00ab\" data-uuid=\"4dc7d0cb-4d5d-407c-9a78-334c8e78e84d\" rel=\"nofollow noopener\" target=\"_blank\"><\/p>\n<p>        Z+ (abopflichtiger Inhalt);<\/p>\n<p>    Katja Kraus:<br \/>\n                        \u00bbDie Zeiten des Leitwolfs sind vorbei\u00ab<\/p>\n<p>                <\/a><\/p>\n<p class=\"paragraph article__item\">Oberb\u00fcrgermeister Frank Nopper (CDU) schaute sich das Endspiel zwischen den beiden US-Profis Ben Shelton und Taylor Fritz bei den Boss Open an. Im Rahmen des Besuchs wollten die Organisatoren ein Gespr\u00e4ch mit ihm f\u00fchren.\n<\/p>\n<p>                        Weindorfer spricht von \u00abWerbewert von \u00fcber 20 Millionen\u00bb            <\/p>\n<p class=\"paragraph article__item\">Die Unterst\u00fctzung m\u00fcsse nicht so hoch sein wie in St\u00e4dten wie Hamburg und M\u00fcnchen, meinte Weindorfer. Es sei ihm wichtig, \u00abein faires Gespr\u00e4ch\u00bb zu f\u00fchren und in der Stadt Stuttgart, \u00abwo wir einen Werbewert von \u00fcber 20 Millionen allein medial einspielen\u00bb, gesch\u00e4tzt zu werden, so der Turnierdirektor.\n<\/p>\n<p class=\"paragraph article__item\">Auf Anfrage der \u00abStuttgarter Zeitung\u00bb und der \u00abStuttgarter Nachrichten\u00bb hatte Oberb\u00fcrgermeister Nopper in der Turnier-Woche auf die Kritik von Weindorfer reagiert. Das Tennis-Turnier habe eine starke Imagewirkung f\u00fcr die Stadt, sagte Nopper zwar, \u00ababer in schwierigen Zeiten, in denen in nahezu allen Bereichen Streichungen vorgenommen werden mussten, konnten wir dieses Turnier leider nicht vor sp\u00fcrbaren K\u00fcrzungen verschonen\u00bb. Was im Umfeld \u00abohne gr\u00f6\u00dferen finanziellen Einsatz\u00bb m\u00f6glich sei, werde man m\u00f6glich machen.\n<\/p>\n<p class=\"paragraph article__item\">\u00a9 dpa-infocom, dpa:260614-930-221122\/2<\/p>\n","protected":false},"excerpt":{"rendered":"Turnierdirektor Edwin Weindorfer fordert von der Stadt Stuttgart ein st\u00e4rkeres Engagement f\u00fcr das Rasen-Tennisevent auf dem Weissenhof. \u00abMeine&hellip;\n","protected":false},"author":2,"featured_media":1094115,"comment_status":"","ping_status":"","sticky":false,"template":"","format":"standard","meta":{"footnotes":"","_share_on_mastodon":"0"},"categories":[1830],"tags":[19645,1634,3364,29,60610,663,28439,30,1229,15,1441,58928],"class_list":["post-1094114","post","type-post","status-publish","format-standard","has-post-thumbnail","category-stuttgart","tag-atp-turnier","tag-baden-wuerttemberg","tag-de","tag-deutschland","tag-edwin-weindorfer","tag-europa","tag-frank-nopper","tag-germany","tag-kritik","tag-news","tag-stuttgart","tag-weissenhof"],"share_on_mastodon":{"url":"https:\/\/pubeurope.com\/@de\/116749358136119632","error":""},"_links":{"self":[{"href":"https:\/\/www.europesays.com\/de\/wp-json\/wp\/v2\/posts\/1094114","targetHints":{"allow":["GET"]}}],"collection":[{"href":"https:\/\/www.europesays.com\/de\/wp-json\/wp\/v2\/posts"}],"about":[{"href":"https:\/\/www.europesays.com\/de\/wp-json\/wp\/v2\/types\/post"}],"author":[{"embeddable":true,"href":"https:\/\/www.europesays.com\/de\/wp-json\/wp\/v2\/users\/2"}],"replies":[{"embeddable":true,"href":"https:\/\/www.europesays.com\/de\/wp-json\/wp\/v2\/comments?post=1094114"}],"version-history":[{"count":0,"href":"https:\/\/www.europesays.com\/de\/wp-json\/wp\/v2\/posts\/1094114\/revisions"}],"wp:featuredmedia":[{"embeddable":true,"href":"https:\/\/www.europesays.com\/de\/wp-json\/wp\/v2\/media\/1094115"}],"wp:attachment":[{"href":"https:\/\/www.europesays.com\/de\/wp-json\/wp\/v2\/media?parent=1094114"}],"wp:term":[{"taxonomy":"category","embeddable":true,"href":"https:\/\/www.europesays.com\/de\/wp-json\/wp\/v2\/categories?post=1094114"},{"taxonomy":"post_tag","embeddable":true,"href":"https:\/\/www.europesays.com\/de\/wp-json\/wp\/v2\/tags?post=1094114"}],"curies":[{"name":"wp","href":"https:\/\/api.w.org\/{rel}","templated":true}]}}