{"id":1094232,"date":"2026-06-14T17:26:41","date_gmt":"2026-06-14T17:26:41","guid":{"rendered":"https:\/\/www.europesays.com\/de\/1094232\/"},"modified":"2026-06-14T17:26:41","modified_gmt":"2026-06-14T17:26:41","slug":"jugendnationalspieler-hannover-will-stuttgart-talent-fussballdaten","status":"publish","type":"post","link":"https:\/\/www.europesays.com\/de\/1094232\/","title":{"rendered":"Jugendnationalspieler: Hannover will Stuttgart-Talent &#8211; Fussballdaten"},"content":{"rendered":"<p>Auch Rapid Wien will ihn<\/p>\n<p>Nach Informationen von Sky Sport Austria haben mehrere Klubs konkretes Interesse am \u00f6sterreichischen Au\u00dfenverteidiger <a href=\"https:\/\/www.fussballdaten.de\/person\/christopher-olivier\/\" title=\"Profil von Christopher Olivier\" rel=\"nofollow noopener\" target=\"_blank\">Christopher Olivier<\/a>. Demnach stehen Teams aus der \u00f6sterreichischen Bundesliga mit dem 20-J\u00e4hrigen in Kontakt, der <a href=\"https:\/\/www.fussballdaten.de\/vereine\/sk-rapid-wien\/\" title=\"Profil von SK Rapid Wien\" rel=\"nofollow noopener\" target=\"_blank\">SK Rapid Wien<\/a> hat sogar bereits ein Angebot abgegeben. Auch mit <a href=\"https:\/\/www.fussballdaten.de\/vereine\/hannover-96\/\" title=\"Profil von Hannover 96\" rel=\"nofollow noopener\" target=\"_blank\">Hannover 96<\/a> gibt es bereits Gespr\u00e4che.<\/p>\n<p class=\"mb20 mt30\">In der abgelaufenen Saison absolvierte Olivier 34 Spiele in der 3. Liga f\u00fcr die zweite Mannschaft des VfB Stuttgart, die den 14. Platz erreichte. F\u00fcnf Assists steuerte er dazu bei. Zudem ist er bereits seit der U16 \u00f6sterreichischer Jugendnationalspieler, im M\u00e4rz kam er in der U21 zum Einsatz. Der Vertrag von Olivier l\u00e4uft noch bis 2028. <\/p>\n<p class=\"mb20 mt30\">Ein Wechsel zu Rapid Wien h\u00e4ngt vor allem von der Zukunft von deren Bendeguz Bolla ab. Olivier zeichnet sich unter anderem durch seine Flexibilit\u00e4t aus, ist er schlie\u00dflich auch als Mittelfeldspieler einsetzbar. <\/p>\n","protected":false},"excerpt":{"rendered":"Auch Rapid Wien will ihn Nach Informationen von Sky Sport Austria haben mehrere Klubs konkretes Interesse am \u00f6sterreichischen&hellip;\n","protected":false},"author":2,"featured_media":1094233,"comment_status":"","ping_status":"","sticky":false,"template":"","format":"standard","meta":{"footnotes":"","_share_on_mastodon":"0"},"categories":[1836],"tags":[299,3364,29,7847,347,30,46,232052,1411,232053,51102],"class_list":["post-1094232","post","type-post","status-publish","format-standard","has-post-thumbnail","category-hannover","tag-bundesliga","tag-de","tag-deutschland","tag-football","tag-fussball","tag-germany","tag-hannover","tag-jugendnationalspieler","tag-niedersachsen","tag-stuttgart-talent","tag-will"],"share_on_mastodon":{"url":"https:\/\/pubeurope.com\/@de\/116749636914745073","error":""},"_links":{"self":[{"href":"https:\/\/www.europesays.com\/de\/wp-json\/wp\/v2\/posts\/1094232","targetHints":{"allow":["GET"]}}],"collection":[{"href":"https:\/\/www.europesays.com\/de\/wp-json\/wp\/v2\/posts"}],"about":[{"href":"https:\/\/www.europesays.com\/de\/wp-json\/wp\/v2\/types\/post"}],"author":[{"embeddable":true,"href":"https:\/\/www.europesays.com\/de\/wp-json\/wp\/v2\/users\/2"}],"replies":[{"embeddable":true,"href":"https:\/\/www.europesays.com\/de\/wp-json\/wp\/v2\/comments?post=1094232"}],"version-history":[{"count":0,"href":"https:\/\/www.europesays.com\/de\/wp-json\/wp\/v2\/posts\/1094232\/revisions"}],"wp:featuredmedia":[{"embeddable":true,"href":"https:\/\/www.europesays.com\/de\/wp-json\/wp\/v2\/media\/1094233"}],"wp:attachment":[{"href":"https:\/\/www.europesays.com\/de\/wp-json\/wp\/v2\/media?parent=1094232"}],"wp:term":[{"taxonomy":"category","embeddable":true,"href":"https:\/\/www.europesays.com\/de\/wp-json\/wp\/v2\/categories?post=1094232"},{"taxonomy":"post_tag","embeddable":true,"href":"https:\/\/www.europesays.com\/de\/wp-json\/wp\/v2\/tags?post=1094232"}],"curies":[{"name":"wp","href":"https:\/\/api.w.org\/{rel}","templated":true}]}}