{"id":1094268,"date":"2026-06-14T17:45:16","date_gmt":"2026-06-14T17:45:16","guid":{"rendered":"https:\/\/www.europesays.com\/de\/1094268\/"},"modified":"2026-06-14T17:45:16","modified_gmt":"2026-06-14T17:45:16","slug":"tag-der-offenen-gesellschaft-wochenanzeiger","status":"publish","type":"post","link":"https:\/\/www.europesays.com\/de\/1094268\/","title":{"rendered":"Tag der offenen Gesellschaft | Wochenanzeiger"},"content":{"rendered":"<p class=\"article-text\">Am Samstag, 20. Juni, laden der Unterhachinger Treffpunkt Agenda 21-Forum e.V.; der Helferkreis f\u00fcr Gefl\u00fcchtete Unterhaching und die christlichen Kirchengemeinden gemeinsam zum Tag der offenen Gesellschaft auf den Rathausplatz ein. Von 14 bis 18 Uhr wird gemeinsam die kulturelle Vielfalt gelebt und gefeiert. Ein buntes Rahmenprogramm wurde eigens daf\u00fcr vorbereitet. Zahlreiche Gruppen haben ihre Mitwirkung bereits zugesagt, dazu geh\u00f6ren die JKW Unterhaching; die Gemeindeb\u00fccherei; der Arbeitskreis Lokal-<br \/>Sozial-Global des Zukunftsteams Agenda 21; die Oma gegen Rechts, die<br \/>Faschingsgesellschaft Gleisenia e.V. sowie die Pfadfinder. <\/p>\n","protected":false},"excerpt":{"rendered":"Am Samstag, 20. Juni, laden der Unterhachinger Treffpunkt Agenda 21-Forum e.V.; der Helferkreis f\u00fcr Gefl\u00fcchtete Unterhaching und die&hellip;\n","protected":false},"author":2,"featured_media":1094269,"comment_status":"","ping_status":"","sticky":false,"template":"","format":"standard","meta":{"footnotes":"","_share_on_mastodon":"0"},"categories":[1827],"tags":[772,29,30,2489,1268,5534],"class_list":["post-1094268","post","type-post","status-publish","format-standard","has-post-thumbnail","category-muenchen","tag-bayern","tag-deutschland","tag-germany","tag-kirche-gesellschaft","tag-muenchen","tag-unterhaching"],"share_on_mastodon":{"url":"https:\/\/pubeurope.com\/@de\/116749711977116476","error":""},"_links":{"self":[{"href":"https:\/\/www.europesays.com\/de\/wp-json\/wp\/v2\/posts\/1094268","targetHints":{"allow":["GET"]}}],"collection":[{"href":"https:\/\/www.europesays.com\/de\/wp-json\/wp\/v2\/posts"}],"about":[{"href":"https:\/\/www.europesays.com\/de\/wp-json\/wp\/v2\/types\/post"}],"author":[{"embeddable":true,"href":"https:\/\/www.europesays.com\/de\/wp-json\/wp\/v2\/users\/2"}],"replies":[{"embeddable":true,"href":"https:\/\/www.europesays.com\/de\/wp-json\/wp\/v2\/comments?post=1094268"}],"version-history":[{"count":0,"href":"https:\/\/www.europesays.com\/de\/wp-json\/wp\/v2\/posts\/1094268\/revisions"}],"wp:featuredmedia":[{"embeddable":true,"href":"https:\/\/www.europesays.com\/de\/wp-json\/wp\/v2\/media\/1094269"}],"wp:attachment":[{"href":"https:\/\/www.europesays.com\/de\/wp-json\/wp\/v2\/media?parent=1094268"}],"wp:term":[{"taxonomy":"category","embeddable":true,"href":"https:\/\/www.europesays.com\/de\/wp-json\/wp\/v2\/categories?post=1094268"},{"taxonomy":"post_tag","embeddable":true,"href":"https:\/\/www.europesays.com\/de\/wp-json\/wp\/v2\/tags?post=1094268"}],"curies":[{"name":"wp","href":"https:\/\/api.w.org\/{rel}","templated":true}]}}