{"id":1094323,"date":"2026-06-14T18:15:13","date_gmt":"2026-06-14T18:15:13","guid":{"rendered":"https:\/\/www.europesays.com\/de\/1094323\/"},"modified":"2026-06-14T18:15:13","modified_gmt":"2026-06-14T18:15:13","slug":"in-den-dschihad-gezogen-prozess-um-messerangriffe-startet-nrw","status":"publish","type":"post","link":"https:\/\/www.europesays.com\/de\/1094323\/","title":{"rendered":"\u00abIn den Dschihad gezogen\u00bb: Prozess um Messerangriffe startet | NRW"},"content":{"rendered":"<p>Dreifacher versuchter Mord und Angriff auf Polizisten: Ein 18-J\u00e4hriger steht wegen mutma\u00dflich islamistischer Messerangriffe in D\u00fcsseldorf vor Gericht.<\/p>\n<p id=\"absatz1\" class=\"em_text\">Mit dem Messer in den Heiligen Krieg: Ein Sch\u00fcler eines Berufskollegs soll in Essen islamistisch motivierte Messerattacken ver\u00fcbt haben. Von Montag (10.30) an muss sich der inzwischen 18 Jahre alte Angeklagte im Hochsicherheitstrakt des D\u00fcsseldorfer Oberlandesgerichts verantworten.<\/p>\n<p id=\"absatz2\" class=\"em_text\">Die Bundesanwaltschaft wirft ihm dreifachen versuchten Mord, gef\u00e4hrliche K\u00f6rperverletzung, Widerstand gegen Vollstreckungsbeamte und N\u00f6tigung vor. Er soll vor neun Monaten mehrfach auf eine 45-j\u00e4hrige Lehrerin eingestochen haben. Auch einen Hausmeister an einer Grundschule und einen Obdachlosen an einer Bushaltestelle soll der junge Kosovar angegriffen haben.<\/p>\n<p><a class=\"link-img\" href=\"https:\/\/www.mt.de\/_em_daten\/_cache\/image\/1xSkZrbm5qenlidjRuZ05UTUhWYjVSakFKWTNjdmY3d1J0WGs4RWY5ZEJKdjJyMGMrSHFRVnhDSWlvQ0lsbU5vM251aW9QajBHVXZGeVlJRVBLbkIrbHc1R1RFbUxjR05qYWl4dUpoSnRISUxBSGwzd1NCSmxFSHJlajRYdGZrNTM\/260614-1732-urn-newsml-dpa-com-20090101-260614-935-1408050.webp\" data-fancybox=\"images\" data-caption=\"Polizisten in Spezialausr\u00fcstung sind am Tattag Anfang September 2025 in Essen im Einsatz. - \u00a9 Henning Kaiser\/dpa\" rel=\"nofollow noopener\" target=\"_blank\"><br \/>\n<img decoding=\"async\"  src=\"https:\/\/www.europesays.com\/de\/wp-content\/uploads\/2026\/06\/260614-1732-urn-newsml-dpa-com-20090101-260614-935-1408050.webp\" loading=\"lazy\" width=\"1000\" alt=\"Polizisten in Spezialausr\u00fcstung sind am Tattag Anfang September 2025 in Essen im Einsatz. - \u00a9 Henning Kaiser\/dpa\"\/><\/p>\n<p><\/a><\/p>\n<p>Polizisten in Spezialausr\u00fcstung sind am Tattag Anfang September 2025 in Essen im Einsatz. &#8211; \u00a9 Henning Kaiser\/dpa<\/p>\n<p id=\"absatz5\" class=\"em_text\">Danach habe er noch m\u00f6glichst viele Juden t\u00f6ten wollen, aber keine gefunden, als er zweimal an der Alten Synagoge in Essen erschien und nach ihnen Ausschau gehalten habe. Nach Ansicht der Bundesanwaltschaft waren die Taten islamistisch motiviert: Der damals 17-j\u00e4hrige Jugendliche sei als \u00fcberzeugter Islamist gegen vermeintliche Ungl\u00e4ubige in den Dschihad gezogen. <\/p>\n","protected":false},"excerpt":{"rendered":"Dreifacher versuchter Mord und Angriff auf Polizisten: Ein 18-J\u00e4hriger steht wegen mutma\u00dflich islamistischer Messerangriffe in D\u00fcsseldorf vor Gericht.&hellip;\n","protected":false},"author":2,"featured_media":1094324,"comment_status":"","ping_status":"","sticky":false,"template":"","format":"standard","meta":{"footnotes":"","_share_on_mastodon":"0"},"categories":[1848],"tags":[36909,18330,3364,29,3405,548,663,3934,3658,30,13,2841,2842,2183,14,15,1209,12],"class_list":["post-1094323","post","type-post","status-publish","format-standard","has-post-thumbnail","category-gelsenkirchen","tag-berufskolleg","tag-bundesanwaltschaft","tag-de","tag-deutschland","tag-duesseldorf","tag-eu","tag-europa","tag-europe","tag-gelsenkirchen","tag-germany","tag-headlines","tag-messerangriff","tag-messerattacke","tag-mord","tag-nachrichten","tag-news","tag-nordrhein-westfalen","tag-schlagzeilen"],"share_on_mastodon":{"url":"https:\/\/pubeurope.com\/@de\/116749831067158861","error":""},"_links":{"self":[{"href":"https:\/\/www.europesays.com\/de\/wp-json\/wp\/v2\/posts\/1094323","targetHints":{"allow":["GET"]}}],"collection":[{"href":"https:\/\/www.europesays.com\/de\/wp-json\/wp\/v2\/posts"}],"about":[{"href":"https:\/\/www.europesays.com\/de\/wp-json\/wp\/v2\/types\/post"}],"author":[{"embeddable":true,"href":"https:\/\/www.europesays.com\/de\/wp-json\/wp\/v2\/users\/2"}],"replies":[{"embeddable":true,"href":"https:\/\/www.europesays.com\/de\/wp-json\/wp\/v2\/comments?post=1094323"}],"version-history":[{"count":0,"href":"https:\/\/www.europesays.com\/de\/wp-json\/wp\/v2\/posts\/1094323\/revisions"}],"wp:featuredmedia":[{"embeddable":true,"href":"https:\/\/www.europesays.com\/de\/wp-json\/wp\/v2\/media\/1094324"}],"wp:attachment":[{"href":"https:\/\/www.europesays.com\/de\/wp-json\/wp\/v2\/media?parent=1094323"}],"wp:term":[{"taxonomy":"category","embeddable":true,"href":"https:\/\/www.europesays.com\/de\/wp-json\/wp\/v2\/categories?post=1094323"},{"taxonomy":"post_tag","embeddable":true,"href":"https:\/\/www.europesays.com\/de\/wp-json\/wp\/v2\/tags?post=1094323"}],"curies":[{"name":"wp","href":"https:\/\/api.w.org\/{rel}","templated":true}]}}