{"id":1094325,"date":"2026-06-14T18:16:34","date_gmt":"2026-06-14T18:16:34","guid":{"rendered":"https:\/\/www.europesays.com\/de\/1094325\/"},"modified":"2026-06-14T18:16:34","modified_gmt":"2026-06-14T18:16:34","slug":"gold-ueber-400-meter-lagen-fuer-talent-des-schwimm-clubs-wiesbaden-in-berlin","status":"publish","type":"post","link":"https:\/\/www.europesays.com\/de\/1094325\/","title":{"rendered":"Gold \u00fcber 400 Meter Lagen f\u00fcr Talent des Schwimm-Clubs Wiesbaden in Berlin."},"content":{"rendered":"<p class=\"paragraph --regular --color\" data-v-ad2bcb75=\"\" data-v-5c4b7507=\"\">In den Sozialen Medien vereint Jannes Schmidt als \u201eSchmettboy\u201c eine gro\u00dfe Fangemeinde, doch eigentlich ist das nicht mehr seine st\u00e4rkste Disziplin. So lag er nach dem 400-m-Lagen-Start \u00fcber 100 Meter Schmetterling auf Platz f\u00fcnf, um anschlie\u00dfend nach vorne zu preschen. Und im Interview zu best\u00e4tigten, dass Schmetterling \u201eeher zu meinen schw\u00e4cheren Lagen z\u00e4hlt\u201c. Fakt ist: Der f\u00fcnfte Titel in Folge \u00fcber 400 Meter Lagen l\u00e4sst auch f\u00fcr die n\u00e4here Zukunft einiges erwarten.  \u201eJeder will zu Olympia, aber ich versuche, erst einmal den Ball flach zu halten\u201c, antwortete Jannes Schmidt auf die Frage nach den ganz gro\u00dfen Zielen. Lieber Schritt f\u00fcr Schritt, fiebert er stattdessen den Junioren-Europameisterschaften in M\u00fcnchen vom 7. bis zum 12. Juli entgegen, wo er sich die Finalteilnahme als Ziel gesetzt hat.  <\/p>\n","protected":false},"excerpt":{"rendered":"In den Sozialen Medien vereint Jannes Schmidt als \u201eSchmettboy\u201c eine gro\u00dfe Fangemeinde, doch eigentlich ist das nicht mehr&hellip;\n","protected":false},"author":2,"featured_media":1094326,"comment_status":"","ping_status":"","sticky":false,"template":"","format":"standard","meta":{"footnotes":"","_share_on_mastodon":"0"},"categories":[1847],"tags":[16797,16796,16787,16795,16785,3364,29,16786,16784,16783,16791,427,548,663,3934,347,30,16794,16788,13,16790,2052,80,5882,2249,14,15,16789,16793,5661,12,265,16798,7195,16792,4544],"class_list":["post-1094325","post","type-post","status-publish","format-standard","has-post-thumbnail","category-wiesbaden","tag-beerfelden","tag-bensheim","tag-bergstrasse","tag-bickenbach","tag-darmstadt","tag-de","tag-deutschland","tag-dieburg","tag-echo-online","tag-echo-zeitungen","tag-erbach","tag-esa","tag-eu","tag-europa","tag-europe","tag-fussball","tag-germany","tag-gross-bieberau","tag-gross-gerau","tag-headlines","tag-heppenheim","tag-hessen","tag-kultur","tag-lokalsport","tag-meldungen","tag-nachrichten","tag-news","tag-odenwald","tag-pfungstadt","tag-ruesselsheim","tag-schlagzeilen","tag-sport","tag-sv-98","tag-vereine","tag-weiterstadt","tag-wiesbaden"],"share_on_mastodon":{"url":"https:\/\/pubeurope.com\/@de\/116749833676046472","error":""},"_links":{"self":[{"href":"https:\/\/www.europesays.com\/de\/wp-json\/wp\/v2\/posts\/1094325","targetHints":{"allow":["GET"]}}],"collection":[{"href":"https:\/\/www.europesays.com\/de\/wp-json\/wp\/v2\/posts"}],"about":[{"href":"https:\/\/www.europesays.com\/de\/wp-json\/wp\/v2\/types\/post"}],"author":[{"embeddable":true,"href":"https:\/\/www.europesays.com\/de\/wp-json\/wp\/v2\/users\/2"}],"replies":[{"embeddable":true,"href":"https:\/\/www.europesays.com\/de\/wp-json\/wp\/v2\/comments?post=1094325"}],"version-history":[{"count":0,"href":"https:\/\/www.europesays.com\/de\/wp-json\/wp\/v2\/posts\/1094325\/revisions"}],"wp:featuredmedia":[{"embeddable":true,"href":"https:\/\/www.europesays.com\/de\/wp-json\/wp\/v2\/media\/1094326"}],"wp:attachment":[{"href":"https:\/\/www.europesays.com\/de\/wp-json\/wp\/v2\/media?parent=1094325"}],"wp:term":[{"taxonomy":"category","embeddable":true,"href":"https:\/\/www.europesays.com\/de\/wp-json\/wp\/v2\/categories?post=1094325"},{"taxonomy":"post_tag","embeddable":true,"href":"https:\/\/www.europesays.com\/de\/wp-json\/wp\/v2\/tags?post=1094325"}],"curies":[{"name":"wp","href":"https:\/\/api.w.org\/{rel}","templated":true}]}}