{"id":1094383,"date":"2026-06-14T18:56:15","date_gmt":"2026-06-14T18:56:15","guid":{"rendered":"https:\/\/www.europesays.com\/de\/1094383\/"},"modified":"2026-06-14T18:56:15","modified_gmt":"2026-06-14T18:56:15","slug":"dresden-plant-neue-leihe-fuer-freiburger-mittelfeld-juwel","status":"publish","type":"post","link":"https:\/\/www.europesays.com\/de\/1094383\/","title":{"rendered":"Dresden plant neue Leihe f\u00fcr Freiburger Mittelfeld-Juwel"},"content":{"rendered":"<p>Dresden will kaufen aber Freiburg blockiert<\/p>\n<p>Wie der kicker berichtet, ist <a href=\"https:\/\/www.fussballdaten.de\/vereine\/dynamo-dresden\/\" target=\"_blank\" rel=\"nofollow noopener\">Dynamo Dresden<\/a> sehr daran interessiert, <a href=\"https:\/\/www.fussballdaten.de\/person\/robert-wagner\/\" target=\"_blank\" rel=\"nofollow noopener\">Wagner<\/a> erneut auszuleihen. Die Sachsen hatten eigentlich eine feste Verpflichtung angestrebt, scheiterten jedoch am Widerstand des <a href=\"https:\/\/www.fussballdaten.de\/vereine\/sc-freiburg\/\" target=\"_blank\" rel=\"nofollow noopener\">SC Freiburg<\/a>, der den Mittelfeldakteur nicht abgeben m\u00f6chte. Der aus Lahr stammende Wagner war im Januar 2026 nach Dresden gewechselt, nachdem seine Leihe bei Holstein Kiel vorzeitig aufgel\u00f6st worden war.<\/p>\n<p class=\"mb20 mt30\">In der R\u00fcckrunde entwickelte er sich beim Zweitligisten zum unumstrittenen Stammspieler und hatte ma\u00dfgeblichen Anteil daran, dass Dresden die Wende schaffte und den Klassenerhalt perfekt machte.<\/p>\n<p class=\"mb20 mt30\">Der 1,81 Meter gro\u00dfe defensive Mittelfeldspieler bringt trotz seines Alters bereits beachtliche Erfahrung mit. Neben 16 Bundesligaeins\u00e4tzen f\u00fcr Freiburg und St. Pauli absolvierte er 45 Partien in der 2. Bundesliga, bevor er nach Dresden kam. Stationen bei Greuther F\u00fcrth, St. Pauli und Holstein Kiel folgten, ehe in Sachsen erstmals eine echte Stammrolle winkte. Zudem lief er 22-mal f\u00fcr deutsche Juniorennationalmannschaften von der U19 bis zur U21 auf.<\/p>\n<p>Freiburg plant Wagner perspektivisch ein<\/p>\n<p class=\"mb20 mt30\">Wagner geh\u00f6rt zu den perspektivreichsten Eigengew\u00e4chsen des Vereins und hat beim Sportclub einen Vertrag, der \u00fcber den Sommer 2026 hinausl\u00e4uft. Die Breisgauer wollen sich die Option auf eine langfristige Einplanung des 22-J\u00e4hrigen offenhalten. Eine Einigung auf eine weitere Leihe gilt als wahrscheinlich, auch wenn finale Gespr\u00e4che noch ausstehen.<\/p>\n","protected":false},"excerpt":{"rendered":"Dresden will kaufen aber Freiburg blockiert Wie der kicker berichtet, ist Dynamo Dresden sehr daran interessiert, Wagner erneut&hellip;\n","protected":false},"author":2,"featured_media":1094384,"comment_status":"","ping_status":"","sticky":false,"template":"","format":"standard","meta":{"footnotes":"","_share_on_mastodon":"0"},"categories":[1835],"tags":[299,3364,29,2386,7847,50708,36070,347,30,19763,232090,3266,14200,859],"class_list":["post-1094383","post","type-post","status-publish","format-standard","has-post-thumbnail","category-dresden","tag-bundesliga","tag-de","tag-deutschland","tag-dresden","tag-football","tag-freiburger","tag-fuer","tag-fussball","tag-germany","tag-leihe","tag-mittelfeld-juwel","tag-neue","tag-plant","tag-sachsen"],"share_on_mastodon":{"url":"https:\/\/pubeurope.com\/@de\/116749991216327199","error":""},"_links":{"self":[{"href":"https:\/\/www.europesays.com\/de\/wp-json\/wp\/v2\/posts\/1094383","targetHints":{"allow":["GET"]}}],"collection":[{"href":"https:\/\/www.europesays.com\/de\/wp-json\/wp\/v2\/posts"}],"about":[{"href":"https:\/\/www.europesays.com\/de\/wp-json\/wp\/v2\/types\/post"}],"author":[{"embeddable":true,"href":"https:\/\/www.europesays.com\/de\/wp-json\/wp\/v2\/users\/2"}],"replies":[{"embeddable":true,"href":"https:\/\/www.europesays.com\/de\/wp-json\/wp\/v2\/comments?post=1094383"}],"version-history":[{"count":0,"href":"https:\/\/www.europesays.com\/de\/wp-json\/wp\/v2\/posts\/1094383\/revisions"}],"wp:featuredmedia":[{"embeddable":true,"href":"https:\/\/www.europesays.com\/de\/wp-json\/wp\/v2\/media\/1094384"}],"wp:attachment":[{"href":"https:\/\/www.europesays.com\/de\/wp-json\/wp\/v2\/media?parent=1094383"}],"wp:term":[{"taxonomy":"category","embeddable":true,"href":"https:\/\/www.europesays.com\/de\/wp-json\/wp\/v2\/categories?post=1094383"},{"taxonomy":"post_tag","embeddable":true,"href":"https:\/\/www.europesays.com\/de\/wp-json\/wp\/v2\/tags?post=1094383"}],"curies":[{"name":"wp","href":"https:\/\/api.w.org\/{rel}","templated":true}]}}