{"id":1094445,"date":"2026-06-14T19:30:49","date_gmt":"2026-06-14T19:30:49","guid":{"rendered":"https:\/\/www.europesays.com\/de\/1094445\/"},"modified":"2026-06-14T19:30:49","modified_gmt":"2026-06-14T19:30:49","slug":"wm-2026-kein-problem-in-houston","status":"publish","type":"post","link":"https:\/\/www.europesays.com\/de\/1094445\/","title":{"rendered":"WM 2026: Kein Problem in Houston"},"content":{"rendered":"<p class=\"MuiTypography-root MuiTypography-body1 mui-1foiij2\">ran Fu\u00dfball<\/p>\n<p class=\"MuiTypography-root MuiTypography-body1 mui-1agghpn\">DFB: &#8222;Noch Bundestrainer&#8220; &#8211; So reagiert Nagelsmann auf Klopps Spitzen<\/p>\n<p class=\"MuiTypography-root MuiTypography-body1 mui-nx3t7m\">Videoclip \u2022 01:42 Min<\/p>\n<p class=\"MuiTypography-root MuiTypography-body1 mui-1qsr6u5\" data-testid=\"intro-paragraph\">Die deutschen Nationalmannschaft hat ihr WM-Auftaktspiel souver\u00e4n mit 7:1 gewonnen. Nach anf\u00e4nglichen Schwierigkeiten und dem zwischenzeitlichen Ausgleich schaltete die DFB-Elf einen Gang nach oben und lie\u00df Curacao keine Chance.<\/p>\n<p class=\"MuiTypography-root MuiTypography-body1 mui-1pymq60\" data-testid=\"paragraph\">Houston, wir haben kein Problem! Die deutsche Fu\u00dfball-Nationalmannschaft hat nach einer kleinen Fehlz\u00fcndung den erhofften WM-Raketenstart hingelegt.<\/p>\n<p class=\"MuiTypography-root MuiTypography-body1 mui-1pymq60\" data-testid=\"paragraph\">Der viermalige Weltmeister bezwang den krassen Au\u00dfenseiter Curacao in der texanischen Astronauten-Stadt mit 7:1 (3:1) und feierte seinen ersten Auftaktsieg seit dem Triumph von Rio 2014.<\/p>\n<p class=\"MuiTypography-root MuiTypography-body1 mui-1pymq60\" data-testid=\"paragraph\">Doch auch wenn &#8222;Major Tom&#8220; siebenmal aus den Boxen t\u00f6nte &#8211; &#8222;v\u00f6llig losgel\u00f6st&#8220; schwebte das Raumschiff noch nicht Richtung f\u00fcnfter Stern.<\/p>\n<p>Kommende Livestreams auf Joyn<\/p>\n<ul class=\"MuiBox-root mui-1xju5wg\" id=\"_R_4l9fav5ubsnpfd7fdb_\">\n<li class=\"mui-rsnbhl\"\/>\n<li class=\"mui-rsnbhl\"\/>\n<li class=\"mui-rsnbhl\"><img decoding=\"async\" src=\"https:\/\/www.europesays.com\/de\/wp-content\/uploads\/2026\/06\/{\"width\":4000,\"rect\":{\"x\":0,\"y\":127,\"width\":4000,\"height\":2250}}.webp\"   width=\"4000\" height=\"2250\" alt=\"\" class=\"mui-n608sm\" loading=\"lazy\" fetchpriority=\"auto\"\/>\n<p class=\"MuiTypography-root MuiTypography-body1 mui-1xrky36\">Heute, 23:50 Uhr \u2022 Fussball<\/p>\n<p>WM Auftakt live: Elfenbeink\u00fcste \u2013 Ecuador im StreamVerf\u00fcgbar auf Joyn<\/p>\n<p class=\"MuiTypography-root MuiTypography-body1 mui-1ybzvdw\">213 Min<\/p>\n<p>Aktionsmen\u00fc \u00f6ffnen<img decoding=\"async\" src=\"https:\/\/www.europesays.com\/de\/wp-content\/uploads\/2026\/06\/{\"width\":4000,\"rect\":{\"x\":0,\"y\":127,\"width\":4000,\"height\":2250}}.webp\"   width=\"4000\" height=\"2250\" alt=\"\" class=\"mui-n608sm\" loading=\"lazy\" fetchpriority=\"auto\"\/><\/p>\n<p class=\"MuiTypography-root MuiTypography-body1 mui-1xrky36\">Heute, 23:50 Uhr \u2022 Fussball<\/p>\n<p>WM Auftakt live: Elfenbeink\u00fcste \u2013 Ecuador im StreamVerf\u00fcgbar auf Joyn<\/p>\n<p class=\"MuiTypography-root MuiTypography-body1 mui-1ybzvdw\">213 Min<\/p>\n<\/li>\n<li hidden=\"\" aria-hidden=\"true\" class=\"mui-rsnbhl\"><img decoding=\"async\" src=\"https:\/\/www.europesays.com\/de\/wp-content\/uploads\/2026\/06\/{\"width\":6000,\"rect\":{\"x\":0,\"y\":146,\"width\":6000,\"height\":3375}}.webp\"   width=\"6000\" height=\"3375\" alt=\"\" class=\"mui-n608sm\" loading=\"lazy\" fetchpriority=\"auto\"\/>\n<p class=\"MuiTypography-root MuiTypography-body1 mui-1xrky36\">Montag, 15.06. 17:05 \u2022 Fussball<\/p>\n<p>WM Auftakt live: Spanien &#8211; Kap Verde im StreamVerf\u00fcgbar auf Joyn<\/p>\n<p class=\"MuiTypography-root MuiTypography-body1 mui-1ybzvdw\">175 Min<\/p>\n<p>Aktionsmen\u00fc \u00f6ffnen<img decoding=\"async\" src=\"https:\/\/www.europesays.com\/de\/wp-content\/uploads\/2026\/06\/{\"width\":6000,\"rect\":{\"x\":0,\"y\":146,\"width\":6000,\"height\":3375}}.webp\"   width=\"6000\" height=\"3375\" alt=\"\" class=\"mui-n608sm\" loading=\"lazy\" fetchpriority=\"auto\"\/><\/p>\n<p class=\"MuiTypography-root MuiTypography-body1 mui-1xrky36\">Montag, 15.06. 17:05 \u2022 Fussball<\/p>\n<p>WM Auftakt live: Spanien &#8211; Kap Verde im StreamVerf\u00fcgbar auf Joyn<\/p>\n<p class=\"MuiTypography-root MuiTypography-body1 mui-1ybzvdw\">175 Min<\/p>\n<\/li>\n<li hidden=\"\" aria-hidden=\"true\" class=\"mui-rsnbhl\"><img decoding=\"async\" src=\"https:\/\/www.europesays.com\/de\/wp-content\/uploads\/2026\/06\/{\"width\":5116,\"rect\":{\"x\":0,\"y\":102,\"width\":5116,\"height\":2878}}.webp\"   width=\"5116\" height=\"2878\" alt=\"\" class=\"mui-n608sm\" loading=\"lazy\" fetchpriority=\"auto\"\/>\n<p class=\"MuiTypography-root MuiTypography-body1 mui-1xrky36\">Montag, 15.06. 20:15 \u2022 Fussball<\/p>\n<p>WM Auftakt live: Belgien &#8211; \u00c4gypten im StreamVerf\u00fcgbar auf Joyn<\/p>\n<p class=\"MuiTypography-root MuiTypography-body1 mui-1ybzvdw\">195 Min<\/p>\n<p>Aktionsmen\u00fc \u00f6ffnen<img decoding=\"async\" src=\"https:\/\/www.europesays.com\/de\/wp-content\/uploads\/2026\/06\/{\"width\":5116,\"rect\":{\"x\":0,\"y\":102,\"width\":5116,\"height\":2878}}.webp\"   width=\"5116\" height=\"2878\" alt=\"\" class=\"mui-n608sm\" loading=\"lazy\" fetchpriority=\"auto\"\/><\/p>\n<p class=\"MuiTypography-root MuiTypography-body1 mui-1xrky36\">Montag, 15.06. 20:15 \u2022 Fussball<\/p>\n<p>WM Auftakt live: Belgien &#8211; \u00c4gypten im StreamVerf\u00fcgbar auf Joyn<\/p>\n<p class=\"MuiTypography-root MuiTypography-body1 mui-1ybzvdw\">195 Min<\/p>\n<\/li>\n<li hidden=\"\" aria-hidden=\"true\" class=\"mui-rsnbhl\"><img decoding=\"async\" src=\"https:\/\/www.europesays.com\/de\/wp-content\/uploads\/2026\/06\/{\"width\":1920,\"rect\":{\"x\":0,\"y\":0,\"width\":1920,\"height\":1080}}.webp\"   width=\"1920\" height=\"1080\" alt=\"\" class=\"mui-n608sm\" loading=\"lazy\" fetchpriority=\"auto\"\/>\n<p class=\"MuiTypography-root MuiTypography-body1 mui-1xrky36\">Montag, 15.06. 20:15 \u2022 Olympia<\/p>\n<p>Special Olympics: Er\u00f6ffnungsfeier im LivestreamVerf\u00fcgbar auf Joyn<\/p>\n<p class=\"MuiTypography-root MuiTypography-body1 mui-1ybzvdw\">135 Min<\/p>\n<p>Aktionsmen\u00fc \u00f6ffnen<img decoding=\"async\" src=\"https:\/\/www.europesays.com\/de\/wp-content\/uploads\/2026\/06\/{\"width\":1920,\"rect\":{\"x\":0,\"y\":0,\"width\":1920,\"height\":1080}}.webp\"   width=\"1920\" height=\"1080\" alt=\"\" class=\"mui-n608sm\" loading=\"lazy\" fetchpriority=\"auto\"\/><\/p>\n<p class=\"MuiTypography-root MuiTypography-body1 mui-1xrky36\">Montag, 15.06. 20:15 \u2022 Olympia<\/p>\n<p>Special Olympics: Er\u00f6ffnungsfeier im LivestreamVerf\u00fcgbar auf Joyn<\/p>\n<p class=\"MuiTypography-root MuiTypography-body1 mui-1ybzvdw\">135 Min<\/p>\n<\/li>\n<li hidden=\"\" aria-hidden=\"true\" class=\"mui-rsnbhl\"><img decoding=\"async\" src=\"https:\/\/www.europesays.com\/de\/wp-content\/uploads\/2026\/06\/{\"width\":3552,\"rect\":{\"x\":0,\"y\":0,\"width\":3552,\"height\":1998}}.webp\"   width=\"3552\" height=\"1998\" alt=\"\" class=\"mui-n608sm\" loading=\"lazy\" fetchpriority=\"auto\"\/>\n<p class=\"MuiTypography-root MuiTypography-body1 mui-1xrky36\">Montag, 15.06. 23:45 \u2022 Fussball<\/p>\n<p>WM Auftakt live: Saudi-Arabien &#8211; Uruguay im StreamVerf\u00fcgbar auf Joyn<\/p>\n<p class=\"MuiTypography-root MuiTypography-body1 mui-1ybzvdw\">140 Min<\/p>\n<p>Aktionsmen\u00fc \u00f6ffnen<img decoding=\"async\" src=\"https:\/\/www.europesays.com\/de\/wp-content\/uploads\/2026\/06\/{\"width\":3552,\"rect\":{\"x\":0,\"y\":0,\"width\":3552,\"height\":1998}}.webp\"   width=\"3552\" height=\"1998\" alt=\"\" class=\"mui-n608sm\" loading=\"lazy\" fetchpriority=\"auto\"\/><\/p>\n<p class=\"MuiTypography-root MuiTypography-body1 mui-1xrky36\">Montag, 15.06. 23:45 \u2022 Fussball<\/p>\n<p>WM Auftakt live: Saudi-Arabien &#8211; Uruguay im StreamVerf\u00fcgbar auf Joyn<\/p>\n<p class=\"MuiTypography-root MuiTypography-body1 mui-1ybzvdw\">140 Min<\/p>\n<\/li>\n<li hidden=\"\" aria-hidden=\"true\" class=\"mui-rsnbhl\"><img decoding=\"async\" src=\"https:\/\/www.europesays.com\/de\/wp-content\/uploads\/2026\/06\/{\"width\":5135,\"rect\":{\"x\":0,\"y\":23,\"width\":5135,\"height\":2888}}.webp\"   width=\"5135\" height=\"2888\" alt=\"\" class=\"mui-n608sm\" loading=\"lazy\" fetchpriority=\"auto\"\/>\n<p class=\"MuiTypography-root MuiTypography-body1 mui-1xrky36\">Dienstag, 16.06. 02:50 \u2022 Fussball<\/p>\n<p>WM Auftakt live: Iran &#8211; Neuseeland im StreamVerf\u00fcgbar auf Joyn<\/p>\n<p class=\"MuiTypography-root MuiTypography-body1 mui-1ybzvdw\">135 Min<\/p>\n<p>Aktionsmen\u00fc \u00f6ffnen<img decoding=\"async\" src=\"https:\/\/www.europesays.com\/de\/wp-content\/uploads\/2026\/06\/{\"width\":5135,\"rect\":{\"x\":0,\"y\":23,\"width\":5135,\"height\":2888}}.webp\"   width=\"5135\" height=\"2888\" alt=\"\" class=\"mui-n608sm\" loading=\"lazy\" fetchpriority=\"auto\"\/><\/p>\n<p class=\"MuiTypography-root MuiTypography-body1 mui-1xrky36\">Dienstag, 16.06. 02:50 \u2022 Fussball<\/p>\n<p>WM Auftakt live: Iran &#8211; Neuseeland im StreamVerf\u00fcgbar auf Joyn<\/p>\n<p class=\"MuiTypography-root MuiTypography-body1 mui-1ybzvdw\">135 Min<\/p>\n<\/li>\n<li hidden=\"\" aria-hidden=\"true\" class=\"mui-rsnbhl\"><img decoding=\"async\" src=\"https:\/\/www.europesays.com\/de\/wp-content\/uploads\/2026\/06\/{\"width\":4480,\"rect\":{\"x\":0,\"y\":473,\"width\":4480,\"height\":2519}}.webp\"   width=\"4480\" height=\"2519\" alt=\"\" class=\"mui-n608sm\" loading=\"lazy\" fetchpriority=\"auto\"\/>\n<p class=\"MuiTypography-root MuiTypography-body1 mui-1xrky36\">Mittwoch, 17.06. 02:45 \u2022 Fussball<\/p>\n<p>WM Auftakt live: Argentinien &#8211; Algerien im StreamVerf\u00fcgbar auf Joyn<\/p>\n<p class=\"MuiTypography-root MuiTypography-body1 mui-1ybzvdw\">150 Min<\/p>\n<p>Aktionsmen\u00fc \u00f6ffnen<img decoding=\"async\" src=\"https:\/\/www.europesays.com\/de\/wp-content\/uploads\/2026\/06\/{\"width\":4480,\"rect\":{\"x\":0,\"y\":473,\"width\":4480,\"height\":2519}}.webp\"   width=\"4480\" height=\"2519\" alt=\"\" class=\"mui-n608sm\" loading=\"lazy\" fetchpriority=\"auto\"\/><\/p>\n<p class=\"MuiTypography-root MuiTypography-body1 mui-1xrky36\">Mittwoch, 17.06. 02:45 \u2022 Fussball<\/p>\n<p>WM Auftakt live: Argentinien &#8211; Algerien im StreamVerf\u00fcgbar auf Joyn<\/p>\n<p class=\"MuiTypography-root MuiTypography-body1 mui-1ybzvdw\">150 Min<\/p>\n<\/li>\n<li hidden=\"\" aria-hidden=\"true\" class=\"mui-rsnbhl\"><img decoding=\"async\" src=\"https:\/\/www.europesays.com\/de\/wp-content\/uploads\/2026\/05\/{\"width\":2048,\"rect\":{\"x\":0,\"y\":0,\"width\":2048,\"height\":1152}}.webp\"   width=\"2048\" height=\"1152\" alt=\"\" class=\"mui-n608sm\" loading=\"lazy\" fetchpriority=\"auto\"\/>\n<p class=\"MuiTypography-root MuiTypography-body1 mui-1xrky36\">Mittwoch, 17.06. 22:00 \u2022 WWE<\/p>\n<p>WWE RAW im StreamVerf\u00fcgbar auf Joyn<\/p>\n<p class=\"MuiTypography-root MuiTypography-body1 mui-1ybzvdw\">150 Min<\/p>\n<p>Aktionsmen\u00fc \u00f6ffnen<img decoding=\"async\" src=\"https:\/\/www.europesays.com\/de\/wp-content\/uploads\/2026\/05\/{\"width\":2048,\"rect\":{\"x\":0,\"y\":0,\"width\":2048,\"height\":1152}}.webp\"   width=\"2048\" height=\"1152\" alt=\"\" class=\"mui-n608sm\" loading=\"lazy\" fetchpriority=\"auto\"\/><\/p>\n<p class=\"MuiTypography-root MuiTypography-body1 mui-1xrky36\">Mittwoch, 17.06. 22:00 \u2022 WWE<\/p>\n<p>WWE RAW im StreamVerf\u00fcgbar auf Joyn<\/p>\n<p class=\"MuiTypography-root MuiTypography-body1 mui-1ybzvdw\">150 Min<\/p>\n<\/li>\n<li hidden=\"\" aria-hidden=\"true\" class=\"mui-rsnbhl\"><img decoding=\"async\" src=\"https:\/\/www.europesays.com\/de\/wp-content\/uploads\/2026\/05\/1779271470_632_{\"width\":2048,\"rect\":{\"x\":0,\"y\":0,\"width\":2048,\"height\":1152}}.webp\"   width=\"2048\" height=\"1152\" alt=\"\" class=\"mui-n608sm\" loading=\"lazy\" fetchpriority=\"auto\"\/>\n<p class=\"MuiTypography-root MuiTypography-body1 mui-1xrky36\">Donnerstag, 18.06. 22:00 \u2022 WWE<\/p>\n<p>WWE NXT im StreamVerf\u00fcgbar auf Joyn<\/p>\n<p class=\"MuiTypography-root MuiTypography-body1 mui-1ybzvdw\">100 Min<\/p>\n<p>Aktionsmen\u00fc \u00f6ffnen<img decoding=\"async\" src=\"https:\/\/www.europesays.com\/de\/wp-content\/uploads\/2026\/05\/1779271470_632_{\"width\":2048,\"rect\":{\"x\":0,\"y\":0,\"width\":2048,\"height\":1152}}.webp\"   width=\"2048\" height=\"1152\" alt=\"\" class=\"mui-n608sm\" loading=\"lazy\" fetchpriority=\"auto\"\/><\/p>\n<p class=\"MuiTypography-root MuiTypography-body1 mui-1xrky36\">Donnerstag, 18.06. 22:00 \u2022 WWE<\/p>\n<p>WWE NXT im StreamVerf\u00fcgbar auf Joyn<\/p>\n<p class=\"MuiTypography-root MuiTypography-body1 mui-1ybzvdw\">100 Min<\/p>\n<\/li>\n<li hidden=\"\" aria-hidden=\"true\" class=\"mui-rsnbhl\"><img decoding=\"async\" src=\"https:\/\/www.europesays.com\/de\/wp-content\/uploads\/2026\/06\/{\"width\":4488,\"rect\":{\"x\":0,\"y\":435,\"width\":4488,\"height\":2524}}.webp\"   width=\"4488\" height=\"2524\" alt=\"\" class=\"mui-n608sm\" loading=\"lazy\" fetchpriority=\"auto\"\/>\n<p class=\"MuiTypography-root MuiTypography-body1 mui-1xrky36\">Freitag, 19.06. 11:35 \u2022 Motorsport<\/p>\n<p>DTM: Lausitzring, Freies Training 1 im LivestreamVerf\u00fcgbar auf Joyn<\/p>\n<p class=\"MuiTypography-root MuiTypography-body1 mui-1ybzvdw\">65 Min<\/p>\n<p>Aktionsmen\u00fc \u00f6ffnen<img decoding=\"async\" src=\"https:\/\/www.europesays.com\/de\/wp-content\/uploads\/2026\/06\/{\"width\":4488,\"rect\":{\"x\":0,\"y\":435,\"width\":4488,\"height\":2524}}.webp\"   width=\"4488\" height=\"2524\" alt=\"\" class=\"mui-n608sm\" loading=\"lazy\" fetchpriority=\"auto\"\/><\/p>\n<p class=\"MuiTypography-root MuiTypography-body1 mui-1xrky36\">Freitag, 19.06. 11:35 \u2022 Motorsport<\/p>\n<p>DTM: Lausitzring, Freies Training 1 im LivestreamVerf\u00fcgbar auf Joyn<\/p>\n<p class=\"MuiTypography-root MuiTypography-body1 mui-1ybzvdw\">65 Min<\/p>\n<\/li>\n<\/ul>\n<p>WM 2026: DFB-Team siegt bei R\u00fcckkehr von Manuel Neuer gegen Curacao<\/p>\n<p class=\"MuiTypography-root MuiTypography-body1 mui-1pymq60\" data-testid=\"paragraph\">Bei der R\u00fcckkehr von <a class=\"MuiTypography-root MuiTypography-inherit MuiLink-root MuiLink-underlineAlways mui-1bbqssm\" tabindex=\"0\" href=\"https:\/\/ran.joyn.de\/sports\/spieler\/pe10435-manuel-neuer\" rel=\"nofollow noopener\" target=\"_blank\">Manuel Neuer<\/a>, dem mit 40 Jahren nun \u00e4ltesten deutschen Nationalspieler, lie\u00df sich die Auswahl von <a class=\"MuiTypography-root MuiTypography-inherit MuiLink-root MuiLink-underlineAlways mui-1bbqssm\" tabindex=\"0\" href=\"https:\/\/ran.joyn.de\/sports\/spieler\/pe78186-julian-nagelsmann\" rel=\"nofollow noopener\" target=\"_blank\">Julian Nagelsmann<\/a> aber durch den vor\u00fcbergehenden Ausgleich nicht beirren.<\/p>\n<p class=\"MuiTypography-root MuiTypography-body1 mui-1pymq60\" data-testid=\"paragraph\">Die Dortmunder Felix Nmecha (6.) und Nico Schlotterbeck (38.), Neuner <a class=\"MuiTypography-root MuiTypography-inherit MuiLink-root MuiLink-underlineAlways mui-1bbqssm\" tabindex=\"0\" href=\"https:\/\/ran.joyn.de\/sports\/spieler\/pe356654-kai-havertz\" rel=\"nofollow noopener\" target=\"_blank\">Kai Havertz<\/a> (45.+5, Foulelfmeter\/88.), der endlich wieder magische Zauberfu\u00df Jamal Musiala (46.), <a class=\"MuiTypography-root MuiTypography-inherit MuiLink-root MuiLink-underlineAlways mui-1bbqssm\" tabindex=\"0\" href=\"https:\/\/ran.joyn.de\/sports\/spieler\/pe613740-nathaniel-brown\" rel=\"nofollow noopener\" target=\"_blank\">Nathaniel Brown<\/a> (68.) und Joker <a class=\"MuiTypography-root MuiTypography-inherit MuiLink-root MuiLink-underlineAlways mui-1bbqssm\" tabindex=\"0\" href=\"https:\/\/ran.joyn.de\/sports\/spieler\/pe398306-deniz-undav\" rel=\"nofollow noopener\" target=\"_blank\">Deniz Undav<\/a> (78.) sorgten f\u00fcr den zehnten Sieg in Folge. Es war der zweith\u00f6chste der DFB-Elf bei einer WM nach dem 8:0 gegen Saudi-Arabien 2002.<\/p>\n<p class=\"MuiTypography-root MuiTypography-body1 mui-1pymq60\" data-testid=\"paragraph\">&#8222;Es ist unbeschreiblich&#8220;, sagte Brown: &#8222;Im ersten WM-Spiel zu treffen, meine Familie ist da, dann mit den Jungs zu jubeln &#8211; einfach unglaublich. Das Gegentor war unn\u00f6tig, aber geh\u00f6rt dazu. Ich bin stolz, dass wir den Kopf nicht haben h\u00e4ngen lassen.&#8220;<\/p>\n<p class=\"MuiTypography-root MuiTypography-body1 mui-1pymq60\" data-testid=\"paragraph\">Livano Comenencia (21.) traf f\u00fcr den kleinsten Teilnehmer der WM-Geschichte zum zwischenzeitlichen 1:1. Vor dem zweiten Gruppenspiel am Samstag in Toronto gegen die ungleich st\u00e4rkere <a class=\"MuiTypography-root MuiTypography-inherit MuiLink-root MuiLink-underlineAlways mui-1bbqssm\" tabindex=\"0\" href=\"https:\/\/ran.joyn.de\/sports\/teams\/te539-elfenbeinkueste\" rel=\"nofollow noopener\" target=\"_blank\">Elfenbeink\u00fcste<\/a> (Cote d&#8217;Ivoire) war dies eine Warnung. Allerdings: Der Turniermodus sieht auch acht der zw\u00f6lf Gruppendritten in der K.o.-Runde &#8211; daf\u00fcr k\u00f6nnte der Erfolg gegen die Karibikinsel schon ausreichen.<\/p>\n<p class=\"MuiTypography-root MuiTypography-body1 mui-1pymq60\" data-testid=\"paragraph\">Curacao ein Fu\u00dfball-Zwerg? Von wegen, sagte Bundestrainer Nagelsmann und warnte vor dem Anpfiff eindringlich vor der niederl\u00e4ndischen Schule des Gegners. Er f\u00fcrchtete ein &#8222;David-Goliath-Prinzip&#8220; &#8211; doch die DFB-Elf schrumpfte die Nummer 82 der Weltrangliste auf Normalma\u00df.<\/p>\n<p class=\"MuiTypography-root MuiTypography-body1 mui-1pymq60\" data-testid=\"paragraph\">Mit viel Spielwitz und oft durch die Mitte brachte die Offensive den Underdog ins Wanken. Nach einem Doppelpass mit <a class=\"MuiTypography-root MuiTypography-inherit MuiLink-root MuiLink-underlineAlways mui-1bbqssm\" tabindex=\"0\" href=\"https:\/\/ran.joyn.de\/sports\/spieler\/pe542661-florian-wirtz\" rel=\"nofollow noopener\" target=\"_blank\">Florian Wirtz<\/a> lie\u00df der auff\u00e4llige Nmecha erstmals die Torhymne erklingen.<\/p>\n<p class=\"MuiTypography-root MuiTypography-body1 mui-1pymq60\" data-testid=\"paragraph\">Nmecha war zur WM auf den letzten Dr\u00fccker fit geworden und hatte sich den Part im Mittelfeld neben <a class=\"MuiTypography-root MuiTypography-inherit MuiLink-root MuiLink-underlineAlways mui-1bbqssm\" tabindex=\"0\" href=\"https:\/\/ran.joyn.de\/sports\/spieler\/pe641184-aleksandar-pavlovic\" rel=\"nofollow noopener\" target=\"_blank\">Aleksandar Pavlovic<\/a> erk\u00e4mpft. Die zweite enge Personalie l\u00f6ste Nagelsmann wie erwartet: Links verteidigte der Noch-Frankfurter Brown. Er \u00fcberzeugte.<\/p>\n<p>Aktuelle WM-VideosDFB-Team: Deniz Undav \u00fcberzeugt nach Einwechslung<\/p>\n<p class=\"MuiTypography-root MuiTypography-body1 mui-1pymq60\" data-testid=\"paragraph\">Die Abwehr und ihr Schlussmann Neuer waren anfangs kaum gefordert. Die wenigen, meist langen B\u00e4lle von Curacao auf den fr\u00fcheren Bundesliga-St\u00fcrmer J\u00fcrgen Locadia waren leichte Beute.<\/p>\n<p class=\"MuiTypography-root MuiTypography-body1 mui-1pymq60\" data-testid=\"paragraph\">Doch nach einigen vergebenen deutschen Chancen schlichen sich Konzentrationsschw\u00e4chen ein &#8211; und der &#8222;David&#8220; schlug zu.<\/p>\n<p class=\"MuiTypography-root MuiTypography-body1 mui-1pymq60\" data-testid=\"paragraph\">Nach einem Fehler von <a class=\"MuiTypography-root MuiTypography-inherit MuiLink-root MuiLink-underlineAlways mui-1bbqssm\" tabindex=\"0\" href=\"https:\/\/ran.joyn.de\/sports\/spieler\/pe263584-jonathan-tah\" rel=\"nofollow noopener\" target=\"_blank\">Jonathan Tah<\/a> agierte auch dessen Nebenmann Schlotterbeck ungl\u00fccklich, Kapit\u00e4n <a class=\"MuiTypography-root MuiTypography-inherit MuiLink-root MuiLink-underlineAlways mui-1bbqssm\" tabindex=\"0\" href=\"https:\/\/ran.joyn.de\/sports\/spieler\/pe234281-joshua-kimmich\" rel=\"nofollow noopener\" target=\"_blank\">Joshua Kimmich<\/a> f\u00e4lschte den Schuss von Comenencia unhaltbar f\u00fcr Neuer ab.<\/p>\n<p class=\"MuiTypography-root MuiTypography-body1 mui-1pymq60\" data-testid=\"paragraph\">&#8222;Jetzt ist das Schlimmste eingetroffen&#8220;, sagte Rio-Weltmeister Bastian Schweinsteiger in der ARD: &#8222;Der Glaube bei Curacao ist da!&#8220; Die erste Trinkpause schien f\u00fcr die DFB-Elf wie der rettende Gong f\u00fcr einen angeschlagenen Boxer.<\/p>\n<p class=\"MuiTypography-root MuiTypography-body1 mui-1pymq60\" data-testid=\"paragraph\">Leroy San\u00e9 (32.) vergab nach einem Traumpass von Wirtz die n\u00e4chste gro\u00dfe M\u00f6glichkeit, der Druck auf den haushohen Favoriten nahm zu. Ein Standard brachte die Erl\u00f6sung, als Schlotterbeck eine Ecke von Brown eink\u00f6pfte. Das 3:1 besorgte Havertz nach einem Foul an Nmecha.<\/p>\n<p class=\"MuiTypography-root MuiTypography-body1 mui-1pymq60\" data-testid=\"paragraph\">Die komplette deutsche Bank jubelte stehend mit &#8211; ein Ausdruck des viel beschworenen Teamgeistes.<\/p>\n<p class=\"MuiTypography-root MuiTypography-body1 mui-1pymq60\" data-testid=\"paragraph\">Positiv f\u00fcr die deutsche Mannschaft: Die Mittagshitze war kein Faktor, das Stadion des Footballteams Texans war \u00fcberdacht und klimatisiert. Und so gl\u00fcckte ein Blitzstart in die zweite H\u00e4lfte, als Musiala nach Kimmich-Pass und nur 68 Sekunden aus spitzem Winkel vollendete.<\/p>\n<p class=\"MuiTypography-root MuiTypography-body1 mui-1pymq60\" data-testid=\"paragraph\">Nach einer Stunde schwappte La Ola durch die Arena. San\u00e9 (63.), f\u00fcr den verletzt abgereisten <a class=\"MuiTypography-root MuiTypography-inherit MuiLink-root MuiLink-underlineAlways mui-1bbqssm\" tabindex=\"0\" href=\"https:\/\/ran.joyn.de\/sports\/spieler\/pe833791-lennart-karl\" rel=\"nofollow noopener\" target=\"_blank\">Lennart Karl<\/a> in die Startelf ger\u00fcckt, vergab allein vor dem Tor die n\u00e4chste Top-Chance.<\/p>\n<p class=\"MuiTypography-root MuiTypography-body1 mui-1pymq60\" data-testid=\"paragraph\">Fanliebling Undav l\u00f6ste den nach einem Foul leicht humpelnden Musiala ab und legte Brown nur vier Minuten sp\u00e4ter den f\u00fcnften Treffer auf. Danach sorgte Nagelsmann mit der Einwechslung mehrerer Edelreservisten f\u00fcr etwas Kaderhygiene.<\/p>\n<p class=\"MuiTypography-root MuiTypography-body1 mui-1pymq60\" data-testid=\"paragraph\">Undav traf aus der Mittelst\u00fcrmer-Position und legte per Steilpass das 7:1 auf, das Havertz elegant per Lupfer erzielte.<\/p>\n<p>Mehr Fu\u00dfball-News<\/p>\n","protected":false},"excerpt":{"rendered":"ran Fu\u00dfball DFB: &#8222;Noch Bundestrainer&#8220; &#8211; So reagiert Nagelsmann auf Klopps Spitzen Videoclip \u2022 01:42 Min Die deutschen&hellip;\n","protected":false},"author":2,"featured_media":1094446,"comment_status":"","ping_status":"","sticky":false,"template":"","format":"standard","meta":{"footnotes":"","_share_on_mastodon":"0"},"categories":[136],"tags":[242,39540,33895,29,5974,9151,347,30,5696,65129,9901,9150,188,10416,265,87015,9149,7109,11404],"class_list":["post-1094445","post","type-post","status-publish","format-standard","has-post-thumbnail","category-sport","tag-242","tag-aufstellungen","tag-curacao","tag-deutschland","tag-dfb-team","tag-free-tv","tag-fussball","tag-germany","tag-gianni-infantino","tag-gruppenphase","tag-joyn","tag-livestream","tag-liveticker","tag-ran","tag-sport","tag-ticketpreise","tag-uebertragung","tag-weltmeisterschaft","tag-wm"],"share_on_mastodon":{"url":"https:\/\/pubeurope.com\/@de\/116750126500498766","error":""},"_links":{"self":[{"href":"https:\/\/www.europesays.com\/de\/wp-json\/wp\/v2\/posts\/1094445","targetHints":{"allow":["GET"]}}],"collection":[{"href":"https:\/\/www.europesays.com\/de\/wp-json\/wp\/v2\/posts"}],"about":[{"href":"https:\/\/www.europesays.com\/de\/wp-json\/wp\/v2\/types\/post"}],"author":[{"embeddable":true,"href":"https:\/\/www.europesays.com\/de\/wp-json\/wp\/v2\/users\/2"}],"replies":[{"embeddable":true,"href":"https:\/\/www.europesays.com\/de\/wp-json\/wp\/v2\/comments?post=1094445"}],"version-history":[{"count":0,"href":"https:\/\/www.europesays.com\/de\/wp-json\/wp\/v2\/posts\/1094445\/revisions"}],"wp:featuredmedia":[{"embeddable":true,"href":"https:\/\/www.europesays.com\/de\/wp-json\/wp\/v2\/media\/1094446"}],"wp:attachment":[{"href":"https:\/\/www.europesays.com\/de\/wp-json\/wp\/v2\/media?parent=1094445"}],"wp:term":[{"taxonomy":"category","embeddable":true,"href":"https:\/\/www.europesays.com\/de\/wp-json\/wp\/v2\/categories?post=1094445"},{"taxonomy":"post_tag","embeddable":true,"href":"https:\/\/www.europesays.com\/de\/wp-json\/wp\/v2\/tags?post=1094445"}],"curies":[{"name":"wp","href":"https:\/\/api.w.org\/{rel}","templated":true}]}}