{"id":109445,"date":"2025-05-14T08:16:12","date_gmt":"2025-05-14T08:16:12","guid":{"rendered":"https:\/\/www.europesays.com\/de\/109445\/"},"modified":"2025-05-14T08:16:12","modified_gmt":"2025-05-14T08:16:12","slug":"morgenimpuls-mit-schwester-katharina-domradio-de-3","status":"publish","type":"post","link":"https:\/\/www.europesays.com\/de\/109445\/","title":{"rendered":"Morgenimpuls mit Schwester Katharina &#8211; Domradio.de"},"content":{"rendered":"<ol>\n<li><a href=\"https:\/\/news.google.com\/rss\/articles\/CBMicEFVX3lxTE9oejJaRzJYVTB1a2lxcXBZejNqNU5fbWdUa0dRU054QWM4OGZGRG1hVVJuVmtyTkVUZVB1b0YxTlk0b3ZrZ052YlVRUWszWTVjX0IyNkxJTkQxdGYtbVBldmZDa3F0WFZ5bzVtYVJ0TjI?oc=5\" target=\"_blank\" rel=\"nofollow noopener\">Morgenimpuls mit Schwester Katharina<\/a>&nbsp;&nbsp;Domradio.de<\/li>\n<li><a href=\"https:\/\/news.google.com\/rss\/articles\/CBMiekFVX3lxTFBJYUJ3RFJEUHlqWXJ6U0wzV2g2RnoyUUZ2UDFlYWxkUzc3cHgtbE56Njc0QWhISkxJZ3ZXbExhSGtsR240bEZ5c3pGUjB1bXF3YWQ5eEJDdjZCdFZHVk9wMElCRWdYX0Z2UllqVXRKV01DSTl4NUktd0VB?oc=5\" target=\"_blank\" rel=\"nofollow noopener\">Wie sich der Klimawandel auf die Eisheiligen auswirkt<\/a>&nbsp;&nbsp;tagesschau.de<\/li>\n<li><a href=\"https:\/\/news.google.com\/rss\/articles\/CBMiswFBVV95cUxNN2xGbW5sN0tNYUh5WnQ5QUVVLURtWkdpSXFSQ01MUVdvcmhzY0RpT1M1bEg1cm5fTkFSZm5qdjFoR1ItQ3Z0dVNaaVNEUERwaFUyN2o1SWRkMjN6dnJ2ZzNQRVFiUHdhYlFoWlpNZXNyZi1zREJ2LXVWejFIV2lkNWJ0QTNsWG15VERCVzN6dHZJajJFWG1TWE9ZUnBybTFWOFl4Tm9oX1BMYld2ZFpsNGhpMA?oc=5\" target=\"_blank\" rel=\"nofollow noopener\">W\u00e4rmer anziehen, K\u00f6ln: Ordentlicher Temperatursturz am letzten &#8222;Eisheiligentag&#8220;<\/a>&nbsp;&nbsp;T-Online<\/li>\n<li><a href=\"https:\/\/news.google.com\/rss\/articles\/CBMirAFBVV95cUxQUThpNXd5WG1lTzhwQl92eXJFMjB5anBndGhpZi1RSmQyRWpaMWxXTk1rdU5zek1PMHZIT2d0UVpiY2pLTk8xX1dGbkY4NkRlS1Q4T0RoLThRMWxuSXhJQWZqbEgwN1ZLSkFBc25TTy1CSjVta2Z1TEU1WWFhOGxUSW44RXo5bnNSaEtieEpGeEVKRWlZLWdpSFktQUQtSWtoLTVZakZMbDJ4Y0VG?oc=5\" target=\"_blank\" rel=\"nofollow noopener\">Kalte Sophie: So wird das Wetter am 15. Mai<\/a>&nbsp;&nbsp;stuttgarter-zeitung.de<\/li>\n<li><a href=\"https:\/\/news.google.com\/rss\/articles\/CBMi6gFBVV95cUxQZmttZzhaQ0tRUFI4bFZVTGg5SXRDWl9STWh3OGF1dnJnTTVRVXdXUElJbVRpNXlzaEpmdldDNkVkSlRCSlFWUjRtQ0lyR18welNqNFBOWm5MQzd5QUdyQ3RYN3RYdjltMG82RjFWaThKeXlzNnNvZG0tMDhjU1VKMC1yVDFpbkpYY05YU3YwQ2xBdWNoNVhtTHdOd3B2dnB0WnJINXZPa2tXOUUwbUpMOC0wQUdxSkp0d1d5ODZjT0t1S21LZ1Jnbi1TMEl4TmZRMDZtNlNYekVGZXRuLUxRYmRIazlaMVdwV2c?oc=5\" target=\"_blank\" rel=\"nofollow noopener\">G\u00e4rtner im Enzkreis k\u00f6nnen aufatmen: Dieses Mal sind die Eisheiligen eindeutig die Hei\u00dfeiligen<\/a>&nbsp;&nbsp;PZ-news<\/li>\n<\/ol>\n","protected":false},"excerpt":{"rendered":"Morgenimpuls mit Schwester Katharina&nbsp;&nbsp;Domradio.de Wie sich der Klimawandel auf die Eisheiligen auswirkt&nbsp;&nbsp;tagesschau.de W\u00e4rmer anziehen, K\u00f6ln: Ordentlicher Temperatursturz am&hellip;\n","protected":false},"author":2,"featured_media":109446,"comment_status":"","ping_status":"","sticky":false,"template":"","format":"standard","meta":{"footnotes":""},"categories":[1772],"tags":[29,214,30,1779,810,215],"class_list":{"0":"post-109445","1":"post","2":"type-post","3":"status-publish","4":"format-standard","5":"has-post-thumbnail","7":"category-musik","8":"tag-deutschland","9":"tag-entertainment","10":"tag-germany","11":"tag-music","12":"tag-musik","13":"tag-unterhaltung"},"share_on_mastodon":{"url":"https:\/\/pubeurope.com\/@de\/114505199325902998","error":""},"_links":{"self":[{"href":"https:\/\/www.europesays.com\/de\/wp-json\/wp\/v2\/posts\/109445","targetHints":{"allow":["GET"]}}],"collection":[{"href":"https:\/\/www.europesays.com\/de\/wp-json\/wp\/v2\/posts"}],"about":[{"href":"https:\/\/www.europesays.com\/de\/wp-json\/wp\/v2\/types\/post"}],"author":[{"embeddable":true,"href":"https:\/\/www.europesays.com\/de\/wp-json\/wp\/v2\/users\/2"}],"replies":[{"embeddable":true,"href":"https:\/\/www.europesays.com\/de\/wp-json\/wp\/v2\/comments?post=109445"}],"version-history":[{"count":0,"href":"https:\/\/www.europesays.com\/de\/wp-json\/wp\/v2\/posts\/109445\/revisions"}],"wp:featuredmedia":[{"embeddable":true,"href":"https:\/\/www.europesays.com\/de\/wp-json\/wp\/v2\/media\/109446"}],"wp:attachment":[{"href":"https:\/\/www.europesays.com\/de\/wp-json\/wp\/v2\/media?parent=109445"}],"wp:term":[{"taxonomy":"category","embeddable":true,"href":"https:\/\/www.europesays.com\/de\/wp-json\/wp\/v2\/categories?post=109445"},{"taxonomy":"post_tag","embeddable":true,"href":"https:\/\/www.europesays.com\/de\/wp-json\/wp\/v2\/tags?post=109445"}],"curies":[{"name":"wp","href":"https:\/\/api.w.org\/{rel}","templated":true}]}}