{"id":1094591,"date":"2026-06-14T21:02:23","date_gmt":"2026-06-14T21:02:23","guid":{"rendered":"https:\/\/www.europesays.com\/de\/1094591\/"},"modified":"2026-06-14T21:02:23","modified_gmt":"2026-06-14T21:02:23","slug":"zwischen-klopp-thomas-mueller-und-voeller-knistert-es-im-tv-bei-der-wm-2026-sport-2","status":"publish","type":"post","link":"https:\/\/www.europesays.com\/de\/1094591\/","title":{"rendered":"Zwischen Klopp, Thomas M\u00fcller und V\u00f6ller knistert es im TV bei der WM 2026 | Sport"},"content":{"rendered":"<p><a class=\"skip-content skip-content--link\" href=\"#in-content-skip-link-target-v-0-0\">TTS-Player \u00fcberspringen\u21b5<\/a><a id=\"in-content-skip-link-target-v-0-0\" class=\"skip-content--target-link-hidden skip-content skip-content--target-link\" href=\"#in-content-skip-link-target-v-0-0\">Artikel weiterlesen<\/a><\/p>\n<p data-21134c99=\"0-2415\">Houston \u2013 <b>Dieses Gespr\u00e4ch hatte pl\u00f6tzlich noch mehr Unterhaltungswert, als viele erwartet hatten! Vor dem <\/b><a href=\"https:\/\/www.bild.de\/sport\/fussball\/fifa-wm-2026-QNToDBgFYEJ5vy2KN6mE\" class=\"text-link\" rel=\"nofollow noopener\" target=\"_blank\"><b>WM<\/b><\/a><b>-Auftakt der deutschen Nationalmannschaft gegen Cura\u00e7ao (19 Uhr deutscher Zeit\/live bei ARD und MagentaTV und im <\/b><a href=\"https:\/\/sport.bild.de\/fussball\/fifa-wm\/ma10713815\/deutschland_curacao\/liveticker\/\" rel=\"noopener nofollow\" class=\"text-link\" target=\"_blank\"><b>Live-Ticker auf bild.de<\/b><\/a><b>) treffen bei MagentaTV drei gro\u00dfe Namen aufeinander: Rudi V\u00f6ller (65), J\u00fcrgen Klopp (58) und Thomas M\u00fcller (36).<\/b><\/p>\n<p>Klopp, M\u00fcller und V\u00f6ller bei MagentaTV<\/p>\n<p data-21134c99=\"0-2415\">Nachdem es um das Spiel geht, ist M\u00fcllers Zukunft Thema. Die <a href=\"https:\/\/www.bild.de\/sport\/fussball\/bayern-muenchen\/startseite-fc-bayern-muenchen-31074450.bild.html\" class=\"text-link\" rel=\"nofollow noopener\" target=\"_blank\">Bayern<\/a>-Legende spielt zurzeit bei den Vancouver Whitecaps in der MLS. Die Frage: Wird er Trainer? Manager? Oder doch etwas ganz anderes?<\/p>\n<p data-21134c99=\"0-2415\">V\u00f6ller hat dazu eine klare Meinung: \u201eJ\u00fcrgen kann ihm auch einen Tipp geben. Und das meine ich hier ernst \u2013 bei euch ist ernst ja ein bisschen schwieriger, ihr seid ja mehr f\u00fcr die Komik zust\u00e4ndig. Thomas, du k\u00f6nntest einen kleinen Trainerschein machen, um ein wenig mehr zu verstehen. Wir haben ja alle das Gef\u00fchl, wir wissen alles. Ich glaube, wenn man nochmal einen Trainerschein macht, hilft das, egal was du sp\u00e4ter noch machst. Und der J\u00fcrgen ist ja ein wunderbares Beispiel mit seiner tollen Karriere, die er gemacht hat.\u201c<\/p>\n<p>Spannende Einblicke: Tom Kaulitz zeigt DFB-Kabine<a class=\"anchor video-teaser__anchor\" href=\"https:\/\/www.bild.de\/sport\/fussball\/spannende-einblicke-tom-kaulitz-zeigt-dfb-kabine-6a2ed0ee6bb5c7fe2e1c6588\" rel=\"nofollow noopener\" target=\"_blank\"><img decoding=\"async\" width=\"992\" height=\"558\" alt=\"\" src=\"https:\/\/www.europesays.com\/de\/wp-content\/uploads\/2026\/06\/546d1820a49eec5ac3d2299e7cbc175c,cc9bc0ff.jpeg\"   class=\"landscape teaser__image\" loading=\"lazy\"\/><\/a><\/p>\n<p>Quelle: MagentaTV14.06.2026<\/p>\n<p data-21134c99=\"0-2415\">Klopp nimmt die Vorlage nat\u00fcrlich auf, sagt: \u201e<a href=\"https:\/\/www.bild.de\/themen\/personen\/rudi-voeller\/fussball-nachrichten-news-fotos-videos-15796196.bild.html\" class=\"text-link\" rel=\"nofollow noopener\" target=\"_blank\">Rudi<\/a>, wir setzen uns mal zu dritt hin, wenn M\u00fcller dann den MLS-Cup gewonnen hat 2029, und dann sagen wir dem Thomas, was er machen soll. Ich hab\u2019 das Gef\u00fchl, er ist ein guter Zuh\u00f6rer, aber er redet auch gerne.\u201c<\/p>\n<p data-21134c99=\"0-2415\">Doch dann wird es pl\u00f6tzlich interessant. V\u00f6ller antwortet: \u201eVielleicht haben wir ja auch die Gelegenheit, dass wir uns nochmal zusammensetzen und mal was Grunds\u00e4tzliches besprechen. Tut ganz gut, glaube ich.\u201c M\u00fcller reagiert diplomatisch: \u201eIch setze mich immer gerne mit euch zusammen.\u201c Doch Klopp kann es nicht lassen. Mit einem Grinsen wirft er ein: \u201eNoch.\u201c Nachdem die Schalte beendet ist, greift er noch einmal V\u00f6llers Worte auf: \u201eWir sind mehr f\u00fcr die Komik zust\u00e4ndig, hat er gesagt.\u201c M\u00fcllers trockene Antwort: \u201eMan h\u00f6rt das, was man h\u00f6ren will. Und er ist nat\u00fcrlich auch daf\u00fcr zust\u00e4ndig, das Gebilde zu besch\u00fctzen.\u201c<\/p>\n<p data-21134c99=\"0-2415\">Zur Erinnerung: Im MagentaTV-Vorbericht im Rahmen des WM-Er\u00f6ffnungsspiels hatte Klopp \u00fcber die DFB-Aufstellung diskutiert und dabei scherzhaft gesagt: <a href=\"https:\/\/www.bild.de\/sport\/fussball\/wm-2026-klopp-meldet-sich-wegen-musiala-da-gab-es-missverstaendnisse-6a2e530a7e682fc37fbf9263\" class=\"text-link\" rel=\"nofollow noopener\" target=\"_blank\">\u201eZum Gl\u00fcck stellt Julian Nagelsmann die Mannschaft auf \u2013 noch.\u201c<\/a> Danach wiederholte Klopp grinsend sogar noch einmal das Wort: \u201eNoch.\u201c Die Aussage verbreitete sich anschlie\u00dfend rasant. <\/p>\n<p data-21134c99=\"0-2415\">Ein bisschen TV-Knistern vor dem gro\u00dfen Spiel!<\/p>\n","protected":false},"excerpt":{"rendered":"TTS-Player \u00fcberspringen\u21b5Artikel weiterlesen Houston \u2013 Dieses Gespr\u00e4ch hatte pl\u00f6tzlich noch mehr Unterhaltungswert, als viele erwartet hatten! Vor dem&hellip;\n","protected":false},"author":2,"featured_media":1094300,"comment_status":"","ping_status":"","sticky":false,"template":"","format":"standard","meta":{"footnotes":"","_share_on_mastodon":"0"},"categories":[136],"tags":[1263,1260,29,38029,30,7645,5639,8845,265,1576,1261,27445],"class_list":["post-1094591","post","type-post","status-publish","format-standard","has-post-thumbnail","category-sport","tag-aufmacher-bereich","tag-deutsche-nationalmannschaft","tag-deutschland","tag-fussball-wm-2026","tag-germany","tag-klopp-juergen","tag-magenta-sport","tag-mueller-thomas","tag-sport","tag-super-a-teaser","tag-toralarm-top-news","tag-voeller-rudi"],"share_on_mastodon":{"url":"https:\/\/pubeurope.com\/@de\/116750486579643662","error":""},"_links":{"self":[{"href":"https:\/\/www.europesays.com\/de\/wp-json\/wp\/v2\/posts\/1094591","targetHints":{"allow":["GET"]}}],"collection":[{"href":"https:\/\/www.europesays.com\/de\/wp-json\/wp\/v2\/posts"}],"about":[{"href":"https:\/\/www.europesays.com\/de\/wp-json\/wp\/v2\/types\/post"}],"author":[{"embeddable":true,"href":"https:\/\/www.europesays.com\/de\/wp-json\/wp\/v2\/users\/2"}],"replies":[{"embeddable":true,"href":"https:\/\/www.europesays.com\/de\/wp-json\/wp\/v2\/comments?post=1094591"}],"version-history":[{"count":0,"href":"https:\/\/www.europesays.com\/de\/wp-json\/wp\/v2\/posts\/1094591\/revisions"}],"wp:featuredmedia":[{"embeddable":true,"href":"https:\/\/www.europesays.com\/de\/wp-json\/wp\/v2\/media\/1094300"}],"wp:attachment":[{"href":"https:\/\/www.europesays.com\/de\/wp-json\/wp\/v2\/media?parent=1094591"}],"wp:term":[{"taxonomy":"category","embeddable":true,"href":"https:\/\/www.europesays.com\/de\/wp-json\/wp\/v2\/categories?post=1094591"},{"taxonomy":"post_tag","embeddable":true,"href":"https:\/\/www.europesays.com\/de\/wp-json\/wp\/v2\/tags?post=1094591"}],"curies":[{"name":"wp","href":"https:\/\/api.w.org\/{rel}","templated":true}]}}