{"id":1094628,"date":"2026-06-14T21:30:26","date_gmt":"2026-06-14T21:30:26","guid":{"rendered":"https:\/\/www.europesays.com\/de\/1094628\/"},"modified":"2026-06-14T21:30:26","modified_gmt":"2026-06-14T21:30:26","slug":"ausbildungsboerse-velbert-firmen-suchen-fachkraefte","status":"publish","type":"post","link":"https:\/\/www.europesays.com\/de\/1094628\/","title":{"rendered":"Ausbildungsb\u00f6rse Velbert: Firmen suchen Fachkr\u00e4fte"},"content":{"rendered":"<p class=\"text_ohne_einzug richtext text-em-55 !leading-serif mx-6 desktop:mx-0\"> In diesem Jahr gibt es wegen der Umstellung von G8 auf G9 keine Abiturienten an den Gymnasien. Das machte sich bei der Ausbildungsb\u00f6rse des Vereins Schl\u00fcsselregion bemerkbar: Im Velberter EMKA Sportzentrum war es deutlich leerer und es nahmen weniger Firmen teil. \u201eF\u00fcr viele Berufe braucht man kein <a href=\"https:\/\/rp-online.de\/thema\/abitur\/\" rel=\"nofollow noopener\" target=\"_blank\">Abitur<\/a>. Hier wird alles angeboten, vom Abi bis zum Hauptschulabschluss und dem abgebrochenen Studium\u201c, so Alessa Kutscha, die stellvertretende Gesch\u00e4ftsf\u00fchrerin der Schl\u00fcsselregion. \u201eEs kommen auch viele, die sich orientieren m\u00f6chten\u201c, erg\u00e4nzte Marie Volkausen und verwies auf \u00fcber 30-J\u00e4hrige, die sich in einem neuen <a href=\"https:\/\/rp-online.de\/thema\/beruf\/\" rel=\"nofollow noopener\" target=\"_blank\">Beruf<\/a> ausbilden lassen m\u00f6chten.<\/p>\n","protected":false},"excerpt":{"rendered":"In diesem Jahr gibt es wegen der Umstellung von G8 auf G9 keine Abiturienten an den Gymnasien. Das&hellip;\n","protected":false},"author":2,"featured_media":1094629,"comment_status":"","ping_status":"","sticky":false,"template":"","format":"standard","meta":{"footnotes":"","_share_on_mastodon":"0"},"categories":[1840],"tags":[21127,14381,232137,177199,3364,29,78515,30,37686,232136,35108,1209,12501,69609,208166,4938,4233,13888,4418],"class_list":["post-1094628","post","type-post","status-publish","format-standard","has-post-thumbnail","category-wuppertal","tag-abitur","tag-abiturienten","tag-abiturijahrgang","tag-bemerkbar","tag-de","tag-deutschland","tag-fachabitur","tag-germany","tag-heiligenhaus","tag-heiligenhauser","tag-mechatroniker","tag-nordrhein-westfalen","tag-personal","tag-personalabteilung","tag-schluesselregion","tag-studium","tag-velbert","tag-wirkt","tag-wuppertal"],"share_on_mastodon":{"url":"https:\/\/pubeurope.com\/@de\/116750596731281587","error":""},"_links":{"self":[{"href":"https:\/\/www.europesays.com\/de\/wp-json\/wp\/v2\/posts\/1094628","targetHints":{"allow":["GET"]}}],"collection":[{"href":"https:\/\/www.europesays.com\/de\/wp-json\/wp\/v2\/posts"}],"about":[{"href":"https:\/\/www.europesays.com\/de\/wp-json\/wp\/v2\/types\/post"}],"author":[{"embeddable":true,"href":"https:\/\/www.europesays.com\/de\/wp-json\/wp\/v2\/users\/2"}],"replies":[{"embeddable":true,"href":"https:\/\/www.europesays.com\/de\/wp-json\/wp\/v2\/comments?post=1094628"}],"version-history":[{"count":0,"href":"https:\/\/www.europesays.com\/de\/wp-json\/wp\/v2\/posts\/1094628\/revisions"}],"wp:featuredmedia":[{"embeddable":true,"href":"https:\/\/www.europesays.com\/de\/wp-json\/wp\/v2\/media\/1094629"}],"wp:attachment":[{"href":"https:\/\/www.europesays.com\/de\/wp-json\/wp\/v2\/media?parent=1094628"}],"wp:term":[{"taxonomy":"category","embeddable":true,"href":"https:\/\/www.europesays.com\/de\/wp-json\/wp\/v2\/categories?post=1094628"},{"taxonomy":"post_tag","embeddable":true,"href":"https:\/\/www.europesays.com\/de\/wp-json\/wp\/v2\/tags?post=1094628"}],"curies":[{"name":"wp","href":"https:\/\/api.w.org\/{rel}","templated":true}]}}