{"id":1094643,"date":"2026-06-14T21:38:19","date_gmt":"2026-06-14T21:38:19","guid":{"rendered":"https:\/\/www.europesays.com\/de\/1094643\/"},"modified":"2026-06-14T21:38:19","modified_gmt":"2026-06-14T21:38:19","slug":"tausende-protestieren-in-genf-gegen-g7-gipfel","status":"publish","type":"post","link":"https:\/\/www.europesays.com\/de\/1094643\/","title":{"rendered":"Tausende protestieren in Genf gegen G7-Gipfel"},"content":{"rendered":"<p>            <img loading=\"lazy\" decoding=\"async\" class=\"ts-image\" src=\"https:\/\/www.europesays.com\/de\/wp-content\/uploads\/2026\/06\/g7-protest-genf-102.jpg\" alt=\"Menschen demonstrieren am Ufer des Genfersees gegen den G7-Gipfel im benachbarten Frankreich\" title=\"Menschen demonstrieren am Ufer des Genfersees gegen den G7-Gipfel im benachbarten Frankreich | Baz Ratner\/AP\/dpa\"\/><\/p>\n<p class=\"metatextline\">Stand: 14.06.2026 \u2022 21:03 Uhr<\/p>\n<p class=\"article-head__shorttext\">\n        <strong>Vor dem G7-Gipfel im franz\u00f6sischen \u00c9vian sind mehrere Tausend Menschen in Genf gegen die Politik der m\u00e4chtigen Industrienationen auf die Stra\u00dfe gegangen. Nach mehreren Vorf\u00e4llen ordnete die Polizei die Aufl\u00f6sung der Demonstration an.<\/strong>\n    <\/p>\n<p class=\"textabsatz m-ten m-offset-one l-eight l-offset-two columns twelve\">Tausende Menschen haben in Genf gegen den bevorstehenden G7-Gipfel im nahegelegenen Frankreich protestiert. Begleitet von einem gro\u00dfen Polizeiaufgebot zog der Protestmarsch des B\u00fcndnisses &#8222;No G7&#8220; am Nachmittag durch die Grenzstadt in der Schweiz. Polizeisprecher Alexandre Brahier teilte mit, etwa 20.000 Menschen h\u00e4tten sich an dem Marsch durch die Stadt in der Schweiz beteiligt. Die Sicherheitskr\u00e4fte hatten zuvor bis zu 50.000 Menschen erwartet.<\/p>\n<p class=\"textabsatz m-ten m-offset-one l-eight l-offset-two columns twelve\">Die Staats- und Regierungschefs der G7-Industriestaaten Deutschland, Frankreich, Gro\u00dfbritannien, Italien, Kanada, Japan und den USA treffen am Montag in \u00c9vian-les-Bains auf der franz\u00f6sischen Uferseite zusammen. Da Frankreich nach Angaben der Genfer Stadtregierung keine Proteste dulden wollte, meldeten die Organisatoren die Demonstration in Genf an.<\/p>\n<p class=\"absatzbild__info__text\">\n                        Genf liegt etwa 50 Kilometer vom franz\u00f6sischen Gipfelort \u00c9vian-les-Bains entfernt.\n                    <\/p>\n<p>    Gegen Faschismus und Imperialismus<\/p>\n<p class=\"textabsatz m-ten m-offset-one l-eight l-offset-two columns twelve\">Zur Koalition der G7-Gegner z\u00e4hlen unter anderem pro-pal\u00e4stinensische und anti-kapitalistische Aktivisten. Auch feministische Gruppen beteiligten sich an der Demonstration, die sich &#8222;gegen Faschismus und Imperialismus&#8220; richtete.<\/p>\n<p class=\"textabsatz m-ten m-offset-one l-eight l-offset-two columns twelve\">Kritisiert wird unter anderem das Fehlen international bedeutender Themen beim G7-Gipfel, etwa der Kampf gegen die Folgen des Klimawandels oder die Solidarit\u00e4t mit Entwicklungsl\u00e4ndern. Auch die Abh\u00e4ngigkeit von fossilen Brennstoffen und die extreme Konzentration des Reichtums st\u00fcnden nicht auf der Tagesordnung.<\/p>\n<p class=\"textabsatz m-ten m-offset-one l-eight l-offset-two columns twelve\">Die G7 sei eine &#8222;illegitime und \u00fcberholte Institution, ein privater Club, der nicht mehr der heutigen Welt entspricht&#8220;, hie\u00df es in einem Manifest von &#8222;No G7&#8220;. Dort f\u00e4llten &#8222;Gro\u00dfm\u00e4chte Entscheidungen zugunsten der privilegiertesten Minderheit der Welt und zum Nachteil von mehr als 90 Prozent der Bev\u00f6lkerung&#8220;.<\/p>\n<p>    Einzelne Zusammenst\u00f6\u00dfe<\/p>\n<p class=\"textabsatz m-ten m-offset-one l-eight l-offset-two columns twelve\">Viele Plakate richteten sich gegen US-Pr\u00e4sident Donald Trump. &#8222;Wir haben gro\u00dfe Angst vor der Politik und den politischen Ma\u00dfnahmen von Herrn Trump und auch den anderen Staats- und Regierungschefs der G7, weil sie k\u00e4mpfen, \u00fcberall Kriege f\u00fchren&#8220;, sagte eine &#8222;No G7&#8220;-Sprecherin.<\/p>\n<p class=\"textabsatz m-ten m-offset-one l-eight l-offset-two columns twelve\">Der Protestzug verlief bis zum sp\u00e4ten Nachmittag entlang der genehmigten Route. Die Polizei hielt sich lange im Hintergrund und war kaum zu sehen. Ein Block aus einigen Hundert schwarz gekleideten Mitl\u00e4ufern st\u00f6rte die lange Zeit friedliche Atmosph\u00e4re der Demonstranten.<\/p>\n<p class=\"textabsatz m-ten m-offset-one l-eight l-offset-two columns twelve\">Die Vermummten rissen Pflastersteine aus dem Boden und Sperrholzverkleidungen von Schaufenstern, setzte Autos und M\u00fcllcontainer in Brand und warf zahlreiche Scheiben ein, sowohl von Gesch\u00e4ften als auch an Bushaltestellen, Reklametafeln sowie den Eing\u00e4ngen von UN-Organisationen. Die Polizei setzte Tr\u00e4nengas ein. Wie der Polizeisprecher mitteilte, wurde die Aufl\u00f6sung der Demonstration angeordnet.<\/p>\n<p>    Gro\u00dfes Sicherheitsaufgebot<\/p>\n<p class=\"textabsatz m-ten m-offset-one l-eight l-offset-two columns twelve\">In Genf ist der G8-Gipfel in \u00c9vian von 2003 &#8211; damals noch mit Russland &#8211; in schlechter Erinnerung geblieben: Damals hatten Demonstranten sich gewaltsame Auseinandersetzungen mit der Polizei geliefert und zahlreiche Gesch\u00e4fte verw\u00fcstet. Die Sch\u00e4den wurden auf etwa sechs Millionen Schweizer Franken gesch\u00e4tzt.<\/p>\n<p class=\"textabsatz m-ten m-offset-one l-eight l-offset-two columns twelve\">Hunderte Genfer Gesch\u00e4ftsleute und Hoteliers verriegeln seit Tagen ihre Schaufenster mit Sperrholz. Die Genfer Polizei hat Verst\u00e4rkung aus dem ganzen Land aufgeboten. Mehrere Tausend Polizisten kontrollieren seit zwei Tagen \u00fcberall in der Stadt Autos und Personalien von Passanten.<\/p>\n<p class=\"textabsatz m-ten m-offset-one l-eight l-offset-two columns twelve\">Die Aufgabe der Schweizer Sicherheitskr\u00e4fte ist nicht nur die Bew\u00e4ltigung der Demonstration. Sie m\u00fcssen auch die Sicherheit der anreisenden Staats- und Regierungschefs garantieren. In Genf liegt der n\u00e4chstgelegene Flughafen zu \u00c9vian, die meisten Delegationen sollen dort am Montag eintreffen.<\/p>\n","protected":false},"excerpt":{"rendered":"Stand: 14.06.2026 \u2022 21:03 Uhr Vor dem G7-Gipfel im franz\u00f6sischen \u00c9vian sind mehrere Tausend Menschen in Genf gegen&hellip;\n","protected":false},"author":2,"featured_media":1094644,"comment_status":"","ping_status":"","sticky":false,"template":"","format":"standard","meta":{"footnotes":"","_share_on_mastodon":"0"},"categories":[3974],"tags":[331,332,548,663,3934,3980,156,19104,37303,13,14,15,12],"class_list":["post-1094643","post","type-post","status-publish","format-standard","has-post-thumbnail","category-frankreich","tag-aktuelle-nachrichten","tag-aktuelle-news","tag-eu","tag-europa","tag-europe","tag-france","tag-frankreich","tag-g7","tag-genf","tag-headlines","tag-nachrichten","tag-news","tag-schlagzeilen"],"share_on_mastodon":{"url":"https:\/\/pubeurope.com\/@de\/116750629618807470","error":""},"_links":{"self":[{"href":"https:\/\/www.europesays.com\/de\/wp-json\/wp\/v2\/posts\/1094643","targetHints":{"allow":["GET"]}}],"collection":[{"href":"https:\/\/www.europesays.com\/de\/wp-json\/wp\/v2\/posts"}],"about":[{"href":"https:\/\/www.europesays.com\/de\/wp-json\/wp\/v2\/types\/post"}],"author":[{"embeddable":true,"href":"https:\/\/www.europesays.com\/de\/wp-json\/wp\/v2\/users\/2"}],"replies":[{"embeddable":true,"href":"https:\/\/www.europesays.com\/de\/wp-json\/wp\/v2\/comments?post=1094643"}],"version-history":[{"count":0,"href":"https:\/\/www.europesays.com\/de\/wp-json\/wp\/v2\/posts\/1094643\/revisions"}],"wp:featuredmedia":[{"embeddable":true,"href":"https:\/\/www.europesays.com\/de\/wp-json\/wp\/v2\/media\/1094644"}],"wp:attachment":[{"href":"https:\/\/www.europesays.com\/de\/wp-json\/wp\/v2\/media?parent=1094643"}],"wp:term":[{"taxonomy":"category","embeddable":true,"href":"https:\/\/www.europesays.com\/de\/wp-json\/wp\/v2\/categories?post=1094643"},{"taxonomy":"post_tag","embeddable":true,"href":"https:\/\/www.europesays.com\/de\/wp-json\/wp\/v2\/tags?post=1094643"}],"curies":[{"name":"wp","href":"https:\/\/api.w.org\/{rel}","templated":true}]}}