{"id":1094648,"date":"2026-06-14T21:41:20","date_gmt":"2026-06-14T21:41:20","guid":{"rendered":"https:\/\/www.europesays.com\/de\/1094648\/"},"modified":"2026-06-14T21:41:20","modified_gmt":"2026-06-14T21:41:20","slug":"eu-aussenminister-beraten-ueber-ukraine-und-nahost-3","status":"publish","type":"post","link":"https:\/\/www.europesays.com\/de\/1094648\/","title":{"rendered":"EU-Au\u00dfenminister beraten \u00fcber Ukraine und Nahost"},"content":{"rendered":"<p>Die Au\u00dfenministerinnen und Au\u00dfenminister der EU kommen am Montag in Luxemburg zusammen, um \u00fcber den Ukraine-Krieg zu beraten (09.45 Uhr). Dabei wird es unter anderem um den j\u00fcngsten Vorschlag der EU-Kommission f\u00fcr ein weiteres Sanktionspaket gegen Russland gehen. Weitere Themen sind die Lage im Nahen Osten, der Iran-Krieg sowie die Beziehungen zu China. \u00d6sterreich wird von Au\u00dfenministerin Beate Meinl-Reisinger (NEOS) vertreten.<\/p>\n","protected":false},"excerpt":{"rendered":"Die Au\u00dfenministerinnen und Au\u00dfenminister der EU kommen am Montag in Luxemburg zusammen, um \u00fcber den Ukraine-Krieg zu beraten&hellip;\n","protected":false},"author":2,"featured_media":1094649,"comment_status":"","ping_status":"","sticky":false,"template":"","format":"standard","meta":{"footnotes":"","_share_on_mastodon":"0"},"categories":[3933],"tags":[331,332,508,548,663,158,3934,3935,13,36084,4046,14,15,16,30628,307,12,317],"class_list":["post-1094648","post","type-post","status-publish","format-standard","has-post-thumbnail","category-eu","tag-aktuelle-nachrichten","tag-aktuelle-news","tag-diplomatie","tag-eu","tag-europa","tag-europaeische-union","tag-europe","tag-european-union","tag-headlines","tag-kaempfe","tag-krieg","tag-nachrichten","tag-news","tag-politik","tag-primavista","tag-russland","tag-schlagzeilen","tag-ukraine"],"share_on_mastodon":{"url":"https:\/\/pubeurope.com\/@de\/116750639951067520","error":""},"_links":{"self":[{"href":"https:\/\/www.europesays.com\/de\/wp-json\/wp\/v2\/posts\/1094648","targetHints":{"allow":["GET"]}}],"collection":[{"href":"https:\/\/www.europesays.com\/de\/wp-json\/wp\/v2\/posts"}],"about":[{"href":"https:\/\/www.europesays.com\/de\/wp-json\/wp\/v2\/types\/post"}],"author":[{"embeddable":true,"href":"https:\/\/www.europesays.com\/de\/wp-json\/wp\/v2\/users\/2"}],"replies":[{"embeddable":true,"href":"https:\/\/www.europesays.com\/de\/wp-json\/wp\/v2\/comments?post=1094648"}],"version-history":[{"count":0,"href":"https:\/\/www.europesays.com\/de\/wp-json\/wp\/v2\/posts\/1094648\/revisions"}],"wp:featuredmedia":[{"embeddable":true,"href":"https:\/\/www.europesays.com\/de\/wp-json\/wp\/v2\/media\/1094649"}],"wp:attachment":[{"href":"https:\/\/www.europesays.com\/de\/wp-json\/wp\/v2\/media?parent=1094648"}],"wp:term":[{"taxonomy":"category","embeddable":true,"href":"https:\/\/www.europesays.com\/de\/wp-json\/wp\/v2\/categories?post=1094648"},{"taxonomy":"post_tag","embeddable":true,"href":"https:\/\/www.europesays.com\/de\/wp-json\/wp\/v2\/tags?post=1094648"}],"curies":[{"name":"wp","href":"https:\/\/api.w.org\/{rel}","templated":true}]}}