{"id":1094652,"date":"2026-06-14T21:43:18","date_gmt":"2026-06-14T21:43:18","guid":{"rendered":"https:\/\/www.europesays.com\/de\/1094652\/"},"modified":"2026-06-14T21:43:18","modified_gmt":"2026-06-14T21:43:18","slug":"wm-2026-nach-deutschland-sieg-dieses-71-war-kein-halbfinale-gegen-brasilien-sport","status":"publish","type":"post","link":"https:\/\/www.europesays.com\/de\/1094652\/","title":{"rendered":"WM 2026: Nach Deutschland-Sieg: \u201eDieses 7:1 war kein Halbfinale gegen Brasilien&#8230;\u201c | Sport"},"content":{"rendered":"<p><a class=\"skip-content skip-content--link\" href=\"#in-content-skip-link-target-v-0-0\">TTS-Player \u00fcberspringen\u21b5<\/a><a id=\"in-content-skip-link-target-v-0-0\" class=\"skip-content--target-link-hidden skip-content skip-content--target-link\" href=\"#in-content-skip-link-target-v-0-0\">Artikel weiterlesen<\/a><\/p>\n<p data-21134c99=\"0-2385\">Houston\u00a0\u2013 <b>Jetzt hat er offiziell bei 5 (!) <\/b><a href=\"https:\/\/www.bild.de\/sport\/fussball\/fifa-wm-2026-QNToDBgFYEJ5vy2KN6mE\" class=\"text-link\" rel=\"nofollow noopener\" target=\"_blank\"><b>Weltmeisterschaften<\/b><\/a><b> gespielt. <\/b><a href=\"https:\/\/www.bild.de\/sport\/leute\/manuel-neuer\/manuel-neuer-alle-infos-76678984.bild.html\" class=\"text-link\" rel=\"nofollow noopener\" target=\"_blank\"><b>Manuel Neuer<\/b><\/a><b> (40) gab sein Comeback im DFB-Tor nach fast zwei Jahren Pause. Richtig viel zu tun hatte er nicht, beim abgef\u00e4lschten Tor konnte er nichts machen. <\/b><\/p>\n<p>Neuer: \u201eDieses 7:1 war kein Halbfinale gegen Brasilien&#8230;\u201c<\/p>\n<p data-21134c99=\"0-2385\">Danach sprach Neuer \u00fcber seine Gef\u00fchlslage. Neuer: \u201eEs macht mich unglaublich stolz, jetzt wieder bei der Nationalmannschaft mit dem Team auf dem Platz zu sein und die f\u00fcnfte Weltmeisterschaft zu spielen! Ich bin \u00fcbergl\u00fccklich dar\u00fcber. Ich muss auch sagen, dass ich das ganze Turnier so angehe und mich dar\u00fcber so freue, als wenn es die erste WM f\u00fcr mich w\u00e4re. Ich bin einfach froh, dass wir auch dieses Spiel so gestaltet haben. Heute mit dem klaren Sieg, mit Spielfreude, mit Fu\u00dfball nach vorne, mit der Kreativit\u00e4t im letzten Drittel! Ich freue mich, Teil des Ganzen zu sein, der Mannschaft helfen zu k\u00f6nnen.\u201c<\/p>\n<p data-21134c99=\"0-2385\">Neuer wei\u00df, wie wichtig ein Sieg zum Start ist: \u201eJa, das gibt uns erstmal Vertrauen, in die Mannschaft, in die eigene St\u00e4rke. Im Turnier zu sein, so gestartet zu haben, ist wirklich etwas ganz Besonderes. Und das gibt einem auch ein bisschen Zuversicht, ein bisschen Ruhe.\u201c<\/p>\n<p>\u201eH\u00e4tte mir aufs Maul hauen k\u00f6nnen&#8220;: Klopp entschuldigt sich bei Nagelsmann!<a class=\"anchor video-teaser__anchor\" href=\"https:\/\/www.bild.de\/sport\/fussball\/haette-mir-aufs-maul-hauen-koennen-klopp-entschuldigt-sich-bei-nagelsmann-6a2f07427e682fc37fbf9e42\" rel=\"nofollow noopener\" target=\"_blank\"><img decoding=\"async\" width=\"992\" height=\"558\" alt=\"\" src=\"https:\/\/www.europesays.com\/de\/wp-content\/uploads\/2026\/06\/f5720d4888aa11e9d1c4cd2953c4066f,50fa0a60.jpeg\"   class=\"landscape teaser__image\" loading=\"lazy\"\/><\/a><\/p>\n<p>Quelle: MagentaTV14.06.2026<\/p>\n<p data-21134c99=\"0-2385\">7:1 \u2013 wie gegen Brasilien 2014 mit Neuer im Tor! Er h\u00e4lt aber den Ball flach: \u201eWir wissen, das war jetzt kein Halbfinale gegen Brasilien mit diesem 7:1. Das war das erste Gruppenspiel gegen Cura\u00e7ao. Dennoch muss man erstmal in der H\u00f6he gewinnen.\u201c<\/p>\n<p data-21134c99=\"0-2385\">Wie ordnet er die aktuelle Mannschaft ein im Vergleich zu anderen WM-Teams? Neuer: \u201eNach dem ersten Spiel ist es schwer zu sagen, aber ich wei\u00df, dass wir mutig sind, motiviert sind, aktiv sind, und viel Qualit\u00e4t auf den Platz bringen. Wenn ich \u00fcber 2014 r\u00fcckblickend immer berichte, dann war ich auch nicht so 100 %ig zufrieden, mit dem ersten Spiel gegen Portugal. Damals ist sehr viel f\u00fcr uns gelaufen, mit der roten Karte von Pepe. Aber ich glaube, dass wir alle M\u00f6glichkeiten haben mit dieser Mannschaft, dass die Mannschaft sehr viel Energie mitbringt, dass wir einen gewissen Zusammenhalt haben. Den braucht man auch, wenn man ein paar R\u00fcckschl\u00e4ge hat, die man zusammen als Mannschaft wegstecken muss. Ich glaube, daf\u00fcr haben wir die richtigen Charaktere in unserer Mannschaft. Das stimmt hier alles positiv.\u201c<\/p>\n<p data-21134c99=\"0-2385\">Nach Auftaktpleiten 2018 und 2022 endlich wieder ein Sieg zum Start\u00a0\u2013 das macht Hoffnung auf eine geile Neuer-WM!<\/p>\n","protected":false},"excerpt":{"rendered":"TTS-Player \u00fcberspringen\u21b5Artikel weiterlesen Houston\u00a0\u2013 Jetzt hat er offiziell bei 5 (!) Weltmeisterschaften gespielt. Manuel Neuer (40) gab sein&hellip;\n","protected":false},"author":2,"featured_media":1094653,"comment_status":"","ping_status":"","sticky":false,"template":"","format":"standard","meta":{"footnotes":"","_share_on_mastodon":"0"},"categories":[2],"tags":[331,3924,332,3922,3364,1260,29,347,83182,157683,38029,30,13,10539,14,3923,15,3921,12],"class_list":["post-1094652","post","type-post","status-publish","format-standard","has-post-thumbnail","category-deutschland","tag-aktuelle-nachrichten","tag-aktuelle-nachrichten-aus-deutschland","tag-aktuelle-news","tag-aktuelle-news-aus-deutschland","tag-de","tag-deutsche-nationalmannschaft","tag-deutschland","tag-fussball","tag-fussball-wm-2014","tag-fussball-wm-2018","tag-fussball-wm-2026","tag-germany","tag-headlines","tag-loew-joachim","tag-nachrichten","tag-nachrichten-aus-deutschland","tag-news","tag-news-aus-deutschland","tag-schlagzeilen"],"share_on_mastodon":{"url":"https:\/\/pubeurope.com\/@de\/116750647805517950","error":""},"_links":{"self":[{"href":"https:\/\/www.europesays.com\/de\/wp-json\/wp\/v2\/posts\/1094652","targetHints":{"allow":["GET"]}}],"collection":[{"href":"https:\/\/www.europesays.com\/de\/wp-json\/wp\/v2\/posts"}],"about":[{"href":"https:\/\/www.europesays.com\/de\/wp-json\/wp\/v2\/types\/post"}],"author":[{"embeddable":true,"href":"https:\/\/www.europesays.com\/de\/wp-json\/wp\/v2\/users\/2"}],"replies":[{"embeddable":true,"href":"https:\/\/www.europesays.com\/de\/wp-json\/wp\/v2\/comments?post=1094652"}],"version-history":[{"count":0,"href":"https:\/\/www.europesays.com\/de\/wp-json\/wp\/v2\/posts\/1094652\/revisions"}],"wp:featuredmedia":[{"embeddable":true,"href":"https:\/\/www.europesays.com\/de\/wp-json\/wp\/v2\/media\/1094653"}],"wp:attachment":[{"href":"https:\/\/www.europesays.com\/de\/wp-json\/wp\/v2\/media?parent=1094652"}],"wp:term":[{"taxonomy":"category","embeddable":true,"href":"https:\/\/www.europesays.com\/de\/wp-json\/wp\/v2\/categories?post=1094652"},{"taxonomy":"post_tag","embeddable":true,"href":"https:\/\/www.europesays.com\/de\/wp-json\/wp\/v2\/tags?post=1094652"}],"curies":[{"name":"wp","href":"https:\/\/api.w.org\/{rel}","templated":true}]}}