{"id":1094713,"date":"2026-06-14T22:17:15","date_gmt":"2026-06-14T22:17:15","guid":{"rendered":"https:\/\/www.europesays.com\/de\/1094713\/"},"modified":"2026-06-14T22:17:15","modified_gmt":"2026-06-14T22:17:15","slug":"neue-berliner-s-bahnlinie-s15-ab-montag-nimmt-betrieb-auf","status":"publish","type":"post","link":"https:\/\/www.europesays.com\/de\/1094713\/","title":{"rendered":"Neue Berliner S-Bahnlinie S15 ab Montag nimmt Betrieb auf"},"content":{"rendered":"<p>Fahrg\u00e4ste der Berliner S-Bahn k\u00f6nnen ab Montag eine neue Linie nutzen. Die Z\u00fcge der S15 sollen im Zehn-Minuten-Takt zwischen Hauptbahnhof und Gesundbrunnen fahren, mit Stopp im S-Bahnhof Wedding.<\/p>\n<p>Die erstes Fahrt mit Fahrg\u00e4sten soll um 11:57 Uhr am Hauptbahnhof starten, in die Gegenrichtung f\u00e4hrt der erste Zug laut S-Bahn um 12:03 Uhr ab Gesundbrunnen vom Gleis 2 ab.<\/p>\n<p>Mit der S15 sollen Fahrg\u00e4ste aus dem Berliner Norden schneller zum Hauptbahnhof kommen: f\u00fcnf Minuten soll die Fahrt dauern. Am Hauptbahnhof halten die Z\u00fcge zun\u00e4chst noch an einem provisorischen Bahnsteig, der \u00fcber eine Fu\u00dfg\u00e4ngerbr\u00fccke mit dem Hauptgeb\u00e4ude verbunden ist.<\/p>\n<p>Durch die neue Verbindung soll zudem der Bahnhof Friedrichstra\u00dfe entlastet werden, wo bisher viele Passagiere umsteigen m\u00fcssen.<\/p>\n","protected":false},"excerpt":{"rendered":"Fahrg\u00e4ste der Berliner S-Bahn k\u00f6nnen ab Montag eine neue Linie nutzen. Die Z\u00fcge der S15 sollen im Zehn-Minuten-Takt&hellip;\n","protected":false},"author":2,"featured_media":1094714,"comment_status":"","ping_status":"","sticky":false,"template":"","format":"standard","meta":{"footnotes":"","_share_on_mastodon":"0"},"categories":[1825],"tags":[296,29,30,138297,134296],"class_list":["post-1094713","post","type-post","status-publish","format-standard","has-post-thumbnail","category-berlin","tag-berlin","tag-deutschland","tag-germany","tag-rbb24s-bahn","tag-rbb24tagesschau"],"share_on_mastodon":{"url":"https:\/\/pubeurope.com\/@de\/116750781649025847","error":""},"_links":{"self":[{"href":"https:\/\/www.europesays.com\/de\/wp-json\/wp\/v2\/posts\/1094713","targetHints":{"allow":["GET"]}}],"collection":[{"href":"https:\/\/www.europesays.com\/de\/wp-json\/wp\/v2\/posts"}],"about":[{"href":"https:\/\/www.europesays.com\/de\/wp-json\/wp\/v2\/types\/post"}],"author":[{"embeddable":true,"href":"https:\/\/www.europesays.com\/de\/wp-json\/wp\/v2\/users\/2"}],"replies":[{"embeddable":true,"href":"https:\/\/www.europesays.com\/de\/wp-json\/wp\/v2\/comments?post=1094713"}],"version-history":[{"count":0,"href":"https:\/\/www.europesays.com\/de\/wp-json\/wp\/v2\/posts\/1094713\/revisions"}],"wp:featuredmedia":[{"embeddable":true,"href":"https:\/\/www.europesays.com\/de\/wp-json\/wp\/v2\/media\/1094714"}],"wp:attachment":[{"href":"https:\/\/www.europesays.com\/de\/wp-json\/wp\/v2\/media?parent=1094713"}],"wp:term":[{"taxonomy":"category","embeddable":true,"href":"https:\/\/www.europesays.com\/de\/wp-json\/wp\/v2\/categories?post=1094713"},{"taxonomy":"post_tag","embeddable":true,"href":"https:\/\/www.europesays.com\/de\/wp-json\/wp\/v2\/tags?post=1094713"}],"curies":[{"name":"wp","href":"https:\/\/api.w.org\/{rel}","templated":true}]}}