{"id":1094842,"date":"2026-06-14T23:42:15","date_gmt":"2026-06-14T23:42:15","guid":{"rendered":"https:\/\/www.europesays.com\/de\/1094842\/"},"modified":"2026-06-14T23:42:15","modified_gmt":"2026-06-14T23:42:15","slug":"handballfans-feiern-vor-der-koelner-arena","status":"publish","type":"post","link":"https:\/\/www.europesays.com\/de\/1094842\/","title":{"rendered":"Handballfans feiern vor der K\u00f6lner Arena"},"content":{"rendered":"<p class=\"text_ohne_einzug richtext text-em-55 !leading-serif mx-6 desktop:mx-0\"> Traditionell geh\u00f6rt zum Final 4 das gro\u00dfe und bunte Fanfest rund um die Arena. Mit insgesamt 20122 Besuchenden gab es dort einen neuen Zuschauerrekord.<\/p>\n<p class=\"richtext text-em-55 !leading-serif mx-6 desktop:mx-0\">Bereits zum f\u00fcnften Mal ist Heinz K\u00fcppers aus Sprockh\u00f6vel beim Final 4 in K\u00f6ln: \u201eIch habe lange in Berlin gelebt und bin so zum Fan der F\u00fcchse geworden. Die Tickets f\u00fcr das kommende Jahr habe ich schon gekauft. Die Stimmung hier ist einfach gro\u00dfartig. Beim Final 4 kommt man auch mal als Favorit und geht dann Vierter nach Haus. In diesem Jahr hoffe ich es aber, dass es die F\u00fcchse packen und den Pokal holen.\u201c<\/p>\n<p>Anreise aus Lettland, um das d\u00e4nische Team zu unterst\u00fctzen      <\/p>\n<p class=\"text_ohne_einzug richtext text-em-55 !leading-serif mx-6 desktop:mx-0\">Aus dem lettischen Riga sind Mutter und Tochter Sanne und Kaia Dueholm nach K\u00f6ln gereist, um Aalborg anzufeuern: \u201eWir haben eine tolle Saison hinter uns gebracht, nun ist die Hoffnung gro\u00df, dass wir auch beim Final 4 gut abschneiden. Barcelona ist ein wirklich starkes Team, aber wir schaffen es. Vor der Arena gibt es eine tolle, gro\u00dfe Fanzone und auch die Stadt gef\u00e4llt uns\u201c, sagt Sanne.<\/p>\n<p class=\"richtext text-em-55 !leading-serif mx-6 desktop:mx-0\">Bei ihrem Landsmann Thomas Boysen ist das Final 4 auch die Handball-Premiere in K\u00f6ln: \u201eDie Atmosph\u00e4re hier rund um die Arena ist toll und mit Juri Knorr haben wir einen deutschen Nationalspieler in unseren Reihen, der wichtig f\u00fcr unser Team ist. Jetzt hoffen wir, dass wir auch gegen Barcelona im Halbfinale bestehen k\u00f6nnen\u201c, sagt der D\u00e4ne. <\/p>\n<p class=\"richtext text-em-55 !leading-serif mx-6 desktop:mx-0\">Aus Berlin kommen Vater und Sohn Christian und Holger Vo\u00dfbeck: \u201eWir waren schon im Vorjahr hier und haben vor allem die Fans aus Nantes mit ihrer Blaskapelle bewundert, die waren in der Arena und auch in der Stadt sehr pr\u00e4sent. Jetzt hoffen wir, das Halbfinale gegen Magdeburg zu gewinnen, dann w\u00fcrden die Chancen im Finale sehr gut stehen. Berlin hat nach einem schwierigen Start mit dem Trainerwechsel eine tolle Saison hinter sich und konnte neben den zweiten Platz in der Liga auch den DHB-Pokal holen\u201c, erkl\u00e4rt Christian Vo\u00dfbeck. <\/p>\n<p class=\"richtext text-em-55 !leading-serif mx-6 desktop:mx-0\">Bei David und Selina R\u00f6nz aus Magdeburg wurde es im Halbfinale auf der Trib\u00fcne spannend. W\u00e4hrend beim Vater das Herz f\u00fcr Magdeburg schl\u00e4gt, ist die Tochter nach einem Spiel in Berlin F\u00fcchse-Fan. \u201eBeim Spiel sind wir sicher nicht einer Meinung, aber danach wird wieder gemeinsam gefeiert. Wir hoffen jetzt einfach auf ein tolles Spiel im Halbfinale. Und beim Handball sind ja die Fanrivalit\u00e4t nicht so extrem, da kann man auch mal im F\u00fcchse-Trikot durch Magdeburg laufen\u201c, berichtet David R\u00f6nz. <\/p>\n<p class=\"richtext text-em-55 !leading-serif mx-6 desktop:mx-0\">Auch aus Barcelona sind Fans angereist: \u201eWir sind mit 18 Leuten hier und genie\u00dfen sehr die Atmosph\u00e4re an der Arena und die gute Laune bei den Menschen in K\u00f6ln. Die Leute sind hier sehr offen. Jetzt hoffe ich, dass wir das Halbfinale gewinnen und dann im Final den Pokal mit nach Hause nehmen. Noch wichtiger ist es uns aber, gemeinsam Spa\u00df zu haben\u201c, sagen Aina und Ot, die schon zum dritten Mal in K\u00f6ln beim Final 4 dabei sind.<\/p>\n","protected":false},"excerpt":{"rendered":"Traditionell geh\u00f6rt zum Final 4 das gro\u00dfe und bunte Fanfest rund um die Arena. Mit insgesamt 20122 Besuchenden&hellip;\n","protected":false},"author":2,"featured_media":1094843,"comment_status":"","ping_status":"","sticky":false,"template":"","format":"standard","meta":{"footnotes":"","_share_on_mastodon":"0"},"categories":[1828],"tags":[36062,4915,296,29,26501,52303,30,232161,2245,1391,1420,4063,12177,1209,5725],"class_list":["post-1094842","post","type-post","status-publish","format-standard","has-post-thumbnail","category-koeln","tag-arena","tag-barcelona","tag-berlin","tag-deutschland","tag-fanfest","tag-final","tag-germany","tag-halbfinalbegegnungen","tag-halbfinale","tag-handball","tag-koeln","tag-magdeburg","tag-nationalspieler","tag-nordrhein-westfalen","tag-spiel"],"share_on_mastodon":{"url":"https:\/\/pubeurope.com\/@de\/116751115524374318","error":""},"_links":{"self":[{"href":"https:\/\/www.europesays.com\/de\/wp-json\/wp\/v2\/posts\/1094842","targetHints":{"allow":["GET"]}}],"collection":[{"href":"https:\/\/www.europesays.com\/de\/wp-json\/wp\/v2\/posts"}],"about":[{"href":"https:\/\/www.europesays.com\/de\/wp-json\/wp\/v2\/types\/post"}],"author":[{"embeddable":true,"href":"https:\/\/www.europesays.com\/de\/wp-json\/wp\/v2\/users\/2"}],"replies":[{"embeddable":true,"href":"https:\/\/www.europesays.com\/de\/wp-json\/wp\/v2\/comments?post=1094842"}],"version-history":[{"count":0,"href":"https:\/\/www.europesays.com\/de\/wp-json\/wp\/v2\/posts\/1094842\/revisions"}],"wp:featuredmedia":[{"embeddable":true,"href":"https:\/\/www.europesays.com\/de\/wp-json\/wp\/v2\/media\/1094843"}],"wp:attachment":[{"href":"https:\/\/www.europesays.com\/de\/wp-json\/wp\/v2\/media?parent=1094842"}],"wp:term":[{"taxonomy":"category","embeddable":true,"href":"https:\/\/www.europesays.com\/de\/wp-json\/wp\/v2\/categories?post=1094842"},{"taxonomy":"post_tag","embeddable":true,"href":"https:\/\/www.europesays.com\/de\/wp-json\/wp\/v2\/tags?post=1094842"}],"curies":[{"name":"wp","href":"https:\/\/api.w.org\/{rel}","templated":true}]}}