{"id":1094898,"date":"2026-06-15T00:14:16","date_gmt":"2026-06-15T00:14:16","guid":{"rendered":"https:\/\/www.europesays.com\/de\/1094898\/"},"modified":"2026-06-15T00:14:16","modified_gmt":"2026-06-15T00:14:16","slug":"kaarster-feiern-friedlich-schuetzenfest-und-beweisen-sie-koennen-auch-integration","status":"publish","type":"post","link":"https:\/\/www.europesays.com\/de\/1094898\/","title":{"rendered":"Kaarster feiern friedlich Sch\u00fctzenfest und beweisen: Sie k\u00f6nnen auch Integration"},"content":{"rendered":"<p class=\"text_ohne_einzug richtext text-em-55 !leading-serif mx-6 desktop:mx-0\"> Obwohl nicht mal die H\u00e4lfte des Jahres verstrichen ist, ist sich Dirk Andreas sicher: Der vergangene Sonntag war einer der sch\u00f6nsten Tage im Jahr. Denn: Er moderierte die Gro\u00dfe K\u00f6nigsparade, einem der vielen H\u00f6hepunkte des Kaarster Sch\u00fctzenfestes, das am Samstag um 12 Uhr mit B\u00f6llersch\u00fcssen eingel\u00e4utet worden war.<\/p>\n<p class=\"richtext text-em-55 !leading-serif mx-6 desktop:mx-0\">Im 300 Quadratmeter gro\u00dfen Zelt von Rico Wallfass waren zum Auftakt unter anderem die K\u00f6nigsh\u00e4user zusammengekommen. B\u00fcrgermeister Christian Horn-Heinemann trug eine braune Sch\u00fcrze und fackelte nicht lange: Der Fassanstich war eine Sache von Sekunden. Dass starker Wind vorhergesagt war, machte Platzmeister Wallfass nicht nerv\u00f6s: Nach dem verheerenden Sturm vor ein paar Jahren hatte er sein Zelt an den entscheidenden Stellen verst\u00e4rken lassen. Das Wetter sollte aber ohnehin besser werden als erwartet, sodass die 1.650 Sch\u00fctzen und Musiker nicht nass wurden.<\/p>\n<p class=\"richtext text-em-55 !leading-serif mx-6 desktop:mx-0\">Das allein ist es aber nicht, was das <a href=\"https:\/\/rp-online.de\/thema\/schuetzenfest\/\" rel=\"nofollow noopener\" target=\"_blank\">Sch\u00fctzenfest<\/a> zu den sch\u00f6nsten Tagen des Jahres werden l\u00e4sst, sondern es sind die vielen kleinen Geschichten wie diese: Markus Weber, Sch\u00fctzenk\u00f6nig des vergangenen Jahres, hatte w\u00e4hrend seiner Amtszeit den Kontakt zu seiner Tochter, die er seit 19 Jahren nicht mehr gesehen hatte, wiederhergestellt. \u201eWir bleiben jetzt in Kontakt\u201c, erkl\u00e4rte Weber. Eine andere kleine, aber sch\u00f6ne Geschichte stammt von Thomas George, Mitglied bei den \u201eKaarster Prachtjungs\u201c und Abteilungsleiter \u201eBoxen\u201c bei der SG Kaarst: \u201eMittlerweile sind auch Fl\u00fcchtlinge in einigen Z\u00fcgen aufgenommen worden.\u201c Sch\u00fctzenfest kann also auch Integration.<\/p>\n<p class=\"richtext text-em-55 !leading-serif mx-6 desktop:mx-0\">Auch Gesch\u00e4ftsf\u00fchrer Stefan Stamm bezeichnete die Sch\u00fctzen in seiner Ansprache bei der Kranzniederlegung am Ehrenmal als h\u00f6chst angenehme Zeitgenossen, die mitf\u00fchlend seien und denen das Schicksal anderer Menschen nicht egal sei: \u201eUnser Brauchtum geht mit der Zeit.\u201c Die Sch\u00fctzen feierten friedlich und seien f\u00fcr Fremde aufgeschlossen. \u201eHier in unserer Heimat k\u00f6nnen wir jeden Tag etwas Gutes tun\u201c, sagte Stamm.<\/p>\n<p class=\"richtext text-em-55 !leading-serif mx-6 desktop:mx-0\">Von dieser Hilfsbereitschaft profitierte auch Sch\u00fctzenk\u00f6nig Klaus Gehlen: Ihm war ein brachliegendes Grundst\u00fcck an der Maubisstra\u00dfe, nur einen Steinwurf vom Ehrenmal entfernt, zum Aufbau der Residenz zur Verf\u00fcgung gestellt worden. \u201eDie Fl\u00e4che geh\u00f6rt dem Schwiegervater meiner j\u00fcngsten Tochter, er hatte sie mir im vergangenen Jahr sofort angeboten, als ich den Vogel von der Stange geholt hatte\u201c, freute sich Gehlen.<\/p>\n<p class=\"richtext text-em-55 !leading-serif mx-6 desktop:mx-0\">Einen tragenden Job hatte Kevin Bongartz \u00fcbernommen: Er trug den eindrucksvoll gro\u00dfen und \u00fcber 20 Kilogramm schweren Schellenbaum, der in H\u00f6hen bis zu vier Metern getragen wird. \u201eIch muss aufpassen, dass er nicht mit den F\u00e4hnchen in Ber\u00fchrung kommt\u201c, erkl\u00e4rte Bongartz.<\/p>\n<p class=\"richtext text-em-55 !leading-serif mx-6 desktop:mx-0\">Sch\u00fctzenmeister Christian Guder befragte die Wetter-App, die Beruhigendes versprach. Dennoch waren das K\u00f6nigspaar Klaus und Claudia Gehlen, die Ministerpaare Achim und Hedwig Winkler sowie Claus Schiffer mit Andrea Breuer auf Nummer sicher gegangen: Die Damen hatten wei\u00dfe Regenschirme dabei. \u201eDie sollen den Regen vertreiben\u201c, erkl\u00e4rte der Pr\u00e4sident.<\/p>\n<p class=\"richtext text-em-55 !leading-serif mx-6 desktop:mx-0\">Kein Sch\u00fctzenfest ohne Ehrungen: Julian Rittmann hat sich um die Bruderschafts-App gek\u00fcmmert und bekam daf\u00fcr jetzt das Silberne Verdienstkreuz. \u00dcber das St. Sebastianus Ehrenkreuz freuten sich Grenadiermajor Christian Weyen und Dirk Horh\u00e4user, Vorsitzender des J\u00e4gerkorps. Die h\u00f6chste Auszeichnung, das Schulterband zum St. Sebastianus Ehrenkreuz bekam ein Sch\u00fctze, der seit 50 Jahren meist im Hintergrund f\u00fcr die Bruderschaft aktiv ist: Berthold Breuer.<\/p>\n<p class=\"richtext text-em-55 !leading-serif mx-6 desktop:mx-0\">Und so geht es weiter: Der Sch\u00fctzenfest-Montag beginnt um 10.30 Uhr mit dem Fr\u00fchschoppen im Zelt. Abends trifft man sich zum Kr\u00f6nungsball. Vorher, um 17.30 Uhr, gibt es die K\u00f6nigsparade. Am Dienstag um 17 Uhr wird der neue Sch\u00fctzenk\u00f6nig ermittelt. Anschlie\u00dfend wird es einen Vorbeimarsch an den alten und den neuen Majest\u00e4ten geben. Um 20 Uhr wird das alte K\u00f6nigshaus verabschiedet und das neue vorgestellt.<\/p>\n","protected":false},"excerpt":{"rendered":"Obwohl nicht mal die H\u00e4lfte des Jahres verstrichen ist, ist sich Dirk Andreas sicher: Der vergangene Sonntag war&hellip;\n","protected":false},"author":2,"featured_media":1094899,"comment_status":"","ping_status":"","sticky":false,"template":"","format":"standard","meta":{"footnotes":"","_share_on_mastodon":"0"},"categories":[1849],"tags":[18782,3364,29,548,663,3934,82750,30,13,16930,59462,232173,4455,14,15,1209,12,23062,9877,23079,30853,167872,19422,232174,3482],"class_list":["post-1094898","post","type-post","status-publish","format-standard","has-post-thumbnail","category-moenchengladbach","tag-christian","tag-de","tag-deutschland","tag-eu","tag-europa","tag-europe","tag-fassanstich","tag-germany","tag-headlines","tag-kaarst","tag-koenigsparade","tag-kroenungsball","tag-moenchengladbach","tag-nachrichten","tag-news","tag-nordrhein-westfalen","tag-schlagzeilen","tag-schuetze","tag-schuetzen","tag-schuetzenfest","tag-schuetzenkoenig","tag-schuetzenmeister","tag-sekunden","tag-wallfass","tag-zelt"],"share_on_mastodon":{"url":"https:\/\/pubeurope.com\/@de\/116751241580540456","error":""},"_links":{"self":[{"href":"https:\/\/www.europesays.com\/de\/wp-json\/wp\/v2\/posts\/1094898","targetHints":{"allow":["GET"]}}],"collection":[{"href":"https:\/\/www.europesays.com\/de\/wp-json\/wp\/v2\/posts"}],"about":[{"href":"https:\/\/www.europesays.com\/de\/wp-json\/wp\/v2\/types\/post"}],"author":[{"embeddable":true,"href":"https:\/\/www.europesays.com\/de\/wp-json\/wp\/v2\/users\/2"}],"replies":[{"embeddable":true,"href":"https:\/\/www.europesays.com\/de\/wp-json\/wp\/v2\/comments?post=1094898"}],"version-history":[{"count":0,"href":"https:\/\/www.europesays.com\/de\/wp-json\/wp\/v2\/posts\/1094898\/revisions"}],"wp:featuredmedia":[{"embeddable":true,"href":"https:\/\/www.europesays.com\/de\/wp-json\/wp\/v2\/media\/1094899"}],"wp:attachment":[{"href":"https:\/\/www.europesays.com\/de\/wp-json\/wp\/v2\/media?parent=1094898"}],"wp:term":[{"taxonomy":"category","embeddable":true,"href":"https:\/\/www.europesays.com\/de\/wp-json\/wp\/v2\/categories?post=1094898"},{"taxonomy":"post_tag","embeddable":true,"href":"https:\/\/www.europesays.com\/de\/wp-json\/wp\/v2\/tags?post=1094898"}],"curies":[{"name":"wp","href":"https:\/\/api.w.org\/{rel}","templated":true}]}}