{"id":1094902,"date":"2026-06-15T00:16:24","date_gmt":"2026-06-15T00:16:24","guid":{"rendered":"https:\/\/www.europesays.com\/de\/1094902\/"},"modified":"2026-06-15T00:16:24","modified_gmt":"2026-06-15T00:16:24","slug":"bundesliga-frauen-des-jsv-speyer-besiegen-vc-wiesbaden-maenner-unterliegen-tsv-abensberg-judo","status":"publish","type":"post","link":"https:\/\/www.europesays.com\/de\/1094902\/","title":{"rendered":"Bundesliga: Frauen des JSV Speyer besiegen VC Wiesbaden, M\u00e4nner unterliegen TSV Abensberg &#8211; Judo"},"content":{"rendered":"<p class=\"rhp-dpa-teaser\"><b>Der JSV Speyer betritt die Halle gemeinsam und geht doch unterschiedlich raus. Ein Weltmeister tritt auf. Die Frauen erreichen ein Etappenziel.<\/b><\/p>\n<p> Zwei gegens\u00e4tzliche Ergebnisse brachte der Doppelkampftag den Teams des <a class=\"rtr-entity\" data-rtr-entity=\"JSV Speyer\" data-rtr-id=\"221ca2e961d456c037233c4f7fc79c7e6b30a4e5\" data-rtr-score=\"150.99344262295082\" data-rtr-etype=\"organisation\" data-rtr-index=\"23\" href=\"https:\/\/www.rheinpfalz.de\/themen\/jsv-speyer\" rel=\"nofollow noopener\" target=\"_blank\">JSV Speyer<\/a> am Samstag im Judomaxx. Der deutliche 11:3-Sieg der Frauen gegen den <a class=\"rtr-entity\" data-rtr-entity=\"JC Wiesbaden\" data-rtr-id=\"bedc987505a089599ecb5cf01fb874b6b5a91323\" data-rtr-score=\"14.596203623813631\" data-rtr-etype=\"organisation\" data-rtr-index=\"16\" href=\"https:\/\/www.rheinpfalz.de\/themen\/jc-wiesbaden\" rel=\"nofollow noopener\" target=\"_blank\">JC Wiesbaden<\/a> lag allerdings mit Blick auf die Verteilung der Favoritenrollen ebenso im Bereich des Erwartbaren wie die 4:10-Niederlage der M\u00e4nner gegen TSV Abensberg, auch wenn diese sicherlich hofften,  das Ergebnis ein bisschen enger zu gestalten. <\/p>\n<p>Die Chance dazu bestand  gerade im ersten Durchgang, als der Rekordmeister gleich mehrmals enge K\u00e4mpfe f\u00fcr sich entschied, so bereits im ersten Duell des Tages, als Felix B\u00e4chle in einem Marathonduell von mehr als sieben Minuten nur aufgrund von Strafen verlor. Es war bereits ein Vorbote dessen, was die JSV-ler an diesem Tag erwartete. <\/p>\n<p>Topteam Abensberg<\/p>\n<p>Um gegen ein Top-Team wie Abensberg zu gewinnen, muss schon fast alles klappen, und die knappe Niederlage in einem Kampf, in dem ein Sieg im Bereich des M\u00f6glichen lag, war bereits zu Beginn ein schwerer R\u00fcckschlag. Nicht viel besser ging\u2019s weiter. Denn nach einer schnellen Niederlage von Fabian H\u00e4\u00dfner gegen Jaba Papinashvilli gaben sich  zwei weitere Speyerer trotz starker Leistungen geschlagen. <\/p>\n<p>Ex-Weltmeister Mollaei<\/p>\n<p>Pascal Bruckmann wuchs gegen den ehemaligen Weltmeister Saeid Mollaei \u00fcber sich hinaus und lie\u00df phasenweise die leise Hoffnung auf eine Sensation aufkommen. Doch am Ende setzte sich der Routinier durch. Anschlie\u00dfend gab sich Viktor Driller in der Verl\u00e4ngerung geschlagen. Erst dann sorgte Tengo Zirakashvilli f\u00fcr den ersten Speyerer Punkt. <\/p>\n<p>Sein georgischer Landsmann Dimitri Gochilaidze verpasste es allerdings, gleich nachzulegen. Denn nach 7:45 Minuten verlor er.  Pierre Ederer trat  trotz einer Verletzung an und ging gegen Zachary Burt in F\u00fchrung, landete  aber dann auf dem R\u00fccken, um den 1:6-Pausenr\u00fcckstand zu finalisieren. So hie\u00df es im zweiten Durchgang, Schadensbegrenzung betreiben.<\/p>\n<p>B\u00e4chle verk\u00fcrzt<\/p>\n<p>Und immerhin das gelang relativ gut. Felix B\u00e4chle feierte gleich im ersten Kampf  einen Erfolg. Irakli Kupatadze gab  sich jedoch im Duell mit seinem Landsmann Papinashvilli nach sechs spannenden Minuten geschlagen und Yves Touna unterlag nach voller Kampfzeit gegen Lukas Vennekold. Anschlie\u00dfend sorgte Finn Seeger f\u00fcr den wohl gr\u00f6\u00dften Jubel des Tages, als er kurz vor Schluss gegen Burt ausglich und dann in der Verl\u00e4ngerung sogar den Kampf f\u00fcr sich entschied.<\/p>\n<p>Zirakashvilli feierte seinen zweiten Punkt des Tages, um auf 4:8 zu verk\u00fcrzen. Mehr Erfolge gab es nicht. Denn Franz Haettich unterlag nach einem unterhaltsamen und intensiven Kampf gegen Mollaei, und auch Marius K\u00f6lbinger \u00fcberlie\u00df den Punkt. \u201eWir sind mit den Leistungen zufrieden, auch wenn das Ergebnis entt\u00e4uschend ist. Jeder in der Halle hat gesehen, wie eng die K\u00e4mpfen waren, und wenn ein paar der engen Duelle f\u00fcr uns ausgehen, sieht die Sache schon ganz anders aus\u201c, so JSV-Teamchef Michael G\u00f6rgen-Sprau.<\/p>\n<p>Speyer mit Chancen<\/p>\n<p>Trotz der Niederlage hat der JSV weiterhin Chancen auf die Play-off-Teilnahme. Die Speyerer liegen auf Tabellenplatz drei der  Bundesliga S\u00fcd, zwei Punkte hinter dem JC R\u00fcsselsheim und einen Z\u00e4hler hinter dem JC Leipzig, die aber beide jeweils einen Kampf mehr aufweisen  haben als die Domst\u00e4dter. Nach der Sommerpause muss der JSV gegen die letzten beiden Teams der aktuellen Tabelle, Karlsruhe und Offenbach, gewinnen, und hoffen, das Abensberg gegen die anderen Rivalen genauso souver\u00e4n agiert wie am Samstag in <a class=\"rtr-entity\" data-rtr-entity=\"Speyer\" data-rtr-id=\"b5d3359e293ae19c8ddc5ef3d0d0024fca1e3177\" data-rtr-score=\"50.29594477998275\" data-rtr-etype=\"location\" data-rtr-index=\"36\" href=\"http:\/\/rheinpfalz.de\/lokal\/speyer.html\" rel=\"nofollow noopener\" target=\"_blank\">Speyer<\/a>. Dann k\u00f6nnte es f\u00fcr die M\u00e4nner mit dem erneuten Einzug in die Finalrunde klappen.<\/p>\n<p>Bauer weist den Weg<\/p>\n<p>Daf\u00fcr, dass die zahlreichen Speyerer Fans nach dem ungl\u00fccklichen ersten Durchgang der M\u00e4nner doch feierten,  sorgten die JSV-Frauen, die im ersten Teil ihres Kampfes gegen <a class=\"rtr-entity\" data-rtr-entity=\"Wiesbaden\" data-rtr-id=\"69d5fc480fc1fc03846b046ecde7f0a239cedbcb\" data-rtr-score=\"29.176876617773942\" data-rtr-etype=\"location\" data-rtr-index=\"32\" href=\"https:\/\/www.rheinpfalz.de\/themen\/wiesbaden\" rel=\"nofollow noopener\" target=\"_blank\">Wiesbaden<\/a> f\u00fcr die Vorentscheidung sorgten. Bettina Bauer machte den Anfang mit einem schnellen Sieg im Bodenkampf, was umso beeindruckender erschien, weil sie hochgestellt in die Klasse bis 70 Kilogramm k\u00e4mpfte und auf die  international erfahrenen Niederl\u00e4nderin Luna de Kock traf. <\/p>\n<p>Der einzige R\u00fcckschlag war die Niederlage von Amber Gersjes im folgenden Kampf zum zwischenzeitlichen Ausgleich. Doch nachdem Darja Dorowskich die JSV-F\u00fchrung wiederherstellte, blieb diese bestehen. Deb\u00fctantin Nicole Stakhov bescherte sich eine erfolgreiche Premiere im JSV-Team mit einem hart erarbeiteten  Sieg \u00fcber die volle Zeit. <\/p>\n<p>Schnelles Trio<\/p>\n<p>Wesentlich schneller ging es bei Seija Ballhaus, Lea Schmid und Bertille Murphy, die den 6:1-Pausenstand besorgten. Zu Beginn des zweiten Durchgangs gewannen die G\u00e4ste kurz wieder Oberwasser. Denn Geke van den Berg und die zweite Deb\u00fctantin, Emily Plich, zogen den K\u00fcrzeren. Wiesbaden kam auf 3:6 heran. <\/p>\n<p>Dabei blieb es. Denn Darja Dorowskich sowie die Speyerer Eigengew\u00e4chse \u00d6zlem G\u00fclmez, Antonia B\u00fcttner und Corinna Bayer gewannen alle vorzeitig, ebenso wie Bertille Murphy im Abschlusskampf. Besonders hervorzuheben war der Sieg der erst 15-j\u00e4hrigen B\u00fcttner, die ihren ersten Bundesligakampf absolvierte und dabei in der heimischen Halle, in der sie das Judo einst erlernte, gleich einen Traumeinstand feierte.<\/p>\n<p>\u201eWir sind sehr stolz auf diesen Team. Wir k\u00e4mpfen eine super Saison bis jetzt, und wir freuen uns, dass wir immer gut rotieren und vielen verschiedenen K\u00e4mpferinnen Eins\u00e4tze geben k\u00f6nnen. Die Stimmung in der Mannschaft ist klasse. Das war die Stimmung am Samstag in der Halle auch. Wir freuen uns sehr auf die kommenden Aufgaben\u201c, so JSV-Teamchefin Nadine Lautenschl\u00e4ger. Mit diesem Erfolg steht der Einzug der  Speyererinnen  in die Play-offs fest.  Am letzten Kampftag beim Tabellenzweiten Hertha Walheim kommt es zum direkten Duell um Platz eins in der Bundesliga S\u00fcdwest, wobei dem JSV hierf\u00fcr bereits ein Unentschieden reicht. <\/p>\n","protected":false},"excerpt":{"rendered":"Der JSV Speyer betritt die Halle gemeinsam und geht doch unterschiedlich raus. Ein Weltmeister tritt auf. Die Frauen&hellip;\n","protected":false},"author":2,"featured_media":1094903,"comment_status":"","ping_status":"","sticky":false,"template":"","format":"standard","meta":{"footnotes":"","_share_on_mastodon":"0"},"categories":[1847],"tags":[231496,232180,3364,29,548,663,3934,72359,30,13,2052,231495,72356,4060,232175,14,15,232178,232176,12,17303,130204,145188,232177,4544,232179],"class_list":["post-1094902","post","type-post","status-publish","format-standard","has-post-thumbnail","category-wiesbaden","tag-abensberg","tag-bettina-bauer","tag-de","tag-deutschland","tag-eu","tag-europa","tag-europe","tag-felix-baechle","tag-germany","tag-headlines","tag-hessen","tag-jc-wiesbaden","tag-jsv-speyer","tag-lokal","tag-mollaei-pascal-bruckmann","tag-nachrichten","tag-news","tag-pierre-ederer","tag-saeid-mollaei","tag-schlagzeilen","tag-speyer","tag-tsv-abensberg","tag-vc-wiesbaden","tag-viktor-driller","tag-wiesbaden","tag-zachary-burt"],"share_on_mastodon":{"url":"https:\/\/pubeurope.com\/@de\/116751249461896961","error":""},"_links":{"self":[{"href":"https:\/\/www.europesays.com\/de\/wp-json\/wp\/v2\/posts\/1094902","targetHints":{"allow":["GET"]}}],"collection":[{"href":"https:\/\/www.europesays.com\/de\/wp-json\/wp\/v2\/posts"}],"about":[{"href":"https:\/\/www.europesays.com\/de\/wp-json\/wp\/v2\/types\/post"}],"author":[{"embeddable":true,"href":"https:\/\/www.europesays.com\/de\/wp-json\/wp\/v2\/users\/2"}],"replies":[{"embeddable":true,"href":"https:\/\/www.europesays.com\/de\/wp-json\/wp\/v2\/comments?post=1094902"}],"version-history":[{"count":0,"href":"https:\/\/www.europesays.com\/de\/wp-json\/wp\/v2\/posts\/1094902\/revisions"}],"wp:featuredmedia":[{"embeddable":true,"href":"https:\/\/www.europesays.com\/de\/wp-json\/wp\/v2\/media\/1094903"}],"wp:attachment":[{"href":"https:\/\/www.europesays.com\/de\/wp-json\/wp\/v2\/media?parent=1094902"}],"wp:term":[{"taxonomy":"category","embeddable":true,"href":"https:\/\/www.europesays.com\/de\/wp-json\/wp\/v2\/categories?post=1094902"},{"taxonomy":"post_tag","embeddable":true,"href":"https:\/\/www.europesays.com\/de\/wp-json\/wp\/v2\/tags?post=1094902"}],"curies":[{"name":"wp","href":"https:\/\/api.w.org\/{rel}","templated":true}]}}