{"id":1094936,"date":"2026-06-15T00:39:15","date_gmt":"2026-06-15T00:39:15","guid":{"rendered":"https:\/\/www.europesays.com\/de\/1094936\/"},"modified":"2026-06-15T00:39:15","modified_gmt":"2026-06-15T00:39:15","slug":"mueckenschutz-in-europa-tigermuecke-breitet-sich-massiv-aus","status":"publish","type":"post","link":"https:\/\/www.europesays.com\/de\/1094936\/","title":{"rendered":"M\u00fcckenschutz in Europa: Tigerm\u00fccke breitet sich massiv aus"},"content":{"rendered":"<p>W\u00e4hrend die meisten Urlauber Insektenschutz nur mit Tropenreisen verbinden, warnen Fachleute nun vor steigenden Risiken auf dem eigenen Kontinent. Der Schutz vor M\u00fccken wird demnach f\u00fcr Europa-Reisende \u00e4hnlich relevant wie konsequenter Sonnenschutz.<\/p>\n<p>Tigerm\u00fccke erobert Europa<\/p>\n<p>Grund der wachsenden Sorge: Die Asiatische Tigerm\u00fccke (Aedes albopictus) breitet sich in weiten Teilen Europas aus. Die invasive Art \u00fcbertr\u00e4gt Krankheiten wie Dengue-Fieber, Chikungunya und das Zika-Virus. Besonders betroffen sind S\u00fcdeuropa und der Balkan \u2013 namentlich Italien, Frankreich, Spanien, Griechenland, Kroatien und die Balkanstaaten.<\/p>\n<p>Anzeige: Die Tigerm\u00fccke breitet sich in S\u00fcdeuropa massiv aus \u2013 und \u00fcbertr\u00e4gt gef\u00e4hrliche Krankheiten. Wer sich sch\u00fctzen will, braucht die richtigen Wirkstoffe und die korrekte Reihenfolge bei Sonnencreme und M\u00fcckenschutz. <strong><a href=\"https:\/\/www.dnv-media.de\/lp\/report\/tigermuecke-breitet-sich-in-europa-aus-schutz-jetzt-noetig-5043?adref=Blog_DNV:Ex-Article-ID_972906:Topic_senior_health_aging:Source_DNV_Dynamic_LP&amp;lp=5043\" rel=\"noopener nofollow\" style=\"color: #337ab7 !important; font-weight: bold; text-decoration: underline;\" target=\"_blank\">Jetzt kostenlosen M\u00fcckenschutz-Report anfordern<\/a><\/strong><\/p>\n<p>Das Europ\u00e4ische Zentrum f\u00fcr Seuchenpr\u00e4vention (ECDC) warnte bereits 2025 vor Rekordwerten bei m\u00fccken\u00fcbertragenen Krankheiten. Im Fokus standen besonders das West-Nil-Virus und Chikungunya. Auch Deutschland ist betroffen: Das Robert Koch-Institut verzeichnete 2024 insgesamt 26 West-Nil-F\u00e4lle im Inland.<\/p>\n<p>Experte Tomas Jelinek vom Deutschen Fachverband f\u00fcr Reisemedizin (DFR) z\u00e4hlt M\u00fcckenstiche zu den h\u00e4ufigsten Gesundheitsproblemen auf Reisen \u2013 neben Durchfall und Sonnenbrand.<\/p>\n<p>Die richtige Reihenfolge beim Schutz<\/p>\n<p>Mediziner und das Ausw\u00e4rtige Amt empfehlen Repellents mit den Wirkstoffen DEET oder Icaridin. Wer Sonnencreme und M\u00fcckenschutz kombiniert, muss auf die Reihenfolge achten: Zuerst die Sonnencreme auftragen, dann 20 Minuten warten \u2013 erst danach den M\u00fcckenschutz. Nur so bleiben beide Produkte wirksam.<\/p>\n<p>In Regionen mit stehenden Gew\u00e4ssern raten Experten zus\u00e4tzlich zu mechanischem Schutz durch lange Kleidung. Wer nach einer Reise Fieber, Schw\u00e4che, Kopfschmerzen oder Hautver\u00e4nderungen bemerkt, sollte zeitnah einen Arzt aufsuchen.<\/p>\n<p>Impfschutz nicht vergessen<\/p>\n<p>Anzeige: M\u00fcckenstiche sind auf Europa-Reisen l\u00e4ngst nicht mehr harmlos: Dengue, Chikungunya und Zika werden auch hierzulande zur Gefahr. Unser Report zeigt Ihnen, wie Sie mit einfachen Ma\u00dfnahmen Ihr Risiko minimieren \u2013 von der richtigen Kleidung bis zum Impfplan. <strong><a href=\"https:\/\/www.dnv-media.de\/lp\/report\/tigermuecke-breitet-sich-in-europa-aus-schutz-jetzt-noetig-5043?adref=Blog_DNV:Ex-Article-ID_972906:Topic_senior_health_aging:Source_DNV_Dynamic_LP&amp;lp=5043\" rel=\"noopener nofollow\" style=\"color: #337ab7 !important; font-weight: bold; text-decoration: underline;\" target=\"_blank\">Schutz-Guide f\u00fcr Europa-Reisen jetzt sichern<\/a><\/strong><\/p>\n<p>Neben dem M\u00fcckenschutz bleibt die allgemeine Impfvorsorge zentral. Vor jedem Urlaub sollten Reisende ihren Impfstatus gegen Tetanus, Masern und Polio pr\u00fcfen. Die klassische Reiseimpfung f\u00fcr viele Ziele ist Hepatitis A.<\/p>\n<p>In S\u00fcd- und Osteuropa, \u00d6sterreich, der Schweiz und Skandinavien droht zudem FSME \u2013 \u00fcbertragen durch Zecken. F\u00fcr Fernreiseziele wie Guyana gelten strengere Regeln: Dort ist etwa eine Gelbfieber-Impfung bei Einreise aus bestimmten Gebieten Pflicht. Auch Impfungen gegen Typhus, Tollwut und Hepatitis B k\u00f6nnen n\u00f6tig sein.<\/p>\n<p>Die Botschaft ist klar: Klimawandel und eingeschleppte Arten machen die Gesundheitsvorsorge f\u00fcr Europa-Reisende komplexer. Wer sich nicht sch\u00fctzt, geht ein unn\u00f6tiges Risiko ein.<\/p>\n","protected":false},"excerpt":{"rendered":"W\u00e4hrend die meisten Urlauber Insektenschutz nur mit Tropenreisen verbinden, warnen Fachleute nun vor steigenden Risiken auf dem eigenen&hellip;\n","protected":false},"author":2,"featured_media":1094937,"comment_status":"","ping_status":"","sticky":false,"template":"","format":"standard","meta":{"footnotes":"","_share_on_mastodon":"0"},"categories":[3933],"tags":[331,332,33062,548,663,158,3934,3935,5863,13,26591,14,15,1079,12,22954,72519,28073,13412],"class_list":["post-1094936","post","type-post","status-publish","format-standard","has-post-thumbnail","category-eu","tag-aktuelle-nachrichten","tag-aktuelle-news","tag-asiatische","tag-eu","tag-europa","tag-europaeische-union","tag-europe","tag-european-union","tag-experten","tag-headlines","tag-mueckenschutz","tag-nachrichten","tag-news","tag-reisen","tag-schlagzeilen","tag-schutz","tag-suedeuropa","tag-tigermuecke","tag-viren"],"share_on_mastodon":{"url":"https:\/\/pubeurope.com\/@de\/116751339804097710","error":""},"_links":{"self":[{"href":"https:\/\/www.europesays.com\/de\/wp-json\/wp\/v2\/posts\/1094936","targetHints":{"allow":["GET"]}}],"collection":[{"href":"https:\/\/www.europesays.com\/de\/wp-json\/wp\/v2\/posts"}],"about":[{"href":"https:\/\/www.europesays.com\/de\/wp-json\/wp\/v2\/types\/post"}],"author":[{"embeddable":true,"href":"https:\/\/www.europesays.com\/de\/wp-json\/wp\/v2\/users\/2"}],"replies":[{"embeddable":true,"href":"https:\/\/www.europesays.com\/de\/wp-json\/wp\/v2\/comments?post=1094936"}],"version-history":[{"count":0,"href":"https:\/\/www.europesays.com\/de\/wp-json\/wp\/v2\/posts\/1094936\/revisions"}],"wp:featuredmedia":[{"embeddable":true,"href":"https:\/\/www.europesays.com\/de\/wp-json\/wp\/v2\/media\/1094937"}],"wp:attachment":[{"href":"https:\/\/www.europesays.com\/de\/wp-json\/wp\/v2\/media?parent=1094936"}],"wp:term":[{"taxonomy":"category","embeddable":true,"href":"https:\/\/www.europesays.com\/de\/wp-json\/wp\/v2\/categories?post=1094936"},{"taxonomy":"post_tag","embeddable":true,"href":"https:\/\/www.europesays.com\/de\/wp-json\/wp\/v2\/tags?post=1094936"}],"curies":[{"name":"wp","href":"https:\/\/api.w.org\/{rel}","templated":true}]}}