{"id":1094993,"date":"2026-06-15T01:16:16","date_gmt":"2026-06-15T01:16:16","guid":{"rendered":"https:\/\/www.europesays.com\/de\/1094993\/"},"modified":"2026-06-15T01:16:16","modified_gmt":"2026-06-15T01:16:16","slug":"neue-ausbildungsakademie-der-s-bahn-muenchen-das-hat-sie-zu-bieten","status":"publish","type":"post","link":"https:\/\/www.europesays.com\/de\/1094993\/","title":{"rendered":"Neue Ausbildungsakademie der S-Bahn M\u00fcnchen: Das hat sie zu bieten"},"content":{"rendered":"<p class=\"mb-6 text-xs-varying md:text-m lg:text-l font-serif group-[.font-sans]:font-sans \">\n    Drei Fahrsimulatoren, mehrere Unterrichtsr\u00e4ume und Arbeitspl\u00e4tze f\u00fcr 37 Mitarbeitende beherbergt die neu er\u00f6ffnete Ausbildungsakademie f\u00fcr Lokf\u00fchrer und Lokf\u00fchrerinnen der S-Bahn <a href=\"https:\/\/www.augsburger-allgemeine.de\/orte\/aa-muenchen\" target=\"_self\" class=\"underline \" rel=\"nofollow noopener\">M\u00fcnchen<\/a> auf dem Werksgel\u00e4nde in Steinhausen derzeit.\n  <\/p>\n<p>            Wer hier ausgebildet wird<\/p>\n<p class=\"mb-6 text-xs-varying md:text-m lg:text-l font-serif group-[.font-sans]:font-sans \">\n    Rund 100 neue Auszubildende und Quereinsteiger sollen dort j\u00e4hrlich gemeinsam mit rund 800 bestehenden Lokf\u00fchrenden aus- beziehungsweise fortgebildet werden. Neue Mitarbeitende m\u00fcssen eine ein- beziehungsweise dreij\u00e4hrige Ausbildung durchlaufen. Die Fortbildungen sind j\u00e4hrlich angesetzt. Nach Angaben der Deutschen Bahn haben sie dort nun mit mehr als 3000 Quadratmetern Gesamtfl\u00e4che etwa doppelt so viel Platz wie bisher. Zuvor habe man aufgrund von Platzmangel zus\u00e4tzliche Fl\u00e4chen anmieten und Container nutzen m\u00fcssen, hei\u00dft es <a href=\"https:\/\/www.deutschebahn.com\/de\/presse\/presse-regional\/pr-muenchen-de\/aktuell\/presseinformationen\/S-Bahn-eroeffnet-neue-Akademie-fuer-Lokfuehrer-innen-in-Steinhausen--13900424\" rel=\"nofollow noopener\" target=\"_blank\" class=\"underline \">in einer Pressemitteilung der Bahn<\/a>.\n  <\/p>\n<p>            Vorbereitung auf XXL-Bahnen ab 2028<\/p>\n<p class=\"mb-6 text-xs-varying md:text-m lg:text-l font-serif group-[.font-sans]:font-sans \">\n    Die neue Ausbildungsst\u00e4tte ist zugleich Voraussetzung f\u00fcr den <a href=\"https:\/\/www.augsburger-allgemeine.de\/bayern\/s-bahnen-im-xxl-format-bayern-investiert-ueber-zwei-milliarden-10-09-2025-110711207\" target=\"_self\" class=\"underline \" rel=\"nofollow noopener\">Start der neuen XXL-S-Bahnen, die Ende 2028 in Betrieb gehen sollen<\/a>, erkl\u00e4rt S-Bahn-Chef Matthias Glaub. Denn: In eineinhalb Jahren soll dort die Fortbildung aller Lokf\u00fchrenden f\u00fcr die neuen 200 Meter langen Fahrzeuge starten. Zwei R\u00e4ume sind f\u00fcr die Fahrsimulation bestimmt.\n  <\/p>\n<p class=\"mb-6 text-xs-varying md:text-m lg:text-l font-serif group-[.font-sans]:font-sans \">\n    Fahrsimulationen bereiten die Lokf\u00fchrenden auch auf unvorhergesehene Situationen wie Gegenst\u00e4nde auf dem Gleis vor. Das F\u00fchrerpult des Hauptfahrzeugs der S-Bahn ist originalgetreu nachgebaut, berichtete die SZ. Auch eine Lehr-Modellbahnanlage, ein Virtual-Reality-Raum und ein Podcast-Studio, in dem die S-Bahn einen eigenen Ausbildungspodcast f\u00fcr angehende Lokf\u00fchrende produzieren will, finden sich im Geb\u00e4ude.\n  <\/p>\n","protected":false},"excerpt":{"rendered":"Drei Fahrsimulatoren, mehrere Unterrichtsr\u00e4ume und Arbeitspl\u00e4tze f\u00fcr 37 Mitarbeitende beherbergt die neu er\u00f6ffnete Ausbildungsakademie f\u00fcr Lokf\u00fchrer und Lokf\u00fchrerinnen&hellip;\n","protected":false},"author":2,"featured_media":1094994,"comment_status":"","ping_status":"","sticky":false,"template":"","format":"standard","meta":{"footnotes":"","_share_on_mastodon":"0"},"categories":[1827],"tags":[232193,192934,772,2030,29,232192,514,30,232195,232196,1268,170849,232194],"class_list":["post-1094993","post","type-post","status-publish","format-standard","has-post-thumbnail","category-muenchen","tag-ausbildungsakademie","tag-ausbildungsstaette","tag-bayern","tag-deutsche-bahn","tag-deutschland","tag-fahrsimulator","tag-fahrzeug","tag-germany","tag-lokfuehrende","tag-matthias-glaub","tag-muenchen","tag-simulator","tag-steinhausen"],"share_on_mastodon":{"url":"https:\/\/pubeurope.com\/@de\/116751485369112525","error":""},"_links":{"self":[{"href":"https:\/\/www.europesays.com\/de\/wp-json\/wp\/v2\/posts\/1094993","targetHints":{"allow":["GET"]}}],"collection":[{"href":"https:\/\/www.europesays.com\/de\/wp-json\/wp\/v2\/posts"}],"about":[{"href":"https:\/\/www.europesays.com\/de\/wp-json\/wp\/v2\/types\/post"}],"author":[{"embeddable":true,"href":"https:\/\/www.europesays.com\/de\/wp-json\/wp\/v2\/users\/2"}],"replies":[{"embeddable":true,"href":"https:\/\/www.europesays.com\/de\/wp-json\/wp\/v2\/comments?post=1094993"}],"version-history":[{"count":0,"href":"https:\/\/www.europesays.com\/de\/wp-json\/wp\/v2\/posts\/1094993\/revisions"}],"wp:featuredmedia":[{"embeddable":true,"href":"https:\/\/www.europesays.com\/de\/wp-json\/wp\/v2\/media\/1094994"}],"wp:attachment":[{"href":"https:\/\/www.europesays.com\/de\/wp-json\/wp\/v2\/media?parent=1094993"}],"wp:term":[{"taxonomy":"category","embeddable":true,"href":"https:\/\/www.europesays.com\/de\/wp-json\/wp\/v2\/categories?post=1094993"},{"taxonomy":"post_tag","embeddable":true,"href":"https:\/\/www.europesays.com\/de\/wp-json\/wp\/v2\/tags?post=1094993"}],"curies":[{"name":"wp","href":"https:\/\/api.w.org\/{rel}","templated":true}]}}