{"id":1095080,"date":"2026-06-15T02:14:02","date_gmt":"2026-06-15T02:14:02","guid":{"rendered":"https:\/\/www.europesays.com\/de\/1095080\/"},"modified":"2026-06-15T02:14:02","modified_gmt":"2026-06-15T02:14:02","slug":"solarpower-europe-eu-unterschaetzt-erzeugte-strommenge-der-photovoltaik-dachanlagen","status":"publish","type":"post","link":"https:\/\/www.europesays.com\/de\/1095080\/","title":{"rendered":"Solarpower Europe: EU untersch\u00e4tzt erzeugte Strommenge der Photovoltaik-Dachanlagen"},"content":{"rendered":"<p>Solarpower Europe geht davon aus, dass die EU-Beh\u00f6rden und Mitgliedstaaten die von den Photovoltaik-Dachanlagen erzeugte Strommenge falsch einsch\u00e4tzen.<\/p>\n<p>\u201eNach unserer im Solar+-Bericht von Solarpower Europe ver\u00f6ffentlichten Analyse wird die Solarstromerzeugung in den Statistiken der EU und der Mitgliedstaaten systematisch untersch\u00e4tzt\u201c, erkl\u00e4rte Raffaele Rossi, Leiter des Bereichs Market Intelligence bei Solarpower Europe, gegen\u00fcber <strong>pv magazine<\/strong>.<\/p>\n<p>Bis Ende 2025 erreichte die installierte Photovoltaik-Gesamtleistung in der EU voraussichtlich 406 Gigawatt. Auf der Grundlage aggregierter Daten auf L\u00e4nderebene sch\u00e4tzt Solarpower Europe deren Stromerzeugung auf 410 Terawattstunden. Die offiziellen EU-Statistiken der EU weisen jedoch nur 275 Terawattstunden aus, was einer Differenz von mehr als 135 Terawattstunden oder 33 Prozent entspricht.<\/p>\n<p>Fehlende Zahlen zum Eigenverbrauch verzerren Statistik<\/p>\n<p>\u201eEs gibt mehrere Gr\u00fcnde, die dieses Ph\u00e4nomen erkl\u00e4ren\u201c, sagt Rossi. \u201ePhotovoltaik-Dachanlagen m\u00fcssen bei den lokalen Netzbetreibern registriert werden. Doch der Registrierungsprozess erfasst oft nicht alle Anlagen.\u201c Die \u00dcbermittlung der Daten an die nationale Energiestatistik erfolge verz\u00f6gert und unvollst\u00e4ndig.<\/p>\n<p>\u201eZudem erfordert die sehr gro\u00dfe Anzahl dezentraler Photovoltaik-Anlagen, insbesondere im Wohnbereich, die Aggregation von Daten aus Millionen von Anlagen\u201c, erkl\u00e4rt Rossi. Dies k\u00f6nne f\u00fcr lokale Netzbetreiber Herausforderungen bei der Datenverwaltung mit sich bringen, da ihnen oft die Kapazit\u00e4ten fehlen, um solch gro\u00dfe Datenmengen zu verarbeiten.\u201c<\/p>\n<p>Rossi f\u00fcgt hinzu, dass es f\u00fcr Netzbetreiber besonders schwierig sei, den Eigenverbrauch zu messen, da dieser nicht \u00fcber ihre Netze flie\u00dfe. \u201eHerk\u00f6mmliche Stromstatistiken ber\u00fccksichtigen den Eigenverbrauch nicht. Und das, obwohl 80 Prozent der dezentralen Erzeugung in Batterien gespeichert werden\u201c, erkl\u00e4rt der Experte. \u201eZwar k\u00f6nnen intelligente Z\u00e4hler dieses Problem teilweise l\u00f6sen und die Datenverf\u00fcgbarkeit verbessern. Sie liefern jedoch in den meisten F\u00e4llen nur Daten zum Nettoverbrauch und nicht zur gesamten Solarstromerzeugung.\u201c<\/p>\n","protected":false},"excerpt":{"rendered":"Solarpower Europe geht davon aus, dass die EU-Beh\u00f6rden und Mitgliedstaaten die von den Photovoltaik-Dachanlagen erzeugte Strommenge falsch einsch\u00e4tzen.&hellip;\n","protected":false},"author":2,"featured_media":1095081,"comment_status":"","ping_status":"","sticky":false,"template":"","format":"standard","meta":{"footnotes":"","_share_on_mastodon":"0"},"categories":[3933],"tags":[331,332,4552,548,663,158,3934,3935,13,23948,9588,14,15,12],"class_list":["post-1095080","post","type-post","status-publish","format-standard","has-post-thumbnail","category-eu","tag-aktuelle-nachrichten","tag-aktuelle-news","tag-energiepolitik","tag-eu","tag-europa","tag-europaeische-union","tag-europe","tag-european-union","tag-headlines","tag-highlights","tag-markt","tag-nachrichten","tag-news","tag-schlagzeilen"],"share_on_mastodon":{"url":"","error":""},"_links":{"self":[{"href":"https:\/\/www.europesays.com\/de\/wp-json\/wp\/v2\/posts\/1095080","targetHints":{"allow":["GET"]}}],"collection":[{"href":"https:\/\/www.europesays.com\/de\/wp-json\/wp\/v2\/posts"}],"about":[{"href":"https:\/\/www.europesays.com\/de\/wp-json\/wp\/v2\/types\/post"}],"author":[{"embeddable":true,"href":"https:\/\/www.europesays.com\/de\/wp-json\/wp\/v2\/users\/2"}],"replies":[{"embeddable":true,"href":"https:\/\/www.europesays.com\/de\/wp-json\/wp\/v2\/comments?post=1095080"}],"version-history":[{"count":0,"href":"https:\/\/www.europesays.com\/de\/wp-json\/wp\/v2\/posts\/1095080\/revisions"}],"wp:featuredmedia":[{"embeddable":true,"href":"https:\/\/www.europesays.com\/de\/wp-json\/wp\/v2\/media\/1095081"}],"wp:attachment":[{"href":"https:\/\/www.europesays.com\/de\/wp-json\/wp\/v2\/media?parent=1095080"}],"wp:term":[{"taxonomy":"category","embeddable":true,"href":"https:\/\/www.europesays.com\/de\/wp-json\/wp\/v2\/categories?post=1095080"},{"taxonomy":"post_tag","embeddable":true,"href":"https:\/\/www.europesays.com\/de\/wp-json\/wp\/v2\/tags?post=1095080"}],"curies":[{"name":"wp","href":"https:\/\/api.w.org\/{rel}","templated":true}]}}