{"id":1095114,"date":"2026-06-15T02:36:15","date_gmt":"2026-06-15T02:36:15","guid":{"rendered":"https:\/\/www.europesays.com\/de\/1095114\/"},"modified":"2026-06-15T02:36:15","modified_gmt":"2026-06-15T02:36:15","slug":"tatort-essen-in-den-dschihad-gezogen-prozess-um-messerangriffe-startet","status":"publish","type":"post","link":"https:\/\/www.europesays.com\/de\/1095114\/","title":{"rendered":"Tatort Essen: \u00abIn den Dschihad gezogen\u00bb: Prozess um Messerangriffe startet"},"content":{"rendered":"<p class=\"paragraph article__item\">Mit dem Messer in den Heiligen Krieg: Ein Sch\u00fcler eines Berufskollegs soll in Essen islamistisch motivierte Messerattacken ver\u00fcbt haben. Von heute an muss sich der inzwischen 18 Jahre alte Angeklagte im Hochsicherheitstrakt des D\u00fcsseldorfer Oberlandesgerichts verantworten.\u00a0\n<\/p>\n<p>Aktuelles<\/p>\n<p>                <a href=\"https:\/\/www.zeit.de\/gesellschaft\/2026-06\/terroranschlag-bielefeld-urteil-oberlandesgericht-duesseldorf-gxe\" data-ct-label=\"Terroranschlag in Bielefeld: T\u00e4ter nach Messerangriff in Bielefeld zu lebenslanger Haft verurteilt\" data-uuid=\"f5f3897c-aa72-465b-ba1e-4a6cfbff189e\" rel=\"nofollow noopener\" target=\"_blank\"><\/p>\n<p>                        Terroranschlag in Bielefeld:<br \/>\n                        T\u00e4ter nach Messerangriff in Bielefeld zu lebenslanger Haft verurteilt<\/p>\n<p>                <\/a><\/p>\n<p>                <a href=\"https:\/\/www.zeit.de\/gesellschaft\/zeitgeschehen\/2026-05\/angriff-holocaust-mahnmal-berlin-festnahme-helfer-gxe\" data-ct-label=\"Berlin: Weiterer Verd\u00e4chtiger nach Angriff am Holocaust-Mahnmal festgenommen\" data-uuid=\"8b022a6c-ac46-44e5-b2b6-921bdabf4b27\" rel=\"nofollow noopener\" target=\"_blank\"><\/p>\n<p>                        Berlin:<br \/>\n                        Weiterer Verd\u00e4chtiger nach Angriff am Holocaust-Mahnmal festgenommen<\/p>\n<p>                <\/a><\/p>\n<p>                <a href=\"https:\/\/www.zeit.de\/politik\/ausland\/2026-06\/mord-henry-nowak-grossbritannien-polizei-5vor8\" data-ct-label=\"Mord an Henry Nowak: Gesetz und Agenda\" data-uuid=\"f40af693-1eeb-466d-bdc6-cb99669e9ab5\" rel=\"nofollow noopener\" target=\"_blank\"><\/p>\n<p>        Z+ (abopflichtiger Inhalt);<\/p>\n<p>    Mord an Henry Nowak:<br \/>\n                        Gesetz und Agenda<\/p>\n<p>                <\/a><\/p>\n<p class=\"paragraph article__item\">Die <a class=\"rtr-entity\" href=\"https:\/\/www.zeit.de\/thema\/bundesanwaltschaft\" rel=\"nofollow noopener\" target=\"_blank\">Bundesanwaltschaft<\/a> wirft ihm dreifachen versuchten Mord, gef\u00e4hrliche K\u00f6rperverletzung, Widerstand gegen Vollstreckungsbeamte und N\u00f6tigung vor. Der junge Mann soll vor neun Monaten mehrfach auf eine 45-j\u00e4hrige Lehrerin eingestochen haben. Auch einen Hausmeister an einer Grundschule und einen Obdachlosen an einer Bushaltestelle soll der junge Kosovare angegriffen haben.\u00a0\n<\/p>\n<p class=\"paragraph article__item\">Danach habe er noch m\u00f6glichst viele Juden t\u00f6ten wollen, aber keine gefunden, als er zweimal an der Alten Synagoge in Essen erschien und nach ihnen Ausschau gehalten habe.\u00a0\n<\/p>\n<p>            Anklage sieht islamistische Motivation            <\/p>\n<p class=\"paragraph article__item\">Nach Ansicht der Bundesanwaltschaft waren die Taten islamistisch motiviert: Der damals 17-J\u00e4hrige sei als \u00fcberzeugter Islamist gegen vermeintliche Ungl\u00e4ubige in den Dschihad gezogen. Die Angriffe h\u00e4tten sich auch gegen die freiheitliche Gesellschaftsform in Deutschland gerichtet.\u00a0\n<\/p>\n<p class=\"paragraph article__item\">Eine Auswertung von Datentr\u00e4gern hatte nach der Tat Hinweise auf Islamismus als Tatmotiv ergeben. Der Jugendliche soll entsprechende Videos angefertigt haben.\u00a0\n<\/p>\n<p class=\"paragraph article__item\">Um seinen M\u00e4rtyrertod zu provozieren, sei der Verd\u00e4chtige schlie\u00dflich in einem Park in der N\u00e4he des Essener Hauptbahnhofs mit vorgehaltenem Messer auf Polizisten zugelaufen, hei\u00dft es in der Anklage. Durch einen Schuss wurde er gestoppt und im Gesicht verletzt; er musste operiert und auf einer Intensivstation behandelt werden.\u00a0\n<\/p>\n<p class=\"paragraph article__item\">Der Wuppertaler Verteidiger des Angeklagten wollte vor Prozessbeginn keine Stellungnahme zu den Anklagevorw\u00fcrfen abgeben.\u00a0\n<\/p>\n<p class=\"paragraph article__item\">Da der 18-J\u00e4hrige zur Tatzeit Jugendlicher war, wird die \u00d6ffentlichkeit den Prozess vermutlich nur wenige Minuten verfolgen k\u00f6nnen: Gleich zu Beginn soll \u00fcber den Ausschluss von Zuh\u00f6rern entschieden werden. Es gilt als wahrscheinlich, dass die \u00d6ffentlichkeit ausgeschlossen wird. F\u00fcr das Verfahren sind bislang 13 Verhandlungstage bis Anfang September angesetzt.\n<\/p>\n<p class=\"paragraph article__item\">\u00a9 dpa-infocom, dpa:260615-930-223507\/1<\/p>\n","protected":false},"excerpt":{"rendered":"Mit dem Messer in den Heiligen Krieg: Ein Sch\u00fcler eines Berufskollegs soll in Essen islamistisch motivierte Messerattacken ver\u00fcbt&hellip;\n","protected":false},"author":2,"featured_media":1095115,"comment_status":"","ping_status":"","sticky":false,"template":"","format":"standard","meta":{"footnotes":"","_share_on_mastodon":"0"},"categories":[1834],"tags":[36909,18330,3364,29,3688,30,682,2841,2842,15,1209,218,232202],"class_list":["post-1095114","post","type-post","status-publish","format-standard","has-post-thumbnail","category-essen","tag-berufskolleg","tag-bundesanwaltschaft","tag-de","tag-deutschland","tag-essen","tag-germany","tag-koerperverletzung","tag-messerangriff","tag-messerattacke","tag-news","tag-nordrhein-westfalen","tag-tatort","tag-tatort-essen"],"share_on_mastodon":{"url":"https:\/\/pubeurope.com\/@de\/116751799829910959","error":""},"_links":{"self":[{"href":"https:\/\/www.europesays.com\/de\/wp-json\/wp\/v2\/posts\/1095114","targetHints":{"allow":["GET"]}}],"collection":[{"href":"https:\/\/www.europesays.com\/de\/wp-json\/wp\/v2\/posts"}],"about":[{"href":"https:\/\/www.europesays.com\/de\/wp-json\/wp\/v2\/types\/post"}],"author":[{"embeddable":true,"href":"https:\/\/www.europesays.com\/de\/wp-json\/wp\/v2\/users\/2"}],"replies":[{"embeddable":true,"href":"https:\/\/www.europesays.com\/de\/wp-json\/wp\/v2\/comments?post=1095114"}],"version-history":[{"count":0,"href":"https:\/\/www.europesays.com\/de\/wp-json\/wp\/v2\/posts\/1095114\/revisions"}],"wp:featuredmedia":[{"embeddable":true,"href":"https:\/\/www.europesays.com\/de\/wp-json\/wp\/v2\/media\/1095115"}],"wp:attachment":[{"href":"https:\/\/www.europesays.com\/de\/wp-json\/wp\/v2\/media?parent=1095114"}],"wp:term":[{"taxonomy":"category","embeddable":true,"href":"https:\/\/www.europesays.com\/de\/wp-json\/wp\/v2\/categories?post=1095114"},{"taxonomy":"post_tag","embeddable":true,"href":"https:\/\/www.europesays.com\/de\/wp-json\/wp\/v2\/tags?post=1095114"}],"curies":[{"name":"wp","href":"https:\/\/api.w.org\/{rel}","templated":true}]}}