{"id":1095287,"date":"2026-06-15T04:25:15","date_gmt":"2026-06-15T04:25:15","guid":{"rendered":"https:\/\/www.europesays.com\/de\/1095287\/"},"modified":"2026-06-15T04:25:15","modified_gmt":"2026-06-15T04:25:15","slug":"datenleck-bei-stadt-muenchen-das-ist-bekannt","status":"publish","type":"post","link":"https:\/\/www.europesays.com\/de\/1095287\/","title":{"rendered":"Datenleck bei Stadt M\u00fcnchen: Das ist bekannt"},"content":{"rendered":"<p class=\"mb-6 text-xs-varying md:text-m lg:text-l font-serif group-[.font-sans]:font-sans \">\n    Durch ein Datenleck einer Tochtergesellschaft der Stadt <a href=\"https:\/\/www.augsburger-allgemeine.de\/orte\/aa-muenchen\" target=\"_self\" class=\"underline \" rel=\"nofollow noopener\">M\u00fcnchen<\/a> sollen \u00fcber hunderttausend personenbezogene Daten von M\u00fcnchner Sch\u00fclern, Lehrkr\u00e4ften, Schulleitungen sowie Verwaltungs-, Kita- und Besch\u00e4ftigten des Referats f\u00fcr Bildung und Sport (RBS) au\u00dferhalb der LHM Service GmbH (LHM-S) ins Darknet geraten sein. Hinzu kommen Interna der LHM-S selbst. Das geht aus einer Exklusivrecherche der Abendzeitung M\u00fcnchen hervor.\n  <\/p>\n<p>            Tochtergesellschaft unter anderem f\u00fcr Schul-IT zust\u00e4ndig<\/p>\n<p class=\"mb-6 text-xs-varying md:text-m lg:text-l font-serif group-[.font-sans]:font-sans \">\n    Die vollst\u00e4ndigen Datens\u00e4tze seien \u00fcber das Darknet transferiert worden und liegen der Abendzeitung in ihrem Ursprungszustand vor. Die Echtheit habe die Zeitung durch Kontakt zu Betroffenen verifiziert. Ihr liegen nach eigenen Angaben etwa Daten zu Namen, Anschriften, Geburtsdaten, Schulen und Staatsangeh\u00f6rigkeiten vor.\n  <\/p>\n<p class=\"mb-6 text-xs-varying md:text-m lg:text-l font-serif group-[.font-sans]:font-sans \">\n    Die LHM-S ist eine hundertprozentige Tochtergesellschaft der Landeshauptstadt M\u00fcnchen. Sie ist eigenen Angaben zufolge zust\u00e4ndig f\u00fcr die Betreuung der IT von rund 900 Schulen, Sportst\u00e4tten und Kitas.\n  <\/p>\n<p>            Das sagt ein Experte zum Vorfall<\/p>\n<p class=\"mb-6 text-xs-varying md:text-m lg:text-l font-serif group-[.font-sans]:font-sans \">\n    Die Tochtergesellschaft selbst habe sich laut Abendzeitung M\u00fcnchen bislang nicht zur konkreten Einstufung der Best\u00e4nde ge\u00e4u\u00dfert. Eine interne Pr\u00fcfung sei noch in vollem Gange. Es sei Strafanzeige gegen Unbekannt erstattet und die Datenschutzaufsicht informiert worden. Zugleich \u00e4u\u00dferte die LHM-S einen \u201estarken Anfangsverdacht\u201c gegen einen fr\u00fcheren Mitarbeitenden, der, so teilte das Unternehmen der Zeitung mit, an seinem letzten Arbeitstag im Jahr 2024 Daten \u201ein erheblichem Umfang\u201c heruntergeladen und weitergegeben haben k\u00f6nnte.\n  <\/p>\n<p class=\"mb-6 text-xs-varying md:text-m lg:text-l font-serif group-[.font-sans]:font-sans \">\n    Auch M\u00fcnchens OB Dominik Krause \u00e4u\u00dferte sich zu den Vorf\u00e4llen. \u201eSofern es Verst\u00f6\u00dfe gegeben hat, m\u00fcssen diese vollumf\u00e4nglich aufgekl\u00e4rt werden\u201c, sagt dieser zur Abendzeitung. (AZ)\n  <\/p>\n","protected":false},"excerpt":{"rendered":"Durch ein Datenleck einer Tochtergesellschaft der Stadt M\u00fcnchen sollen \u00fcber hunderttausend personenbezogene Daten von M\u00fcnchner Sch\u00fclern, Lehrkr\u00e4ften, Schulleitungen&hellip;\n","protected":false},"author":2,"featured_media":1095288,"comment_status":"","ping_status":"","sticky":false,"template":"","format":"standard","meta":{"footnotes":"","_share_on_mastodon":"0"},"categories":[1827],"tags":[772,3888,1685,29,30,1268,232248,265,8885],"class_list":["post-1095287","post","type-post","status-publish","format-standard","has-post-thumbnail","category-muenchen","tag-bayern","tag-darknet","tag-datenleck","tag-deutschland","tag-germany","tag-muenchen","tag-rbs","tag-sport","tag-tochtergesellschaft"],"share_on_mastodon":{"url":"","error":""},"_links":{"self":[{"href":"https:\/\/www.europesays.com\/de\/wp-json\/wp\/v2\/posts\/1095287","targetHints":{"allow":["GET"]}}],"collection":[{"href":"https:\/\/www.europesays.com\/de\/wp-json\/wp\/v2\/posts"}],"about":[{"href":"https:\/\/www.europesays.com\/de\/wp-json\/wp\/v2\/types\/post"}],"author":[{"embeddable":true,"href":"https:\/\/www.europesays.com\/de\/wp-json\/wp\/v2\/users\/2"}],"replies":[{"embeddable":true,"href":"https:\/\/www.europesays.com\/de\/wp-json\/wp\/v2\/comments?post=1095287"}],"version-history":[{"count":0,"href":"https:\/\/www.europesays.com\/de\/wp-json\/wp\/v2\/posts\/1095287\/revisions"}],"wp:featuredmedia":[{"embeddable":true,"href":"https:\/\/www.europesays.com\/de\/wp-json\/wp\/v2\/media\/1095288"}],"wp:attachment":[{"href":"https:\/\/www.europesays.com\/de\/wp-json\/wp\/v2\/media?parent=1095287"}],"wp:term":[{"taxonomy":"category","embeddable":true,"href":"https:\/\/www.europesays.com\/de\/wp-json\/wp\/v2\/categories?post=1095287"},{"taxonomy":"post_tag","embeddable":true,"href":"https:\/\/www.europesays.com\/de\/wp-json\/wp\/v2\/tags?post=1095287"}],"curies":[{"name":"wp","href":"https:\/\/api.w.org\/{rel}","templated":true}]}}