{"id":1095450,"date":"2026-06-15T06:11:19","date_gmt":"2026-06-15T06:11:19","guid":{"rendered":"https:\/\/www.europesays.com\/de\/1095450\/"},"modified":"2026-06-15T06:11:19","modified_gmt":"2026-06-15T06:11:19","slug":"schlagerstar-michelle-wird-spirituelle-heilerin-eine-ueberzeugung","status":"publish","type":"post","link":"https:\/\/www.europesays.com\/de\/1095450\/","title":{"rendered":"Schlagerstar Michelle wird spirituelle Heilerin: &#8222;Eine \u00dcberzeugung&#8220;"},"content":{"rendered":"<p>Abschied vom Schlager <\/p>\n<p>Michelle legt K\u00fcnstlernamen ab \u2013 und nennt sich &#8222;Wakan&#8220;<\/p>\n<p>Aktualisiert am 15.06.2026 &#8211; 07:38 UhrLesedauer: 2 Min.<\/p>\n<p><a href=\"#focus-0\" class=\"transition-colors block text-current relative\" data-sctrack=\"FocusGalleryImage.Reference\"><img fetchpriority=\"high\" data-testid=\"Opener.Image\"   loading=\"eager\" src=\"https:\/\/www.europesays.com\/de\/wp-content\/uploads\/2026\/06\/die-entscheidung-zum-ende-ihrer-musikkarriere-kam-nicht-von-heute-auf-morgen-archivbild.jpg\" alt=\"Die Entscheidung zum Ende ihrer Musikkarriere kam nicht von heute auf morgen. (Archivbild)\" title=\"Die Entscheidung zum Ende ihrer Musikkarriere kam nicht von heute auf morgen. (Archivbild)\" width=\"800\" height=\"450\" class=\"bg-[url:var(--lqipURL)] bg-cover bg-center flex h-full w-full max-w-full\" style=\"--lqipURL:url('https:\/\/images.t-online.de\/2026\/01\/-BH2KYo-chH6\/0x75:800x450\/fit-in\/150x0\/filters:blur(25)\/die-entscheidung-zum-ende-ihrer-musikkarriere-kam-nicht-von-heute-auf-morgen-archivbild.jpg')\" decoding=\"async\"\/><img loading=\"lazy\" src=\"https:\/\/www.t-online.de\/s\/paper\/_next\/static\/media\/zoom-in.f7dae02f.svg\" alt=\"Vergr\u00f6\u00dfern des Bildes\" title=\"Vergr\u00f6\u00dfern des Bildes\" class=\"block h-[calc(var(--height)_\/_16_*_1rem)] w-[calc(var(--width)_\/_16_*_1rem)] max-w-none absolute right-8 bottom-8 rounded-4 bg-snow p-8\" style=\"--width:32;--height:32\" decoding=\"async\"\/><\/a><\/p>\n<p>Michelle (Archivbild): Die Entscheidung \u00fcber das Ende ihrer Musikkarriere kam nicht von heute auf morgen. (Quelle: Rolf Vennenbernd\/dpa)<\/p>\n<p><img loading=\"lazy\" src=\"https:\/\/www.t-online.de\/s\/paper\/_next\/static\/media\/audio-volume.6689034c.svg\" alt=\"\" title=\"\" class=\"block h-[calc(var(--height)_\/_16_*_1rem)] w-[calc(var(--width)_\/_16_*_1rem)] max-w-none group-hover:brightness-0 group-hover:invert\" style=\"--width:16;--height:16\" decoding=\"async\"\/>Vorlesen<\/p>\n<p>Aktuelle Zeit:0:00Gesamtdauer:0:00<\/p>\n<p>1x<\/p>\n<p class=\"text-center\">Jetzt neu bei t-online:<\/p>\n<p class=\"text-center\">Schriftgr\u00f6\u00dfe anpassen!<\/p>\n<p><img loading=\"lazy\" src=\"https:\/\/www.t-online.de\/s\/paper\/_next\/static\/media\/font-sizes.32942e33.svg\" alt=\"\" title=\"\" class=\"block h-[calc(var(--height)_\/_16_*_1rem)] w-[calc(var(--width)_\/_16_*_1rem)] max-w-none group-hover:hidden group-aria-expanded:hidden\" style=\"--width:16;--height:16\" decoding=\"async\"\/><img loading=\"lazy\" src=\"https:\/\/www.t-online.de\/s\/paper\/_next\/static\/media\/font-sizes-dark-mode.e382645c.svg\" alt=\"\" title=\"\" class=\"block h-[calc(var(--height)_\/_16_*_1rem)] w-[calc(var(--width)_\/_16_*_1rem)] max-w-none hidden group-hover:block group-aria-expanded:block\" style=\"--width:16;--height:16\" decoding=\"async\"\/><img loading=\"lazy\" src=\"https:\/\/www.t-online.de\/s\/paper\/_next\/static\/media\/sharing-menu-icon.1eb71368.svg\" alt=\"\" title=\"\" class=\"block h-[calc(var(--height)_\/_16_*_1rem)] w-[calc(var(--width)_\/_16_*_1rem)] max-w-none group-hover:brightness-0 group-hover:invert\" style=\"--width:16;--height:16\" decoding=\"async\"\/>Artikel teilen<\/p>\n<p class=\"font-bold text-18 leading-17 user-text-lg:text-22 user-text-xl:text-24\">Nach mehr als 30 Jahren verl\u00e4sst S\u00e4ngerin Michelle die B\u00fchne. Nun hat sie konkrete neue Pl\u00e4ne abseits der Musik verk\u00fcndet.<\/p>\n<p class=\"text-18 leading-17 user-text-lg:text-22 user-text-xl:text-24\">Nach ihrer Abschiedstournee und ihrem offiziell letzten Konzert am 15. Februar in <a class=\"transition-colors cursor-pointer text-inherit no-underline text-salemsfur md:hover:text-magenta md:hover:border-magenta md:focus:text-magenta border-current border-b border-solid break-words\" data-tracking=\"{&quot;action&quot;:&quot;click&quot;,&quot;category&quot;:&quot;intextLink&quot;,&quot;label&quot;:&quot;https:\/\/berlin.t-online.de\/region\/berlin\/&quot;}\" href=\"https:\/\/berlin.t-online.de\/region\/berlin\/\" data-sctrack=\"BodyAnchor\" rel=\"nofollow noopener\" target=\"_blank\">Berlin<\/a> verabschiedete sich Schlagers\u00e4ngerin <a class=\"transition-colors cursor-pointer text-inherit no-underline text-salemsfur md:hover:text-magenta md:hover:border-magenta md:focus:text-magenta border-current border-b border-solid break-words\" data-tracking=\"{&quot;action&quot;:&quot;click&quot;,&quot;category&quot;:&quot;intextLink&quot;,&quot;label&quot;:&quot;\/themen\/michelle\/&quot;}\" href=\"https:\/\/www.t-online.de\/themen\/michelle\/\" data-sctrack=\"BodyAnchor\" rel=\"nofollow noopener\" target=\"_blank\">Michelle<\/a> nach mehr als 30 Jahren aus dem Musikgesch\u00e4ft. Ein letzter musikalischer Fernsehauftritt steht noch an: in der ARD-Sendung &#8222;Schlagerbooom&#8220; bei <a class=\"transition-colors cursor-pointer text-inherit no-underline text-salemsfur md:hover:text-magenta md:hover:border-magenta md:focus:text-magenta border-current border-b border-solid break-words\" data-tracking=\"{&quot;action&quot;:&quot;click&quot;,&quot;category&quot;:&quot;intextLink&quot;,&quot;label&quot;:&quot;\/themen\/florian-silbereisen\/&quot;}\" href=\"https:\/\/www.t-online.de\/themen\/florian-silbereisen\/\" data-sctrack=\"BodyAnchor\" rel=\"nofollow noopener\" target=\"_blank\">Florian Silbereisen<\/a> am Samstag, 27. Juni.<\/p>\n<p class=\"text-18 leading-17 user-text-lg:text-22 user-text-xl:text-24\">Danach wolle sie auch ihren K\u00fcnstlernamen ablegen, wie die 54-J\u00e4hrige, die b\u00fcrgerlich Tanja Hewer hei\u00dft, in einem Interview mit der &#8222;Bild&#8220;-Zeitung verriet. &#8222;Mit Michelle ist dann Schluss. Ich bin wieder Tanja&#8220;, sagte sie laut &#8222;Bild&#8220;. Die B\u00fchne, Kost\u00fcme, k\u00fcnstliche Wimpern, Applaus und Show f\u00fchlten sich f\u00fcr sie inzwischen fremd an. Sie habe immer st\u00e4rker gemerkt, dass dies nicht mehr zu dem passe, wer sie heute sei.<\/p>\n<p class=\"text-18 leading-17 user-text-lg:text-22 user-text-xl:text-24\">Vor rund zw\u00f6lf Jahren absolvierte sie eine Heiler-Ausbildung, sp\u00e4ter folgte eine Ausbildung zum Medium. Nun will sie ein neues berufliches Angebot aufbauen. K\u00fcnftig werde sie als spirituelle Heilerin unter dem Namen &#8222;Wakan&#8220; arbeiten. Der Entschluss sei \u00fcber Jahre in ihr gewachsen. &#8222;Das ist nicht nur eine \u00dcberlegung, sondern das ist eine \u00dcberzeugung&#8220;, sagte sie.<\/p>\n<p>Michelle: &#8222;Der richtige Moment&#8220;<\/p>\n<p class=\"text-18 leading-17 user-text-lg:text-22 user-text-xl:text-24\">Zu ihrem Karriere-Aus hatte sie der Nachrichtenagentur dpa bereits vor ihrer Abschiedstournee gesagt, dass es auf gar keinen Fall ein Comeback geben werde. &#8222;Ich bin mir mit jeder Sekunde sicherer, dass es der richtige Moment ist, dieses wichtige Kapitel in meinem Leben abzuschlie\u00dfen und neue Wege zu gehen.&#8220;<\/p>\n<p class=\"text-18 leading-17 user-text-lg:text-22 user-text-xl:text-24\">Auch damals sagte sie schon, sie wolle sich dem Thema Spiritualit\u00e4t widmen. &#8222;Ich sp\u00fcre, es ist jetzt der richtige Zeitpunkt, mich noch mehr mit Menschen zu besch\u00e4ftigen, die in ihrem Leben an einem Punkt stehen und nicht verstehen, warum alles so ist, wie es ist&#8220;, sagte die S\u00e4ngerin. Bisher habe sie \u00fcber die Musik ihren Fans Botschaften &#8222;geschenkt&#8220;, die ihnen das Leben vielleicht leichter gemacht h\u00e4tten. &#8222;Ich bin dankbar, dass ich diesen Start haben durfte. Aber ich wei\u00df, da ist noch mehr. Ja, das reicht mir jetzt einfach nicht mehr&#8220;, sagte Michelle. Menschen noch mehr pers\u00f6nlich begleiten: Das wolle sie nun zur Aufgabe machen.<\/p>\n<p><a href=\"#focus-1\" class=\"transition-colors block text-current relative\" data-sctrack=\"FocusGalleryImage.Reference\"><img   loading=\"lazy\" src=\"https:\/\/www.europesays.com\/de\/wp-content\/uploads\/2026\/06\/michelle-flutlicht-erfurt-editorial-use-only-nur-zur-redaktionellen-nutzung-27-012026-erfurt-messe-e.jpeg\" alt=\"imago images 0846330326\" title=\"imago images 0846330326\" width=\"2945\" height=\"1657\" class=\"h-full w-full max-w-full rounded-8\" decoding=\"async\"\/><img loading=\"lazy\" src=\"https:\/\/www.t-online.de\/s\/paper\/_next\/static\/media\/zoom-in.f7dae02f.svg\" alt=\"Vergr\u00f6\u00dfern des Bildes\" title=\"Vergr\u00f6\u00dfern des Bildes\" class=\"block h-[calc(var(--height)_\/_16_*_1rem)] w-[calc(var(--width)_\/_16_*_1rem)] max-w-none absolute right-8 bottom-8 rounded-4 bg-snow p-8\" style=\"--width:32;--height:32\" decoding=\"async\"\/>Michelle bei ihrer Abschiedstour \u2013 der Schlagerstar will einen anderen Weg einschlagen. (Quelle: IMAGO\/Karina Hessland-Wissel\/imago)<\/a><\/p>\n<p>Ab Juli will die S\u00e4ngerin mit einem Online-Angebot starten<\/p>\n<p class=\"text-18 leading-17 user-text-lg:text-22 user-text-xl:text-24\">Sie erkl\u00e4rte, dass sie Mitte Juli zun\u00e4chst online starten und Einzelsitzungen anbieten wolle, darunter Jenseitskontakte und Heilgespr\u00e4che. &#8222;Ich m\u00f6chte Menschen helfen zu heilen&#8220;, sagte sie der &#8222;Bild&#8220;. &#8222;Nicht mehr nur mit Musik. Sondern direkt. Pers\u00f6nlich. Tiefgehend.&#8220;<\/p>\n<p><img loading=\"lazy\" src=\"https:\/\/www.t-online.de\/s\/paper\/_next\/static\/media\/video-carousel-play.6f25714b.svg\" alt=\"\" title=\"\" class=\"block h-[calc(var(--height)_\/_16_*_1rem)] w-[calc(var(--width)_\/_16_*_1rem)] max-w-none undefined\" style=\"--height:12\" decoding=\"async\"\/><\/p>\n","protected":false},"excerpt":{"rendered":"Abschied vom Schlager Michelle legt K\u00fcnstlernamen ab \u2013 und nennt sich &#8222;Wakan&#8220; Aktualisiert am 15.06.2026 &#8211; 07:38 UhrLesedauer:&hellip;\n","protected":false},"author":2,"featured_media":1095451,"comment_status":"","ping_status":"","sticky":false,"template":"","format":"standard","meta":{"footnotes":"","_share_on_mastodon":"0"},"categories":[1776],"tags":[722,1217,223,296,9492,1801,29,214,17942,30,126845,9089,224967,1802,970,232269,215],"class_list":["post-1095450","post","type-post","status-publish","format-standard","has-post-thumbnail","category-prominente","tag-722","tag-1217","tag-ard","tag-berlin","tag-bild-zeitung","tag-celebrities","tag-deutschland","tag-entertainment","tag-florian-silbereisen","tag-germany","tag-kuenstlernamen","tag-michelle","tag-musikkarriere","tag-prominente","tag-schlager","tag-tanja-hewer","tag-unterhaltung"],"share_on_mastodon":{"url":"https:\/\/pubeurope.com\/@de\/116752647103557536","error":""},"_links":{"self":[{"href":"https:\/\/www.europesays.com\/de\/wp-json\/wp\/v2\/posts\/1095450","targetHints":{"allow":["GET"]}}],"collection":[{"href":"https:\/\/www.europesays.com\/de\/wp-json\/wp\/v2\/posts"}],"about":[{"href":"https:\/\/www.europesays.com\/de\/wp-json\/wp\/v2\/types\/post"}],"author":[{"embeddable":true,"href":"https:\/\/www.europesays.com\/de\/wp-json\/wp\/v2\/users\/2"}],"replies":[{"embeddable":true,"href":"https:\/\/www.europesays.com\/de\/wp-json\/wp\/v2\/comments?post=1095450"}],"version-history":[{"count":0,"href":"https:\/\/www.europesays.com\/de\/wp-json\/wp\/v2\/posts\/1095450\/revisions"}],"wp:featuredmedia":[{"embeddable":true,"href":"https:\/\/www.europesays.com\/de\/wp-json\/wp\/v2\/media\/1095451"}],"wp:attachment":[{"href":"https:\/\/www.europesays.com\/de\/wp-json\/wp\/v2\/media?parent=1095450"}],"wp:term":[{"taxonomy":"category","embeddable":true,"href":"https:\/\/www.europesays.com\/de\/wp-json\/wp\/v2\/categories?post=1095450"},{"taxonomy":"post_tag","embeddable":true,"href":"https:\/\/www.europesays.com\/de\/wp-json\/wp\/v2\/tags?post=1095450"}],"curies":[{"name":"wp","href":"https:\/\/api.w.org\/{rel}","templated":true}]}}