{"id":1095636,"date":"2026-06-15T08:01:14","date_gmt":"2026-06-15T08:01:14","guid":{"rendered":"https:\/\/www.europesays.com\/de\/1095636\/"},"modified":"2026-06-15T08:01:14","modified_gmt":"2026-06-15T08:01:14","slug":"wiesbadener-henkell-freixenet-soll-champagnerhaus-pommery-retten","status":"publish","type":"post","link":"https:\/\/www.europesays.com\/de\/1095636\/","title":{"rendered":"Wiesbadener Henkell Freixenet soll Champagnerhaus Pommery retten"},"content":{"rendered":"<p class=\"paragraph --regular --color\" data-v-ad2bcb75=\"\" data-v-5c4b7507=\"\">Die entscheidende Frage d\u00fcrfte vielmehr sein, wie und auf wessen Kosten der weitere Schuldenabbau bei Pommery erfolgt. Die Franzosen sind zwar b\u00f6rsennotiert, aber etwa 70 Prozent der Anteile h\u00e4lt die Compagnie Vranken, Vorstandschefin ist Nathalie Vranken. Neben den Champagnermarken Vranken, Charles Lafitte, Bissinger und Maison Pompadour werden auch Marken wie Roz\u00e8s, S\u00e3o Pedro (Portwein) und Douro Terras do Grifo (Wein) vertrieben. <\/p>\n","protected":false},"excerpt":{"rendered":"Die entscheidende Frage d\u00fcrfte vielmehr sein, wie und auf wessen Kosten der weitere Schuldenabbau bei Pommery erfolgt. Die&hellip;\n","protected":false},"author":2,"featured_media":1095637,"comment_status":"","ping_status":"","sticky":false,"template":"","format":"standard","meta":{"footnotes":"","_share_on_mastodon":"0"},"categories":[1847],"tags":[16797,16796,16787,16795,16785,3364,29,16786,16784,16783,16791,427,548,663,3934,347,30,16794,16788,13,16790,2052,80,5882,2249,14,15,16789,16793,5661,12,265,16798,7195,16792,4544],"class_list":["post-1095636","post","type-post","status-publish","format-standard","has-post-thumbnail","category-wiesbaden","tag-beerfelden","tag-bensheim","tag-bergstrasse","tag-bickenbach","tag-darmstadt","tag-de","tag-deutschland","tag-dieburg","tag-echo-online","tag-echo-zeitungen","tag-erbach","tag-esa","tag-eu","tag-europa","tag-europe","tag-fussball","tag-germany","tag-gross-bieberau","tag-gross-gerau","tag-headlines","tag-heppenheim","tag-hessen","tag-kultur","tag-lokalsport","tag-meldungen","tag-nachrichten","tag-news","tag-odenwald","tag-pfungstadt","tag-ruesselsheim","tag-schlagzeilen","tag-sport","tag-sv-98","tag-vereine","tag-weiterstadt","tag-wiesbaden"],"share_on_mastodon":{"url":"https:\/\/pubeurope.com\/@de\/116753077706193393","error":""},"_links":{"self":[{"href":"https:\/\/www.europesays.com\/de\/wp-json\/wp\/v2\/posts\/1095636","targetHints":{"allow":["GET"]}}],"collection":[{"href":"https:\/\/www.europesays.com\/de\/wp-json\/wp\/v2\/posts"}],"about":[{"href":"https:\/\/www.europesays.com\/de\/wp-json\/wp\/v2\/types\/post"}],"author":[{"embeddable":true,"href":"https:\/\/www.europesays.com\/de\/wp-json\/wp\/v2\/users\/2"}],"replies":[{"embeddable":true,"href":"https:\/\/www.europesays.com\/de\/wp-json\/wp\/v2\/comments?post=1095636"}],"version-history":[{"count":0,"href":"https:\/\/www.europesays.com\/de\/wp-json\/wp\/v2\/posts\/1095636\/revisions"}],"wp:featuredmedia":[{"embeddable":true,"href":"https:\/\/www.europesays.com\/de\/wp-json\/wp\/v2\/media\/1095637"}],"wp:attachment":[{"href":"https:\/\/www.europesays.com\/de\/wp-json\/wp\/v2\/media?parent=1095636"}],"wp:term":[{"taxonomy":"category","embeddable":true,"href":"https:\/\/www.europesays.com\/de\/wp-json\/wp\/v2\/categories?post=1095636"},{"taxonomy":"post_tag","embeddable":true,"href":"https:\/\/www.europesays.com\/de\/wp-json\/wp\/v2\/tags?post=1095636"}],"curies":[{"name":"wp","href":"https:\/\/api.w.org\/{rel}","templated":true}]}}