{"id":1095675,"date":"2026-06-15T08:24:17","date_gmt":"2026-06-15T08:24:17","guid":{"rendered":"https:\/\/www.europesays.com\/de\/1095675\/"},"modified":"2026-06-15T08:24:17","modified_gmt":"2026-06-15T08:24:17","slug":"rahmenabkommen-im-irankrieg-was-ueber-die-einigung-zwischen-den-usa-und-dem-iran-bekannt-ist","status":"publish","type":"post","link":"https:\/\/www.europesays.com\/de\/1095675\/","title":{"rendered":"Rahmenabkommen im Irankrieg: Was \u00fcber die Einigung zwischen den USA und dem Iran bekannt ist"},"content":{"rendered":"<p class=\"paragraph article__item\">Zahlreiche Staats- und Regierungschefs sowie die Vereinten Nationen begr\u00fc\u00dften das Abkommen. Bundeskanzler Friedrich Merz (CDU) sprach<br \/>\nauf der Plattform X von einem diplomatischen Durchbruch und<br \/>\ngratulierte US-Pr\u00e4sident Donald Trump sowie der iranischen<br \/>\nSeite. \u00bbDas kann den Weg zur \u200cErholung der Weltwirtschaft und<br \/>\nStabilisierung der Region bahnen\u00ab, sagte Merz. Nun gelte es,<br \/>\ndas Vereinbarte \u200czielstrebig umzusetzen.\n<\/p>\n<p>                An dieser Stelle ist ein externer Inhalt eingebunden<\/p>\n<p>Zum Anschauen ben\u00f6tigen wir Ihre Zustimmung<\/p>\n<p>\n                Weiter\n            <\/p>\n<p class=\"paragraph article__item\">Der britische<br \/>\nPremierminister Keir Starmer forderte, die geb\u00fchrenfreie<br \/>\nSchifffahrt in der Stra\u00dfe von Hormus wiederherzustellen. Zudem betonte er, der Iran d\u00fcrfe niemals \u00fcber eine<br \/>\nAtomwaffe \u200bverf\u00fcgen.<\/p>\n<p class=\"paragraph article__item\">Dies bekr\u00e4ftigten auch die Staats- und Regierungschefs der<br \/>\nsogenannten E4-Gruppe, zu der neben Gro\u00dfbritannien und<br \/>\nDeutschland auch Frankreich und Italien geh\u00f6ren. In einer<br \/>\ngemeinsamen Erkl\u00e4rung stellten sie in Aussicht, Sanktionen aufzuheben, sollte der Iran \u00bbklare und<br \/>\n\u00fcberpr\u00fcfbare Schritte\u00ab bei seinem <a class=\"rtr-entity\" href=\"https:\/\/www.zeit.de\/thema\/atomprogramm\" rel=\"nofollow noopener\" target=\"_blank\">Atomprogramm<\/a> unternehmen. Die<br \/>\nsofortige und bedingungslose \u00d6ffnung der Stra\u00dfe von Hormus sei<br \/>\nunerl\u00e4sslich, betonten die L\u00e4nder. Sie erkl\u00e4rten sich bereit, die Wiederaufnahme der Schifffahrt zu unterst\u00fctzen. Das umfasse auch \u00bbeine rein defensiv<br \/>\nausgerichtete, unabh\u00e4ngige Mission, um die Handelsschifffahrt zu<br \/>\nermutigen und Minenr\u00e4umung durchzuf\u00fchren\u00ab.\n<\/p>\n<p class=\"paragraph article__item\">EU-Ratspr\u00e4sident Antonio Costa begr\u00fc\u00dfte die Vereinbarung. Er freue sich auf das Ende \u00bbdieses teuren Krieges\u00ab und die \u00bbWiederherstellung der freuen Durchfahrt der Stra\u00dfe von Hormus\u00ab. Die EU sei bereit, an einer \u00bbumfassenden Strategie f\u00fcr anhaltenden Frieden im Nahen Osten\u00ab mitzuwirken, sagte Costa.\n<\/p>\n<p>                An dieser Stelle ist ein externer Inhalt eingebunden<\/p>\n<p>Zum Anschauen ben\u00f6tigen wir Ihre Zustimmung<\/p>\n<p>\n                Weiter\n            <\/p>\n<p class=\"paragraph article__item\">EU-Kommissionspr\u00e4sidentin Ursula von der Leyen \u00e4u\u00dferte sich \u00e4hnlich und forderte alle Seiten dazu auf, die Vereinbarungen \u00bbz\u00fcgig\u00ab umzusetzen. Von der Leyen stellte aber auch klar, dass es keinen Frieden in der Region geben k\u00f6nne, solange \u00bbder Libanon in Flammen stehe\u00ab.\n<\/p>\n<p>                An dieser Stelle ist ein externer Inhalt eingebunden<\/p>\n<p>Zum Anschauen ben\u00f6tigen wir Ihre Zustimmung<\/p>\n<p>\n                Weiter\n            <\/p>\n<p class=\"paragraph article__item\">Israel hatte den Libanon nach libanesischen Angaben auch am Montagmorgen, nach Bekanntgabe der Einigung, aus der Luft angegriffen. Au\u00dferdem teilte Israel mit, die eroberten Gebiete im Libanon nach dem Kriegsende <a href=\"https:\/\/www.zeit.de\/politik\/ausland\/2026-05\/iran-krieg-donald-trump-hormus-live#event_id=eooEfy5w5n1T7TMTBiRQ\" target=\"_blank\" rel=\"nofollow noopener\">nicht wieder verlassen zu wollen<\/a>.\n<\/p>\n<p class=\"paragraph article__item\">Die EU-Au\u00dfenbeauftragte Kaja Kallas bezeichnete die Vereinbarung als \u00bbm\u00f6glichen Durchbruch\u00ab, der \u00bbdringend ben\u00f6tigen Raum f\u00fcr Verhandlungen \u00fcber das iranische Atomprogramm und andere kritische Punkte\u00ab liefern w\u00fcrde. Die EU werde pr\u00fcfen, wie sie<br \/>\nsich an der n\u00e4chsten Phase beteiligen k\u00f6nne.\n<\/p>\n<p>                An dieser Stelle ist ein externer Inhalt eingebunden<\/p>\n<p>Zum Anschauen ben\u00f6tigen wir Ihre Zustimmung<\/p>\n<p>\n                Weiter\n            <\/p>\n<p class=\"paragraph article__item\">Die Vereinten Nationen (UN)<br \/>\nlobten die Einigung auf eine sofortige und dauerhafte Waffenruhe<br \/>\nebenfalls. Dies sei ein entscheidender Schritt zur friedlichen<br \/>\nBeilegung des Konflikts, teilte das B\u00fcro von UN-Generalsekret\u00e4r<br \/>\nAnt\u00f3nio Guterres mit. \u200bAuch der katarische Ministerpr\u00e4sident<br \/>\nbegr\u00fc\u00dfte das Abkommen. Er hoffe, dass sich alle Parteien in<br \/>\neinem positiven und konstruktiven Geist an den anstehenden<br \/>\nVerhandlungen beteiligten, schrieb er auf X.<\/p>\n","protected":false},"excerpt":{"rendered":"Zahlreiche Staats- und Regierungschefs sowie die Vereinten Nationen begr\u00fc\u00dften das Abkommen. Bundeskanzler Friedrich Merz (CDU) sprach auf der&hellip;\n","protected":false},"author":2,"featured_media":1095676,"comment_status":"","ping_status":"","sticky":false,"template":"","format":"standard","meta":{"footnotes":"","_share_on_mastodon":"0"},"categories":[5],"tags":[331,332,3364,29,106,775,37303,30,13,345,14,15,10670,16,232326,232327,12,293,32318,9976,64],"class_list":["post-1095675","post","type-post","status-publish","format-standard","has-post-thumbnail","category-nachrichten","tag-aktuelle-nachrichten","tag-aktuelle-news","tag-de","tag-deutschland","tag-donald-trump","tag-friedrich-merz","tag-genf","tag-germany","tag-headlines","tag-iran","tag-nachrichten","tag-news","tag-pakistan","tag-politik","tag-rahmenabkommen-im-irankrieg","tag-richard-fontaine","tag-schlagzeilen","tag-schweiz","tag-shehbaz-sharif","tag-teheran","tag-usa"],"share_on_mastodon":{"url":"https:\/\/pubeurope.com\/@de\/116753168365305229","error":""},"_links":{"self":[{"href":"https:\/\/www.europesays.com\/de\/wp-json\/wp\/v2\/posts\/1095675","targetHints":{"allow":["GET"]}}],"collection":[{"href":"https:\/\/www.europesays.com\/de\/wp-json\/wp\/v2\/posts"}],"about":[{"href":"https:\/\/www.europesays.com\/de\/wp-json\/wp\/v2\/types\/post"}],"author":[{"embeddable":true,"href":"https:\/\/www.europesays.com\/de\/wp-json\/wp\/v2\/users\/2"}],"replies":[{"embeddable":true,"href":"https:\/\/www.europesays.com\/de\/wp-json\/wp\/v2\/comments?post=1095675"}],"version-history":[{"count":0,"href":"https:\/\/www.europesays.com\/de\/wp-json\/wp\/v2\/posts\/1095675\/revisions"}],"wp:featuredmedia":[{"embeddable":true,"href":"https:\/\/www.europesays.com\/de\/wp-json\/wp\/v2\/media\/1095676"}],"wp:attachment":[{"href":"https:\/\/www.europesays.com\/de\/wp-json\/wp\/v2\/media?parent=1095675"}],"wp:term":[{"taxonomy":"category","embeddable":true,"href":"https:\/\/www.europesays.com\/de\/wp-json\/wp\/v2\/categories?post=1095675"},{"taxonomy":"post_tag","embeddable":true,"href":"https:\/\/www.europesays.com\/de\/wp-json\/wp\/v2\/tags?post=1095675"}],"curies":[{"name":"wp","href":"https:\/\/api.w.org\/{rel}","templated":true}]}}