{"id":1095768,"date":"2026-06-15T09:20:21","date_gmt":"2026-06-15T09:20:21","guid":{"rendered":"https:\/\/www.europesays.com\/de\/1095768\/"},"modified":"2026-06-15T09:20:21","modified_gmt":"2026-06-15T09:20:21","slug":"kiel-raetselt-ueber-abgestuerzte-fenster-in-sporthallen","status":"publish","type":"post","link":"https:\/\/www.europesays.com\/de\/1095768\/","title":{"rendered":"Kiel r\u00e4tselt \u00fcber abgest\u00fcrzte Fenster in Sporthallen"},"content":{"rendered":"<p>\n                Stand: 15.06.2026 10:43 Uhr<\/p>\n<p>                    <a href=\"https:\/\/www.europesays.com\/de\/wp-content\/uploads\/2026\/06\/sportmilliarde-106.webp\" class=\"zoomimage\" title=\"Bild vergr\u00f6\u00dfern\"><\/p>\n<p>        <img decoding=\"async\" src=\"https:\/\/www.europesays.com\/de\/wp-content\/uploads\/2026\/06\/sportmilliarde-106.webp\" alt=\"Die Sporthalle der Gemeinschaftsschule in Neum\u00fcnster.\" title=\"Bis zum Schulbeginn nach den Sommerferien will die Stadt s\u00e4mtliche Sporthallen \u00fcberpr\u00fcfen (Symbolbild). | Jennifer Bruhn\" class=\"responsive\" loading=\"lazy\"\/><\/p>\n<p>                    <\/a><\/p>\n<p>                    Bis zum Schulbeginn nach den Sommerferien will die Stadt s\u00e4mtliche Sporthallen \u00fcberpr\u00fcfen (Symbolbild).<\/p>\n<p class=\"\">In drei Sporthallen in <a href=\"https:\/\/www.ndr.de\/nachrichten\/schleswig-holstein\/Kiel-Aktuelle-Nachrichten-News-und-Videos,kiel7262.html\" title=\"Kiel - Aktuelle Nachrichten und Videos\" rel=\"nofollow noopener\" target=\"_blank\">Kiel<\/a> sind innerhalb weniger Wochen Fenster abgest\u00fcrzt. Bei einem ersten Vorfall Anfang Mai in der Grundschule Wellsee wurden laut Stadt sogar zwei Kinder verletzt. Die anderen Vorf\u00e4lle ereigneten sich in Meimersdorf, und zuletzt Ende Mai in einer Sporthalle am Bildungszentrum Elmschenhagen. Die H\u00e4ufung gibt der Stadt R\u00e4tsel auf. Laut Stadtsprecherin Kerstin Graupner gibt es bisher keine klare Ursache. Die Sch\u00e4den seien bei normalen Kontrollen vorher nicht erkannt worden.<\/p>\n<p>    Alle Kieler Sporthallen werden \u00fcberpr\u00fcft<\/p>\n<p class=\"\">&#8222;Nach diesen Vorf\u00e4llen sind wir nat\u00fcrlich mit h\u00f6chster Priorit\u00e4t dabei alles noch einmal zu kontrollieren, weil uns die H\u00e4ufung der Vorf\u00e4lle mit Fenstern in Sporthallen sehr beunruhigt und \u00fcberrascht hat&#8220;, sagt Graupner. Ziel ist es demnach, dass nach den Ferien alle rund 60 Hallen wieder sicher genutzt werden k\u00f6nnen. Bis dahin sollen laut Stadt alle kontrolliert werden.<\/p>\n<p>        Schlagw\u00f6rter zu diesem Artikel<\/p>\n<p>            <a href=\"https:\/\/www.ndr.de\/nachrichten\/schleswig-holstein\/Kiel-Aktuelle-Nachrichten-News-und-Videos,kiel7262.html\" rel=\"nofollow noopener\" target=\"_blank\">Kiel<\/a><\/p>\n","protected":false},"excerpt":{"rendered":"Stand: 15.06.2026 10:43 Uhr Bis zum Schulbeginn nach den Sommerferien will die Stadt s\u00e4mtliche Sporthallen \u00fcberpr\u00fcfen (Symbolbild). In&hellip;\n","protected":false},"author":2,"featured_media":1095769,"comment_status":"","ping_status":"","sticky":false,"template":"","format":"standard","meta":{"footnotes":"","_share_on_mastodon":"0"},"categories":[1852],"tags":[3364,29,548,663,3934,20372,30,13,4949,14,15,12,1971,265,9054,7195],"class_list":["post-1095768","post","type-post","status-publish","format-standard","has-post-thumbnail","category-kiel","tag-de","tag-deutschland","tag-eu","tag-europa","tag-europe","tag-fenster","tag-germany","tag-headlines","tag-kiel","tag-nachrichten","tag-news","tag-schlagzeilen","tag-schleswig-holstein","tag-sport","tag-sporthallen","tag-vereine"],"share_on_mastodon":{"url":"https:\/\/pubeurope.com\/@de\/116753389900201480","error":""},"_links":{"self":[{"href":"https:\/\/www.europesays.com\/de\/wp-json\/wp\/v2\/posts\/1095768","targetHints":{"allow":["GET"]}}],"collection":[{"href":"https:\/\/www.europesays.com\/de\/wp-json\/wp\/v2\/posts"}],"about":[{"href":"https:\/\/www.europesays.com\/de\/wp-json\/wp\/v2\/types\/post"}],"author":[{"embeddable":true,"href":"https:\/\/www.europesays.com\/de\/wp-json\/wp\/v2\/users\/2"}],"replies":[{"embeddable":true,"href":"https:\/\/www.europesays.com\/de\/wp-json\/wp\/v2\/comments?post=1095768"}],"version-history":[{"count":0,"href":"https:\/\/www.europesays.com\/de\/wp-json\/wp\/v2\/posts\/1095768\/revisions"}],"wp:featuredmedia":[{"embeddable":true,"href":"https:\/\/www.europesays.com\/de\/wp-json\/wp\/v2\/media\/1095769"}],"wp:attachment":[{"href":"https:\/\/www.europesays.com\/de\/wp-json\/wp\/v2\/media?parent=1095768"}],"wp:term":[{"taxonomy":"category","embeddable":true,"href":"https:\/\/www.europesays.com\/de\/wp-json\/wp\/v2\/categories?post=1095768"},{"taxonomy":"post_tag","embeddable":true,"href":"https:\/\/www.europesays.com\/de\/wp-json\/wp\/v2\/tags?post=1095768"}],"curies":[{"name":"wp","href":"https:\/\/api.w.org\/{rel}","templated":true}]}}